{"id":230380,"date":"2025-11-11T12:43:15","date_gmt":"2025-11-11T12:43:15","guid":{"rendered":"https:\/\/www.europesays.com\/es\/230380\/"},"modified":"2025-11-11T12:43:15","modified_gmt":"2025-11-11T12:43:15","slug":"la-comunidad-de-madrid-concentra-el-85-de-la-inversion-extranjera-en-alta-tecnologia-de-espana","status":"publish","type":"post","link":"https:\/\/www.europesays.com\/es\/230380\/","title":{"rendered":"La Comunidad de Madrid concentra el 85% de la inversi\u00f3n extranjera en alta tecnolog\u00eda de Espa\u00f1a"},"content":{"rendered":"<p>La consejera de Econom\u00eda, Hacienda y Empleo, Roc\u00edo Albert, y de Digitalizaci\u00f3n, Miguel L\u00f3pez-Valverde, han asistido hoy a la inauguraci\u00f3n del Hub Tecnol\u00f3gico de ING en Madrid, que ha contado con la asistencia del alcalde de la capital, Jos\u00e9 Luis Mart\u00ednez Almeida.<\/p>\n<p>Esta infraestructura de la multinacional neerlandesa supone una inversi\u00f3n estrat\u00e9gica de gran relevancia para el entorno financiero y tecnol\u00f3gico de la regi\u00f3n y la consolida como un mercado prioritario para esta entidad.<\/p>\n<p>La Comunidad de Madrid alberga m\u00e1s de 2.100 startups que generan empleo para 21.000 profesionales cualificados. En el \u00e1mbito europeo, ocupa la tercera posici\u00f3n en el desarrollo de aplicaciones y bases de datos, y la cuarta en Inteligencia Artificial y ciberseguridad. El capital humano es otro de sus principales atractivos, ya que casi el 51% de los trabajadores posee un t\u00edtulo universitario, una cifra que supera con creces la media nacional y europea.<\/p>\n<p>El centro de innovaci\u00f3n que inaugura ING es el sexto de estas caracter\u00edsticas que la entidad establece a nivel mundial, tras los ya existentes en Filipinas, Polonia, Ruman\u00eda, Eslovaquia y Turqu\u00eda.\u00a0El hub contar\u00e1 con m\u00e1s de 1.000 empleados en los pr\u00f3ximos cuatro a\u00f1os, especialmente en \u00e1reas clave como la ingenier\u00eda inform\u00e1tica, el an\u00e1lisis de datos y la arquitectura de sistemas. Entre las\u00a0innovaciones que desarrollar\u00e1 destaca la optimizaci\u00f3n de la experiencia del cliente a trav\u00e9s de tecnolog\u00edas avanzadas como la inteligencia artificial generativa y voicebots.<\/p>\n<p>La Comunidad de Madrid ha aprobado 32 rebajas fiscales que han supuesto un ahorro de casi 40.000 millones de euros para los ciudadanos. El Gobierno regional tambi\u00e9n ha simplificado y eliminado m\u00e1s de 500 normas y trabas innecesarias desde 2021, con la intenci\u00f3n de continuar ahondando en esta l\u00ednea a trav\u00e9s de la nueva Ley contra la Hiperregulaci\u00f3n. Asimismo, la regi\u00f3n se ha consolidado como la cuarta plaza financiera europea y ocupa el quinto lugar en la captaci\u00f3n de fondos de capital riesgo.<\/p>\n<p>\u00a0<\/p>\n","protected":false},"excerpt":{"rendered":"La consejera de Econom\u00eda, Hacienda y Empleo, Roc\u00edo Albert, y de Digitalizaci\u00f3n, Miguel L\u00f3pez-Valverde, han asistido hoy a&hellip;\n","protected":false},"author":2,"featured_media":230381,"comment_status":"","ping_status":"","sticky":false,"template":"","format":"standard","meta":{"footnotes":""},"categories":[5],"tags":[17,18,25,24,13,14,11,19,20,9,10,15,16,23,12,21,22],"class_list":{"0":"post-230380","1":"post","2":"type-post","3":"status-publish","4":"format-standard","5":"has-post-thumbnail","7":"category-titulares","8":"tag-breaking-news","9":"tag-breakingnews","10":"tag-es","11":"tag-espana","12":"tag-featured-news","13":"tag-featurednews","14":"tag-headlines","15":"tag-latest-news","16":"tag-latestnews","17":"tag-news","18":"tag-noticias","19":"tag-noticias-destacadas","20":"tag-noticiasdestacadas","21":"tag-spain","22":"tag-titulares","23":"tag-ultimas-noticias","24":"tag-ultimasnoticias"},"share_on_mastodon":{"url":"https:\/\/pubeurope.com\/@es\/115531127383927992","error":""},"_links":{"self":[{"href":"https:\/\/www.europesays.com\/es\/wp-json\/wp\/v2\/posts\/230380","targetHints":{"allow":["GET"]}}],"collection":[{"href":"https:\/\/www.europesays.com\/es\/wp-json\/wp\/v2\/posts"}],"about":[{"href":"https:\/\/www.europesays.com\/es\/wp-json\/wp\/v2\/types\/post"}],"author":[{"embeddable":true,"href":"https:\/\/www.europesays.com\/es\/wp-json\/wp\/v2\/users\/2"}],"replies":[{"embeddable":true,"href":"https:\/\/www.europesays.com\/es\/wp-json\/wp\/v2\/comments?post=230380"}],"version-history":[{"count":0,"href":"https:\/\/www.europesays.com\/es\/wp-json\/wp\/v2\/posts\/230380\/revisions"}],"wp:featuredmedia":[{"embeddable":true,"href":"https:\/\/www.europesays.com\/es\/wp-json\/wp\/v2\/media\/230381"}],"wp:attachment":[{"href":"https:\/\/www.europesays.com\/es\/wp-json\/wp\/v2\/media?parent=230380"}],"wp:term":[{"taxonomy":"category","embeddable":true,"href":"https:\/\/www.europesays.com\/es\/wp-json\/wp\/v2\/categories?post=230380"},{"taxonomy":"post_tag","embeddable":true,"href":"https:\/\/www.europesays.com\/es\/wp-json\/wp\/v2\/tags?post=230380"}],"curies":[{"name":"wp","href":"https:\/\/api.w.org\/{rel}","templated":true}]}}