{"id":230386,"date":"2025-11-11T12:51:09","date_gmt":"2025-11-11T12:51:09","guid":{"rendered":"https:\/\/www.europesays.com\/es\/230386\/"},"modified":"2025-11-11T12:51:09","modified_gmt":"2025-11-11T12:51:09","slug":"el-barca-ya-conoce-las-condiciones-de-xavi-pascual-para-volver","status":"publish","type":"post","link":"https:\/\/www.europesays.com\/es\/230386\/","title":{"rendered":"El Bar\u00e7a ya conoce las condiciones de Xavi Pascual para volver"},"content":{"rendered":"<p data-gtm-element-container=\"modulo-texto-link\" class=\"paragraph\">Finiquitada este domingo la era Pe\u00f1arroya, todo apunta a que en breve arrancar\u00e1 en el Bar\u00e7a la segunda etapa de Xavi Pascual en el banquillo del primer equipo azulgrana. El de Gav\u00e0 es el t\u00e9cnico deseado por el club, est\u00e1 libre y siempre ha dejado abierta la puerta al Bar\u00e7a tras su salida del club hace ya nueve a\u00f1os en 2016. Todo cuadra&#8230; aunque las cosas no son tan sencillas cuando se entra en los detalles.<\/p>\n<p>            <img decoding=\"async\" alt=\"El Bar\u00e7a ya conoce las condiciones de Xavi Pascual para volver\" heigth=\"3000\" width=\"544\" src=\"https:\/\/www.europesays.com\/es\/wp-content\/uploads\/2025\/11\/6884a5517d116.jpeg\" class=\"lazy\"\/><\/p>\n<p>                 Video<\/p>\n<p class=\"caption-title video-caption-title \">Xavi Pascual, que acaba de cerrar una etapa de cinco a\u00f1os en Rusia, explica su experiencia en San Petersburgo y habla por primera vez con detalle de su salida del Bar\u00e7a en 2016<\/p>\n<p>            <video data-source=\"jwplatform\" video-id=\"FV8FhGZG\"\/><\/p>\n<p data-gtm-element-container=\"modulo-texto-link\" class=\"paragraph\">El Bar\u00e7a quiere cerrar el relevo de Pe\u00f1arroya cuanto antes pero una cosa es fichar un parche para acabar de la mejor manera posible la actual temporada y otra bien diferente sentar las bases de un proyecto a medio y largo plazo que permita salir al basket azulgrana de la mediocridad -por decirlo suavemente- en que vive instalado desde la desmembraci\u00f3n del Bar\u00e7a campe\u00f3n de Sarunas Jasikevicius y Nikola Mirotic en el verano de 2023.<\/p>\n<p data-gtm-element-container=\"modulo-texto-link\" class=\"paragraph\">Durante la jornada de ayer ambas partes ya se sentaron a la mesa para poner en com\u00fan la visi\u00f3n de futuro que tiene cada uno y explorar la posibilidad de que sean coincidentes. M\u00e1s all\u00e1 de las cifras del contrato (el t\u00e9cnico no aspira a la millonada que cobraba en Rusia), la gran preocupaci\u00f3n de Pascual pasa por recibir garant\u00edas de que el Bar\u00e7a apostar\u00e1 por un proyecto competitivo a medio plazo y que las limitaciones econ\u00f3micas que se han vivido estas dos \u00faltimas temporadas en el baloncesto  se relajar\u00e1n en un futuro. Desde el club son optimistas en este sentido, pues conf\u00edan que la pr\u00f3xima apertura al p\u00fablico del Spotify Camp Nou permita regresar a la norma del 1:1 y cumplir con el \u2018fair play\u2019 financiero que impone LaLiga, lo que relajar\u00eda las restricciones que pesan actualmente sobre las secciones.<\/p>\n<p>        Lee tambi\u00e9n<\/p>\n<p>    Jos\u00e9 Ignacio Huguet<\/p>\n<p>             <img loading=\"lazy\" decoding=\"async\" data-full-src=\"https:\/\/www.mundodeportivo.com\/uploads\/2009\/11\/24\/60e5b82178ab3.jpeg\" alt=\"Laporta y Pascual, ayer tras la firma\" width=\"334\" height=\"164\" src=\"https:\/\/www.europesays.com\/es\/wp-content\/uploads\/2025\/11\/60e5b82178ab3.r_d.290-174.jpeg\" class=\"lazy\"\/><\/p>\n<p data-gtm-element-container=\"modulo-texto-link\" class=\"paragraph\">Hay que tener en cuenta que el Bar\u00e7a ha reducido unos diez millones de euros la masa salarial de su primer equipo de baloncesto en los \u00faltimos tres a\u00f1os, pasando de los 38,9 millones de la temporada 2022-23 a los 28,7 millones de la actual. Y todo ello mientras en el Real Madrid se ha vivido un proceso completamente opuesto que ha disparado la masa salarial de la plantilla blanca hasta los 49 millones de euros, 20 m\u00e1s que la del Bar\u00e7a.<\/p>\n<p data-gtm-element-container=\"modulo-texto-link\" class=\"paragraph\"><strong>Con poder de decisi\u00f3n<\/strong><\/p>\n<p data-gtm-element-container=\"modulo-texto-link\" class=\"paragraph\">Saber con qu\u00e9 presupuesto se contar\u00e1 es uno de los factores sobre la mesa pero no el \u00fanico. Pascual aspira a tener poder de decisi\u00f3n en la configuraci\u00f3n de la plantilla y a evitar injerencias externas a la direcci\u00f3n deportiva en el proceso de fichajes. Por otro lado, est\u00e1 por ver c\u00f3mo se redise\u00f1ar\u00eda el actual staff t\u00e9cnico pues Pascual siempre ha trabajado codo a codo con su ayudante de siempre,  \u00cd\u00f1igo Zorzano, y aspira a continuar haci\u00e9ndolo en el Bar\u00e7a.<\/p>\n<p data-gtm-element-container=\"modulo-texto-link\" class=\"paragraph\">Tras el primer encuentro de ayer, las partes se han emplazado a continuar las conversaciones hoy y, si es necesario, en los pr\u00f3ximos d\u00edas. En principio, el objetivo del club es que el nuevo t\u00e9cnico se siente ya en el banquillo en el partido de Euroliga del pr\u00f3ximo viernes en el Palau Blaugrana contra el Virtus Bolonia, pero ya est\u00e1 descartado que est\u00e9 en el de ma\u00f1ana en M\u00fanich, donde el Bar\u00e7a ser\u00e1 dirigido por \u00d3scar Orellana.<\/p>\n","protected":false},"excerpt":{"rendered":"Finiquitada este domingo la era Pe\u00f1arroya, todo apunta a que en breve arrancar\u00e1 en el Bar\u00e7a la segunda&hellip;\n","protected":false},"author":2,"featured_media":230387,"comment_status":"","ping_status":"","sticky":false,"template":"","format":"standard","meta":{"footnotes":""},"categories":[269],"tags":[299,298,168,25,24,23,167],"class_list":{"0":"post-230386","1":"post","2":"type-post","3":"status-publish","4":"format-standard","5":"has-post-thumbnail","7":"category-baloncesto","8":"tag-baloncesto","9":"tag-basketball","10":"tag-deportes","11":"tag-es","12":"tag-espana","13":"tag-spain","14":"tag-sports"},"share_on_mastodon":{"url":"https:\/\/pubeurope.com\/@es\/115531159369425417","error":""},"_links":{"self":[{"href":"https:\/\/www.europesays.com\/es\/wp-json\/wp\/v2\/posts\/230386","targetHints":{"allow":["GET"]}}],"collection":[{"href":"https:\/\/www.europesays.com\/es\/wp-json\/wp\/v2\/posts"}],"about":[{"href":"https:\/\/www.europesays.com\/es\/wp-json\/wp\/v2\/types\/post"}],"author":[{"embeddable":true,"href":"https:\/\/www.europesays.com\/es\/wp-json\/wp\/v2\/users\/2"}],"replies":[{"embeddable":true,"href":"https:\/\/www.europesays.com\/es\/wp-json\/wp\/v2\/comments?post=230386"}],"version-history":[{"count":0,"href":"https:\/\/www.europesays.com\/es\/wp-json\/wp\/v2\/posts\/230386\/revisions"}],"wp:featuredmedia":[{"embeddable":true,"href":"https:\/\/www.europesays.com\/es\/wp-json\/wp\/v2\/media\/230387"}],"wp:attachment":[{"href":"https:\/\/www.europesays.com\/es\/wp-json\/wp\/v2\/media?parent=230386"}],"wp:term":[{"taxonomy":"category","embeddable":true,"href":"https:\/\/www.europesays.com\/es\/wp-json\/wp\/v2\/categories?post=230386"},{"taxonomy":"post_tag","embeddable":true,"href":"https:\/\/www.europesays.com\/es\/wp-json\/wp\/v2\/tags?post=230386"}],"curies":[{"name":"wp","href":"https:\/\/api.w.org\/{rel}","templated":true}]}}