{"id":230392,"date":"2025-11-11T12:54:14","date_gmt":"2025-11-11T12:54:14","guid":{"rendered":"https:\/\/www.europesays.com\/es\/230392\/"},"modified":"2025-11-11T12:54:14","modified_gmt":"2025-11-11T12:54:14","slug":"me-encargaron-hacer-una-casa-disfrutona","status":"publish","type":"post","link":"https:\/\/www.europesays.com\/es\/230392\/","title":{"rendered":"Me encargaron hacer una casa disfrutona"},"content":{"rendered":"<p data-journey-content=\"true\" data-node-id=\"2\" class=\"body-dropcap css-z34acw emevuu60\">Sin an\u00e9cdotas, la vida ser\u00eda menos divertida. Para<a href=\"https:\/\/www.elledecor.com\/es\/decoracion\/a36449459\/ideas-experto-decorador-raul-martins\/\" target=\"_blank\" data-vars-ga-outbound-link=\"https:\/\/www.elledecor.com\/es\/decoracion\/a36449459\/ideas-experto-decorador-raul-martins\/\" data-vars-ga-ux-element=\"Hyperlink\" data-vars-ga-call-to-action=\" Ra\u00fal Martins,\" data-node-id=\"2.1\" class=\"body-link css-15fjk10 emevuu60\" rel=\"nofollow noopener\"> Ra\u00fal Martins,<\/a> hablar de la historia de esta casa es contar un relato curioso vivido con la due\u00f1a de este apartamento, situado en el madrile\u00f1o barrio de los Jer\u00f3nimos. Se trata de <strong data-node-id=\"2.3\">un edificio de principios del siglo XX, con fachada protegida y que fue convertido en oficinas en los a\u00f1os 80<\/strong>. \u201cLos propietarios son una pareja de mexicanos que me contactaron por recomendaci\u00f3n de una amiga, y estaban entrevistando a m\u00e1s personas\u201d, indica el interiorista. Tras reunirse por Zoom, fijaron una cita para ver el estado del <a href=\"https:\/\/www.elledecor.com\/es\/decoracion\/a60378348\/reformas-casa-consejos\/\" target=\"_blank\" data-vars-ga-outbound-link=\"https:\/\/www.elledecor.com\/es\/decoracion\/a60378348\/reformas-casa-consejos\/\" data-vars-ga-ux-element=\"Hyperlink\" data-vars-ga-call-to-action=\"piso y plantear la reforma, a demoler por completo\" data-node-id=\"2.5\" class=\"body-link css-15fjk10 emevuu60\" rel=\"nofollow noopener\">piso y plantear la reforma, a demoler por completo<\/a>. Martins les coment\u00f3 que, casualmente, trabajaba en un obra justo al lado. \u201cFue una grata coincidencia porque era la casa de sus suegros. Hab\u00edan o\u00eddo hablar de Ra\u00fal, sin apellido, y no pensaron que se trataba de la misma persona\u201d, a\u00f1ade.<\/p>\n<p data-journey-content=\"true\" data-node-id=\"5\" class=\"css-6wxqfj emevuu60\">Curiosidades aparte, y con las mejores referencias como carta de presentaci\u00f3n, <strong data-node-id=\"5.1\">recibi\u00f3 el encargo de \u201chacer una casa disfrutona\u201d<\/strong>. La pareja, que hab\u00eda vivido en la urbanizaci\u00f3n La Finca, buscaba una segunda residencia en el centro de Madrid. \u201cViven en Dallas y les encanta Espa\u00f1a, adonde vienen por placer y negocio\u201d. La petici\u00f3n era clara: distribuir sus alrededor de <strong data-node-id=\"5.3\">200 m2 en solo dos habitaciones y un gran sal\u00f3n abierto<\/strong> a la calle a trav\u00e9s de cinco balcones. En este espacio quer\u00edan incluir: estar como sala de cine, bar, bodega y cava de puros. Tienen varios hijos en edad universitaria, pero me advirtieron: \u201cEsta casa es para nosotros, para invitar y pasarlo bien\u201d. <\/p>\n<p><img draggable=\"true\" alt=\"casa barrio jeronimos madrid raul martins\" title=\"casa barrio Jeronimos madrid Raul Martins\" loading=\"lazy\" width=\"3754\" height=\"2500\" decoding=\"async\" data-nimg=\"1\" style=\"color:transparent;width:100%;height:auto;\"   src=\"https:\/\/www.europesays.com\/es\/wp-content\/uploads\/2025\/11\/casa-barrio-jeronimos-madrid-raul-martins-salon-entrada-690b27af98e3c.jpg\" class=\"css-0 e1g79fud0\"\/><a target=\"_blank\" rel=\"noopener nofollow\" data-theme-key=\"base-link\" href=\"https:\/\/pinterest.com\/pin\/create\/button\/?url=https:\/\/www.elledecor.com\/es\/casas\/a69260132\/raul-martins-casa-barrio-jeronimos-madrid\/&amp;description=elledecoresp&amp;media=https:\/\/hips.hearstapps.com\/hmg-prod\/images\/casa-barrio-jeronimos-madrid-raul-martins-salon-entrada-690b27af98e3c.jpg?resize=1600:*\" class=\"pinterest css-on9hn5 e1c1bym14\"><img decoding=\"async\" data-dynamic-svg=\"true\" src=\"https:\/\/www.elledecor.com\/_assets\/design-tokens\/fre\/static\/icons\/social\/pinterest.e8cf655.svg?primary=%2523ffffff\" loading=\"lazy\" data-testid=\"dynamic-svg-base\" height=\"auto\" width=\"auto\" alt=\"pinterest\" class=\"css-4lml0h e1mlxuuw1\"\/><\/a>Pablo Sarabia<\/p>\n<p>Luz hasta el hall, con suelo de damero, en m\u00e1rmol Marquina y Carrara; espejo envejecido con metopas centrales y celos\u00eda en hierro, dise\u00f1o del interiorista; y aplique en cristal y lat\u00f3n envejecido. Al fondo, entre los balcones, pareja de cornucopias adquirida en Berenis.<\/p>\n<p><img draggable=\"true\" alt=\"casa barrio jeronimos madrid raul martins\" title=\"casa barrio Jeronimos madrid Raul Martins\" loading=\"lazy\" width=\"2500\" height=\"3745\" decoding=\"async\" data-nimg=\"1\" style=\"color:transparent;width:100%;height:auto;\"   src=\"https:\/\/www.europesays.com\/es\/wp-content\/uploads\/2025\/11\/casa-barrio-jeronimos-madrid-raul-martins-entrada-salon-690b279b55d61.jpg\" class=\"css-0 e1g79fud0\"\/><a target=\"_blank\" rel=\"noopener nofollow\" data-theme-key=\"base-link\" href=\"https:\/\/pinterest.com\/pin\/create\/button\/?url=https:\/\/www.elledecor.com\/es\/casas\/a69260132\/raul-martins-casa-barrio-jeronimos-madrid\/&amp;description=elledecoresp&amp;media=https:\/\/hips.hearstapps.com\/hmg-prod\/images\/casa-barrio-jeronimos-madrid-raul-martins-entrada-salon-690b279b55d61.jpg?resize=1600:*\" class=\"pinterest css-on9hn5 e1c1bym14\"><img decoding=\"async\" data-dynamic-svg=\"true\" src=\"https:\/\/www.elledecor.com\/_assets\/design-tokens\/fre\/static\/icons\/social\/pinterest.e8cf655.svg?primary=%2523ffffff\" loading=\"lazy\" data-testid=\"dynamic-svg-base\" height=\"auto\" width=\"auto\" alt=\"pinterest\" class=\"css-4lml0h e1mlxuuw1\"\/><\/a>Pablo Sarabia<\/p>\n<p>Vista del sal\u00f3n desde la entrada, consof\u00e1 back to back en terciopelo verde, de C\u00e1novas, con pasamaner\u00eda, de Zimmer+Rohde, procedente del estudio; y alfombra, de Alfombras Pe\u00f1a.<\/p>\n<p><img draggable=\"true\" alt=\"casa barrio jeronimos madrid raul martins\" title=\"casa barrio Jeronimos madrid Raul Martins\" loading=\"lazy\" width=\"3748\" height=\"2500\" decoding=\"async\" data-nimg=\"1\" style=\"color:transparent;width:100%;height:auto;\"   src=\"https:\/\/www.europesays.com\/es\/wp-content\/uploads\/2025\/11\/casa-barrio-jeronimos-madrid-raul-martins-chimenea-690b27a72e372.jpg\" class=\"css-0 e1g79fud0\"\/><a target=\"_blank\" rel=\"noopener nofollow\" data-theme-key=\"base-link\" href=\"https:\/\/pinterest.com\/pin\/create\/button\/?url=https:\/\/www.elledecor.com\/es\/casas\/a69260132\/raul-martins-casa-barrio-jeronimos-madrid\/&amp;description=elledecoresp&amp;media=https:\/\/hips.hearstapps.com\/hmg-prod\/images\/casa-barrio-jeronimos-madrid-raul-martins-chimenea-690b27a72e372.jpg?resize=1600:*\" class=\"pinterest css-on9hn5 e1c1bym14\"><img decoding=\"async\" data-dynamic-svg=\"true\" src=\"https:\/\/www.elledecor.com\/_assets\/design-tokens\/fre\/static\/icons\/social\/pinterest.e8cf655.svg?primary=%2523ffffff\" loading=\"lazy\" data-testid=\"dynamic-svg-base\" height=\"auto\" width=\"auto\" alt=\"pinterest\" class=\"css-4lml0h e1mlxuuw1\"\/><\/a>Pablo Sarabia<\/p>\n<p>Butacas a\u00f1os 60, de Eugenio Gerli para Tecno, en L.A. Studio; mesa, de Ra\u00fal Martins; apliques adquiridos en Londres; cuadros de herbarios franceses del s. XIX, en Antig\u00fcedades El Jueves; y alfombra, de Alfombras Pe\u00f1a. Escultura de los due\u00f1os y obra de Aldo Chaparro, en Casado Santapau.<\/p>\n<p><img draggable=\"true\" alt=\"casa barrio jeronimos madrid raul martins\" title=\"casa barrio Jeronimos madrid Raul Martins\" loading=\"lazy\" width=\"3749\" height=\"2500\" decoding=\"async\" data-nimg=\"1\" style=\"color:transparent;width:100%;height:auto;\"   src=\"https:\/\/www.europesays.com\/es\/wp-content\/uploads\/2025\/11\/casa-barrio-jeronimos-madrid-raul-martins-salon-690b27b055e0f.jpg\" class=\"css-0 e1g79fud0\"\/><a target=\"_blank\" rel=\"noopener nofollow\" data-theme-key=\"base-link\" href=\"https:\/\/pinterest.com\/pin\/create\/button\/?url=https:\/\/www.elledecor.com\/es\/casas\/a69260132\/raul-martins-casa-barrio-jeronimos-madrid\/&amp;description=elledecoresp&amp;media=https:\/\/hips.hearstapps.com\/hmg-prod\/images\/casa-barrio-jeronimos-madrid-raul-martins-salon-690b27b055e0f.jpg?resize=1600:*\" class=\"pinterest css-on9hn5 e1c1bym14\"><img decoding=\"async\" data-dynamic-svg=\"true\" src=\"https:\/\/www.elledecor.com\/_assets\/design-tokens\/fre\/static\/icons\/social\/pinterest.e8cf655.svg?primary=%2523ffffff\" loading=\"lazy\" data-testid=\"dynamic-svg-base\" height=\"auto\" width=\"auto\" alt=\"pinterest\" class=\"css-4lml0h e1mlxuuw1\"\/><\/a>Pablo Sarabia<\/p>\n<p>En el sal\u00f3n las tapicer\u00edas en turquesas y tonos arena aportan color sobre un sosegado fondo neutro. La luz natural que procede de tres balcones asomados a la calle principal la tamizan visillos de Casamance y cortinas confeccionadas con tela de Leli\u00e8vre.<\/p>\n<p><img draggable=\"true\" alt=\"casa barrio jeronimos madrid raul martins\" title=\"casa barrio Jeronimos madrid Raul Martins\" loading=\"lazy\" width=\"3791\" height=\"2500\" decoding=\"async\" data-nimg=\"1\" style=\"color:transparent;width:100%;height:auto;\"   src=\"https:\/\/www.europesays.com\/es\/wp-content\/uploads\/2025\/11\/casa-barrio-jeronimos-madrid-raul-martins-salon-2-690b27a797dc5.jpg\" class=\"css-0 e1g79fud0\"\/><a target=\"_blank\" rel=\"noopener nofollow\" data-theme-key=\"base-link\" href=\"https:\/\/pinterest.com\/pin\/create\/button\/?url=https:\/\/www.elledecor.com\/es\/casas\/a69260132\/raul-martins-casa-barrio-jeronimos-madrid\/&amp;description=elledecoresp&amp;media=https:\/\/hips.hearstapps.com\/hmg-prod\/images\/casa-barrio-jeronimos-madrid-raul-martins-salon-2-690b27a797dc5.jpg?resize=1600:*\" class=\"pinterest css-on9hn5 e1c1bym14\"><img decoding=\"async\" data-dynamic-svg=\"true\" src=\"https:\/\/www.elledecor.com\/_assets\/design-tokens\/fre\/static\/icons\/social\/pinterest.e8cf655.svg?primary=%2523ffffff\" loading=\"lazy\" data-testid=\"dynamic-svg-base\" height=\"auto\" width=\"auto\" alt=\"pinterest\" class=\"css-4lml0h e1mlxuuw1\"\/><\/a>Pablo Sarabia<\/p>\n<p>En el sal\u00f3n, sof\u00e1 del estudio y butacas, de Berenis, tapizados con telas de Larsen; mesa de lat\u00f3n y cristal de los due\u00f1os; cortinas con tejido de Leli\u00e8vre y pasamaner\u00eda, de Zimmer+Rohde; visillos con tela de Casamance; l\u00e1mparas en lat\u00f3n y cristal de Murano, de L.A. Studio; cuadro de Aldo Chaparro, comprado en la galer\u00eda Casado Santapau; y alfombra a medida, en lana y bamb\u00fa, de Alfombras Pe\u00f1a.<\/p>\n<p><img draggable=\"true\" alt=\"casa barrio jeronimos madrid raul martins\" title=\"casa barrio Jeronimos madrid Raul Martins\" loading=\"lazy\" width=\"3795\" height=\"2500\" decoding=\"async\" data-nimg=\"1\" style=\"color:transparent;width:100%;height:auto;\"   src=\"https:\/\/www.europesays.com\/es\/wp-content\/uploads\/2025\/11\/casa-barrio-jeronimos-madrid-raul-martins-salon-bar-690b27ae78e54.jpg\" class=\"css-0 e1g79fud0\"\/><a target=\"_blank\" rel=\"noopener nofollow\" data-theme-key=\"base-link\" href=\"https:\/\/pinterest.com\/pin\/create\/button\/?url=https:\/\/www.elledecor.com\/es\/casas\/a69260132\/raul-martins-casa-barrio-jeronimos-madrid\/&amp;description=elledecoresp&amp;media=https:\/\/hips.hearstapps.com\/hmg-prod\/images\/casa-barrio-jeronimos-madrid-raul-martins-salon-bar-690b27ae78e54.jpg?resize=1600:*\" class=\"pinterest css-on9hn5 e1c1bym14\"><img decoding=\"async\" data-dynamic-svg=\"true\" src=\"https:\/\/www.elledecor.com\/_assets\/design-tokens\/fre\/static\/icons\/social\/pinterest.e8cf655.svg?primary=%2523ffffff\" loading=\"lazy\" data-testid=\"dynamic-svg-base\" height=\"auto\" width=\"auto\" alt=\"pinterest\" class=\"css-4lml0h e1mlxuuw1\"\/><\/a>Pablo Sarabia<\/p>\n<p>Una celos\u00eda de hierro del estudio delimita el bar del hall. L\u00e1mparas Cyclops, del estudio; taburetes Manta, de Rugiano; l\u00e1mpara de sobremesa, de L.A. Studio; y pantallas dise\u00f1o de Ra\u00fal Martins, con tela de Manuel Canovas y pasamaner\u00eda, de Zimmer+Rohde.<\/p>\n<p data-journey-content=\"true\" data-node-id=\"13\" class=\"css-6wxqfj emevuu60\">En el proyecto original, la vivienda ten\u00eda cuatro dormitorios. Ahora todo est\u00e1 distribuido muy \u00aba la americana\u00bb, con espacios que se suceden en l\u00ednea. \u201cEl <a href=\"https:\/\/www.elledecor.com\/es\/decoracion\/g65573835\/ideas-aprovechar-vestidores-pequenos-hacer-mas-amplios\/\" target=\"_blank\" data-vars-ga-outbound-link=\"https:\/\/www.elledecor.com\/es\/decoracion\/g65573835\/ideas-aprovechar-vestidores-pequenos-hacer-mas-amplios\/\" data-vars-ga-ux-element=\"Hyperlink\" data-vars-ga-call-to-action=\"dormitorio con vestidor \" data-node-id=\"13.1\" class=\"body-link css-15fjk10 emevuu60\" rel=\"nofollow noopener\">dormitorio con vestidor <\/a>es de grandes dimensiones, al tratarse de una segunda residencia\u201d, se\u00f1ala. En cuanto al estilo decorativo, explica que \u201cse ha devuelto a los espacios el esp\u00edritu de una casa de 1900\u201d. De ah\u00ed la elecci\u00f3n del <strong data-node-id=\"13.3\">suelo de damero blanco y negro<\/strong> y las <a href=\"https:\/\/www.elledecor.com\/es\/decoracion\/g61249595\/molduras-techo-ideas-casa-elegante\/\" target=\"_blank\" data-vars-ga-outbound-link=\"https:\/\/www.elledecor.com\/es\/decoracion\/g61249595\/molduras-techo-ideas-casa-elegante\/\" data-vars-ga-ux-element=\"Hyperlink\" data-vars-ga-call-to-action=\"molduras cl\u00e1sicas\" data-node-id=\"13.5\" class=\"body-link css-15fjk10 emevuu60\" rel=\"nofollow noopener\">molduras cl\u00e1sicas<\/a>, en un intento por \u201crecordar lo que all\u00ed hab\u00eda existido\u201d. Una paleta empolvada, con recursos de color aplicados a trav\u00e9s de tapicer\u00edas y de piezas de arte, se al\u00edan con el uso de piedras muy especiales. \u201cEl concepto es s\u00faper americano y sofisticado: una peque\u00f1a joya, <strong data-node-id=\"13.7\">un traje de alta costura a medida<\/strong>, en el que piedras, maderas, molduras, puertas y celos\u00edas se han probado a escala real. Todo se ha testado con cada uno de los oficios antes de su instalaci\u00f3n\u201d, concluye. <\/p>\n<p><img draggable=\"true\" alt=\"casa barrio jeronimos madrid raul martins\" title=\"casa barrio Jeronimos madrid Raul Martins\" loading=\"lazy\" width=\"3795\" height=\"2500\" decoding=\"async\" data-nimg=\"1\" style=\"color:transparent;width:100%;height:auto;\"   src=\"https:\/\/www.europesays.com\/es\/wp-content\/uploads\/2025\/11\/casa-barrio-jeronimos-madrid-raul-martins-salon-entrada-butaca-690b27a721fca.jpg\" class=\"css-0 e1g79fud0\"\/><a target=\"_blank\" rel=\"noopener nofollow\" data-theme-key=\"base-link\" href=\"https:\/\/pinterest.com\/pin\/create\/button\/?url=https:\/\/www.elledecor.com\/es\/casas\/a69260132\/raul-martins-casa-barrio-jeronimos-madrid\/&amp;description=elledecoresp&amp;media=https:\/\/hips.hearstapps.com\/hmg-prod\/images\/casa-barrio-jeronimos-madrid-raul-martins-salon-entrada-butaca-690b27a721fca.jpg?resize=1600:*\" class=\"pinterest css-on9hn5 e1c1bym14\"><img decoding=\"async\" data-dynamic-svg=\"true\" src=\"https:\/\/www.elledecor.com\/_assets\/design-tokens\/fre\/static\/icons\/social\/pinterest.e8cf655.svg?primary=%2523ffffff\" loading=\"lazy\" data-testid=\"dynamic-svg-base\" height=\"auto\" width=\"auto\" alt=\"pinterest\" class=\"css-4lml0h e1mlxuuw1\"\/><\/a>Pablo Sarabia<\/p>\n<p>Distribuidos en l\u00ednea, desde la zona de chimenea del sal\u00f3n, la vista se prolonga sin interrupciones y de forma arm\u00f3nica hasta la cocina, al fondo, pasando por la entrada principal y con el comedor como estancia de transici\u00f3n. El suelo de damero delimita la zona de recibo y la tarima de madera reviste el resto de estancias.<\/p>\n<p><img draggable=\"true\" alt=\"casa barrio jeronimos madrid raul martins\" title=\"casa barrio Jeronimos madrid Raul Martins\" loading=\"lazy\" width=\"2500\" height=\"3749\" decoding=\"async\" data-nimg=\"1\" style=\"color:transparent;width:100%;height:auto;\"   src=\"https:\/\/www.europesays.com\/es\/wp-content\/uploads\/2025\/11\/casa-barrio-jeronimos-madrid-raul-martins-comedor-cocina-690b27a4667bf.jpg\" class=\"css-0 e1g79fud0\"\/><a target=\"_blank\" rel=\"noopener nofollow\" data-theme-key=\"base-link\" href=\"https:\/\/pinterest.com\/pin\/create\/button\/?url=https:\/\/www.elledecor.com\/es\/casas\/a69260132\/raul-martins-casa-barrio-jeronimos-madrid\/&amp;description=elledecoresp&amp;media=https:\/\/hips.hearstapps.com\/hmg-prod\/images\/casa-barrio-jeronimos-madrid-raul-martins-comedor-cocina-690b27a4667bf.jpg?resize=1600:*\" class=\"pinterest css-on9hn5 e1c1bym14\"><img decoding=\"async\" data-dynamic-svg=\"true\" src=\"https:\/\/www.elledecor.com\/_assets\/design-tokens\/fre\/static\/icons\/social\/pinterest.e8cf655.svg?primary=%2523ffffff\" loading=\"lazy\" data-testid=\"dynamic-svg-base\" height=\"auto\" width=\"auto\" alt=\"pinterest\" class=\"css-4lml0h e1mlxuuw1\"\/><\/a>Pablo Sarabia<\/p>\n<p>Una mampara acristalada con ret\u00edcula de hierro separa la cocina del comedor. Mesa Forest Round, con pie tubular en bronce y tapa de m\u00e1rmol, de Rugiano; silla, de Cattelan y de Portobello; y chandelier, una reinterpretaci\u00f3n del estudio del interiorista.<\/p>\n<p><img draggable=\"true\" alt=\"casa barrio jeronimos madrid raul martins\" title=\"casa barrio Jeronimos madrid Raul Martins\" loading=\"lazy\" width=\"3750\" height=\"2500\" decoding=\"async\" data-nimg=\"1\" style=\"color:transparent;width:100%;height:auto;\"   src=\"https:\/\/www.europesays.com\/es\/wp-content\/uploads\/2025\/11\/casa-barrio-jeronimos-madrid-raul-martins-cerramiento-cocina-azul-690b279b900cc.jpg\" class=\"css-0 e1g79fud0\"\/><a target=\"_blank\" rel=\"noopener nofollow\" data-theme-key=\"base-link\" href=\"https:\/\/pinterest.com\/pin\/create\/button\/?url=https:\/\/www.elledecor.com\/es\/casas\/a69260132\/raul-martins-casa-barrio-jeronimos-madrid\/&amp;description=elledecoresp&amp;media=https:\/\/hips.hearstapps.com\/hmg-prod\/images\/casa-barrio-jeronimos-madrid-raul-martins-cerramiento-cocina-azul-690b279b900cc.jpg?resize=1600:*\" class=\"pinterest css-on9hn5 e1c1bym14\"><img decoding=\"async\" data-dynamic-svg=\"true\" src=\"https:\/\/www.elledecor.com\/_assets\/design-tokens\/fre\/static\/icons\/social\/pinterest.e8cf655.svg?primary=%2523ffffff\" loading=\"lazy\" data-testid=\"dynamic-svg-base\" height=\"auto\" width=\"auto\" alt=\"pinterest\" class=\"css-4lml0h e1mlxuuw1\"\/><\/a>Pablo Sarabia<\/p>\n<p>Dos ligeras puertas correderas separan el comedor de la cocina, con muebles, de Nuvo Cocinas, y revestimientos de las superficies de encimera, frente e isla, de Cosentino. Sobre esta \u00faltima, l\u00e1mpara Nami, de Alberto Saggia y Valerio Sommella que edita la firma Kundalini. Los taburetes tapizados en  piel proceden del estudio del interiorista.<\/p>\n<p><img draggable=\"true\" alt=\"casa barrio jeronimos madrid raul martins\" title=\"casa barrio Jeronimos madrid Raul Martins\" loading=\"lazy\" width=\"2500\" height=\"3749\" decoding=\"async\" data-nimg=\"1\" style=\"color:transparent;width:100%;height:auto;\"   src=\"https:\/\/www.europesays.com\/es\/wp-content\/uploads\/2025\/11\/casa-barrio-jeronimos-madrid-raul-martins-cerramiento-690b279b24b38.jpg\" class=\"css-0 e1g79fud0\"\/><a target=\"_blank\" rel=\"noopener nofollow\" data-theme-key=\"base-link\" href=\"https:\/\/pinterest.com\/pin\/create\/button\/?url=https:\/\/www.elledecor.com\/es\/casas\/a69260132\/raul-martins-casa-barrio-jeronimos-madrid\/&amp;description=elledecoresp&amp;media=https:\/\/hips.hearstapps.com\/hmg-prod\/images\/casa-barrio-jeronimos-madrid-raul-martins-cerramiento-690b279b24b38.jpg?resize=1600:*\" class=\"pinterest css-on9hn5 e1c1bym14\"><img decoding=\"async\" data-dynamic-svg=\"true\" src=\"https:\/\/www.elledecor.com\/_assets\/design-tokens\/fre\/static\/icons\/social\/pinterest.e8cf655.svg?primary=%2523ffffff\" loading=\"lazy\" data-testid=\"dynamic-svg-base\" height=\"auto\" width=\"auto\" alt=\"pinterest\" class=\"css-4lml0h e1mlxuuw1\"\/><\/a><\/p>\n<p>Pablo Sarabia<\/p>\n<p><img draggable=\"true\" alt=\"casa barrio jeronimos madrid raul martins\" title=\"casa barrio Jeronimos madrid Raul Martins\" loading=\"lazy\" width=\"2500\" height=\"3749\" decoding=\"async\" data-nimg=\"1\" style=\"color:transparent;width:100%;height:auto;\"   src=\"https:\/\/www.europesays.com\/es\/wp-content\/uploads\/2025\/11\/casa-barrio-jeronimos-madrid-raul-martins-sala-de-estar-690b27a5c4a36.jpg\" class=\"css-0 e1g79fud0\"\/><a target=\"_blank\" rel=\"noopener nofollow\" data-theme-key=\"base-link\" href=\"https:\/\/pinterest.com\/pin\/create\/button\/?url=https:\/\/www.elledecor.com\/es\/casas\/a69260132\/raul-martins-casa-barrio-jeronimos-madrid\/&amp;description=elledecoresp&amp;media=https:\/\/hips.hearstapps.com\/hmg-prod\/images\/casa-barrio-jeronimos-madrid-raul-martins-sala-de-estar-690b27a5c4a36.jpg?resize=1600:*\" class=\"pinterest css-on9hn5 e1c1bym14\"><img decoding=\"async\" data-dynamic-svg=\"true\" src=\"https:\/\/www.elledecor.com\/_assets\/design-tokens\/fre\/static\/icons\/social\/pinterest.e8cf655.svg?primary=%2523ffffff\" loading=\"lazy\" data-testid=\"dynamic-svg-base\" height=\"auto\" width=\"auto\" alt=\"pinterest\" class=\"css-4lml0h e1mlxuuw1\"\/><\/a>Pablo Sarabia<\/p>\n<p>Contraste de color en la sala de estar, equipada con un sof\u00e1 dise\u00f1ado por Ra\u00fal Martins y tapizado con una tela de Dedar Milano. Los almohadones llevan telas de Leli\u00e8vre y Jim Thompson. <\/p>\n<p><img draggable=\"true\" alt=\"casa barrio jeronimos madrid raul martins\" title=\"casa barrio Jeronimos madrid Raul Martins\" loading=\"lazy\" width=\"2500\" height=\"3749\" decoding=\"async\" data-nimg=\"1\" style=\"color:transparent;width:100%;height:auto;\"   src=\"https:\/\/www.europesays.com\/es\/wp-content\/uploads\/2025\/11\/casa-barrio-jeronimos-madrid-raul-martins-arte-pared-690b279c18773.jpg\" class=\"css-0 e1g79fud0\"\/><a target=\"_blank\" rel=\"noopener nofollow\" data-theme-key=\"base-link\" href=\"https:\/\/pinterest.com\/pin\/create\/button\/?url=https:\/\/www.elledecor.com\/es\/casas\/a69260132\/raul-martins-casa-barrio-jeronimos-madrid\/&amp;description=elledecoresp&amp;media=https:\/\/hips.hearstapps.com\/hmg-prod\/images\/casa-barrio-jeronimos-madrid-raul-martins-arte-pared-690b279c18773.jpg?resize=1600:*\" class=\"pinterest css-on9hn5 e1c1bym14\"><img decoding=\"async\" data-dynamic-svg=\"true\" src=\"https:\/\/www.elledecor.com\/_assets\/design-tokens\/fre\/static\/icons\/social\/pinterest.e8cf655.svg?primary=%2523ffffff\" loading=\"lazy\" data-testid=\"dynamic-svg-base\" height=\"auto\" width=\"auto\" alt=\"pinterest\" class=\"css-4lml0h e1mlxuuw1\"\/><\/a>Pablo Sarabia<\/p>\n<p>El papel pintado, deArte Internacional, reviste tambi\u00e9n la hornacina con una obra de Elena Morales. Aplique New Wave Optic Ambar, del estudio, y alfombra, de Alfombras Pe\u00f1a.<\/p>\n<p><img draggable=\"true\" alt=\"casa barrio jeronimos madrid raul martins\" title=\"casa barrio Jeronimos madrid Raul Martins\" loading=\"lazy\" width=\"3749\" height=\"2500\" decoding=\"async\" data-nimg=\"1\" style=\"color:transparent;width:100%;height:auto;\"   src=\"https:\/\/www.europesays.com\/es\/wp-content\/uploads\/2025\/11\/casa-barrio-jeronimos-madrid-raul-martins-dormitorio-690b279a4b11b.jpg\" class=\"css-0 e1g79fud0\"\/><a target=\"_blank\" rel=\"noopener nofollow\" data-theme-key=\"base-link\" href=\"https:\/\/pinterest.com\/pin\/create\/button\/?url=https:\/\/www.elledecor.com\/es\/casas\/a69260132\/raul-martins-casa-barrio-jeronimos-madrid\/&amp;description=elledecoresp&amp;media=https:\/\/hips.hearstapps.com\/hmg-prod\/images\/casa-barrio-jeronimos-madrid-raul-martins-dormitorio-690b279a4b11b.jpg?resize=1600:*\" class=\"pinterest css-on9hn5 e1c1bym14\"><img decoding=\"async\" data-dynamic-svg=\"true\" src=\"https:\/\/www.elledecor.com\/_assets\/design-tokens\/fre\/static\/icons\/social\/pinterest.e8cf655.svg?primary=%2523ffffff\" loading=\"lazy\" data-testid=\"dynamic-svg-base\" height=\"auto\" width=\"auto\" alt=\"pinterest\" class=\"css-4lml0h e1mlxuuw1\"\/><\/a>Pablo Sarabia<\/p>\n<p>Una escult\u00f3rica l\u00e1mpara de bronce pende sobre la mesilla de roble y espejo del dormitorio. Todo es del estudio y sigue dise\u00f1os del interiorista, autor del cabecero y la cama, tapizados en terciopelo de Leli\u00e8vre. Rulos con tela de Brochier y cortinas con tejido de Casamance y pasamaner\u00eda, de Zimmer+Rohde. En la puerta al sal\u00f3n, herbarios de Antig\u00fcedades El Jueves.<\/p>\n<p><img draggable=\"true\" alt=\"casa barrio jeronimos madrid raul martins\" title=\"casa barrio Jeronimos madrid Raul Martins\" loading=\"lazy\" width=\"2500\" height=\"3749\" decoding=\"async\" data-nimg=\"1\" style=\"color:transparent;width:100%;height:auto;\"   src=\"https:\/\/www.europesays.com\/es\/wp-content\/uploads\/2025\/11\/casa-barrio-jeronimos-madrid-raul-martins-vestidor-690b27b22e894.jpg\" class=\"css-0 e1g79fud0\"\/><a target=\"_blank\" rel=\"noopener nofollow\" data-theme-key=\"base-link\" href=\"https:\/\/pinterest.com\/pin\/create\/button\/?url=https:\/\/www.elledecor.com\/es\/casas\/a69260132\/raul-martins-casa-barrio-jeronimos-madrid\/&amp;description=elledecoresp&amp;media=https:\/\/hips.hearstapps.com\/hmg-prod\/images\/casa-barrio-jeronimos-madrid-raul-martins-vestidor-690b27b22e894.jpg?resize=1600:*\" class=\"pinterest css-on9hn5 e1c1bym14\"><img decoding=\"async\" data-dynamic-svg=\"true\" src=\"https:\/\/www.elledecor.com\/_assets\/design-tokens\/fre\/static\/icons\/social\/pinterest.e8cf655.svg?primary=%2523ffffff\" loading=\"lazy\" data-testid=\"dynamic-svg-base\" height=\"auto\" width=\"auto\" alt=\"pinterest\" class=\"css-4lml0h e1mlxuuw1\"\/><\/a>Pablo Sarabia<\/p>\n<p>Ba\u00f1o, vestidor y tocador del dormitorio con suelo en m\u00e1rmol Macael veteado; papel decorativo, de Casamance; l\u00e1mparasde lat\u00f3n y cristal italiano del estudio; y sill\u00f3n Love Seat, de Rugiano.<\/p>\n<p><img draggable=\"true\" alt=\"casa barrio jeronimos madrid raul martins\" title=\"casa barrio Jeronimos madrid Raul Martins\" loading=\"lazy\" width=\"2500\" height=\"3749\" decoding=\"async\" data-nimg=\"1\" style=\"color:transparent;width:100%;height:auto;\"   src=\"https:\/\/www.europesays.com\/es\/wp-content\/uploads\/2025\/11\/casa-barrio-jeronimos-madrid-raul-martins-tocador-690b27b216b87.jpg\" class=\"css-0 e1g79fud0\"\/><a target=\"_blank\" rel=\"noopener nofollow\" data-theme-key=\"base-link\" href=\"https:\/\/pinterest.com\/pin\/create\/button\/?url=https:\/\/www.elledecor.com\/es\/casas\/a69260132\/raul-martins-casa-barrio-jeronimos-madrid\/&amp;description=elledecoresp&amp;media=https:\/\/hips.hearstapps.com\/hmg-prod\/images\/casa-barrio-jeronimos-madrid-raul-martins-tocador-690b27b216b87.jpg?resize=1600:*\" class=\"pinterest css-on9hn5 e1c1bym14\"><img decoding=\"async\" data-dynamic-svg=\"true\" src=\"https:\/\/www.elledecor.com\/_assets\/design-tokens\/fre\/static\/icons\/social\/pinterest.e8cf655.svg?primary=%2523ffffff\" loading=\"lazy\" data-testid=\"dynamic-svg-base\" height=\"auto\" width=\"auto\" alt=\"pinterest\" class=\"css-4lml0h e1mlxuuw1\"\/><\/a><\/p>\n<p>Pablo Sarabia<\/p>\n<p><img draggable=\"true\" alt=\"casa barrio jeronimos madrid raul martins\" title=\"casa barrio Jeronimos madrid Raul Martins\" loading=\"lazy\" width=\"2500\" height=\"3749\" decoding=\"async\" data-nimg=\"1\" style=\"color:transparent;width:100%;height:auto;\"   src=\"https:\/\/www.europesays.com\/es\/wp-content\/uploads\/2025\/11\/casa-barrio-jeronimos-madrid-raul-martins-aseo-690b27a66ffa1.jpg\" class=\"css-0 e1g79fud0\"\/><a target=\"_blank\" rel=\"noopener nofollow\" data-theme-key=\"base-link\" href=\"https:\/\/pinterest.com\/pin\/create\/button\/?url=https:\/\/www.elledecor.com\/es\/casas\/a69260132\/raul-martins-casa-barrio-jeronimos-madrid\/&amp;description=elledecoresp&amp;media=https:\/\/hips.hearstapps.com\/hmg-prod\/images\/casa-barrio-jeronimos-madrid-raul-martins-aseo-690b27a66ffa1.jpg?resize=1600:*\" class=\"pinterest css-on9hn5 e1c1bym14\"><img decoding=\"async\" data-dynamic-svg=\"true\" src=\"https:\/\/www.elledecor.com\/_assets\/design-tokens\/fre\/static\/icons\/social\/pinterest.e8cf655.svg?primary=%2523ffffff\" loading=\"lazy\" data-testid=\"dynamic-svg-base\" height=\"auto\" width=\"auto\" alt=\"pinterest\" class=\"css-4lml0h e1mlxuuw1\"\/><\/a>Pablo Sarabia<\/p>\n<p> D\u00fao negro y marr\u00f3n son las opciones crom\u00e1ticas elegidas para el aseo, con mueble de madera de nogal y encimera en m\u00e1rmol negro intenso, todo del estudio.<\/p>\n<p>Ra\u00fal Martins. Equilibrio atemporal<\/p>\n<p data-journey-content=\"true\" data-node-id=\"28\" class=\"css-6wxqfj emevuu60\">Es uno de los interioristas espa\u00f1oles con mayor proyecci\u00f3n internacional y su estilo se caracteriza por una <strong data-node-id=\"28.1\">elegancia atemporal combinada con un enfoque contempor\u00e1neo muy personalizado<\/strong>. Con un manejo magistral de materiales y gama crom\u00e1tica, los espacios que crea son una mezcla aquilatada entre lo cl\u00e1sico y lo moderno, que integra con \u00e9xito antig\u00fcedades con escogidas piezas de arte y mobiliario de dise\u00f1o propio. \u00bfEl resultado?: Interiores \u00fanicos y equilibrados dotados de un sello muy personal y libre de modas y tendencias pasajeras.<\/p>\n<p data-journey-content=\"true\" data-node-id=\"30\" class=\"css-6wxqfj emevuu60\"><a href=\"https:\/\/raulmartins.com\/\" target=\"_blank\" rel=\"nofollow noopener\" data-vars-ga-outbound-link=\"https:\/\/raulmartins.com\/\" data-vars-ga-ux-element=\"Hyperlink\" data-vars-ga-call-to-action=\"www.raulmartins.com\" data-node-id=\"30.0.0\" class=\"body-link css-15fjk10 emevuu60\">www.raulmartins.com<\/a><\/p>\n<p><img src=\"https:\/\/www.europesays.com\/es\/wp-content\/uploads\/2025\/11\/0a0b1622-6a69-46fb-adaf-3452beb84e95_1700567459.file\" alt=\"Headshot of Redacci\u00f3n Elle Decor\" title=\"Headshot of Redacci\u00f3n Elle Decor\" width=\"100%\" height=\"100%\" decoding=\"async\" loading=\"lazy\" class=\"css-o0wq4v ev8dhu53\"\/><\/p>\n<p>\u00a0Desde que lleg\u00f3 a los quioscos espa\u00f1oles por primera vez, en mayo de 1989, ELLE DECOR se ha convertido en una de las publicaciones de referencia en el sector del interiorismo y el dise\u00f1o. Cada d\u00eda en la web y todos los meses en la revista en papel ofrecemos las \u00faltimas novedades en decoraci\u00f3n, dise\u00f1o, arquitectura, arte y lifestyle.<\/p>\n<p>Adem\u00e1s de informarte sobre las \u00faltimas noticias, la redacci\u00f3n de ELLE DECOR selecciona las im\u00e1genes m\u00e1s inspiradoras de los mejores proyectos de interiorismo, entrevista a los dise\u00f1adores, artesanos y artistas del momento para que conozcas su obra y rastrea en busca de nuevas aperturas de restaurantes, hoteles y tiendas.<\/p>\n<p>A nivel internacional, ELLE DECOR est\u00e1 presente en 25 pa\u00edses y es la revista con m\u00e1s prestigio tanto entre los lectores como entre los profesionales del dise\u00f1o.\u00a0<\/p>\n","protected":false},"excerpt":{"rendered":"Sin an\u00e9cdotas, la vida ser\u00eda menos divertida. Para Ra\u00fal Martins, hablar de la historia de esta casa es&hellip;\n","protected":false},"author":2,"featured_media":230393,"comment_status":"","ping_status":"","sticky":false,"template":"","format":"standard","meta":{"footnotes":""},"categories":[173],"tags":[229,233,231,230,232,253,234,146,147,25,24,12719,23],"class_list":{"0":"post-230392","1":"post","2":"type-post","3":"status-publish","4":"format-standard","5":"has-post-thumbnail","7":"category-arte-y-diseno","8":"tag-arte","9":"tag-arte-y-diseno","10":"tag-arts","11":"tag-arts-and-design","12":"tag-design","13":"tag-discover","14":"tag-diseno","15":"tag-entertainment","16":"tag-entretenimiento","17":"tag-es","18":"tag-espana","19":"tag-print","20":"tag-spain"},"share_on_mastodon":{"url":"https:\/\/pubeurope.com\/@es\/115531171279320741","error":""},"_links":{"self":[{"href":"https:\/\/www.europesays.com\/es\/wp-json\/wp\/v2\/posts\/230392","targetHints":{"allow":["GET"]}}],"collection":[{"href":"https:\/\/www.europesays.com\/es\/wp-json\/wp\/v2\/posts"}],"about":[{"href":"https:\/\/www.europesays.com\/es\/wp-json\/wp\/v2\/types\/post"}],"author":[{"embeddable":true,"href":"https:\/\/www.europesays.com\/es\/wp-json\/wp\/v2\/users\/2"}],"replies":[{"embeddable":true,"href":"https:\/\/www.europesays.com\/es\/wp-json\/wp\/v2\/comments?post=230392"}],"version-history":[{"count":0,"href":"https:\/\/www.europesays.com\/es\/wp-json\/wp\/v2\/posts\/230392\/revisions"}],"wp:featuredmedia":[{"embeddable":true,"href":"https:\/\/www.europesays.com\/es\/wp-json\/wp\/v2\/media\/230393"}],"wp:attachment":[{"href":"https:\/\/www.europesays.com\/es\/wp-json\/wp\/v2\/media?parent=230392"}],"wp:term":[{"taxonomy":"category","embeddable":true,"href":"https:\/\/www.europesays.com\/es\/wp-json\/wp\/v2\/categories?post=230392"},{"taxonomy":"post_tag","embeddable":true,"href":"https:\/\/www.europesays.com\/es\/wp-json\/wp\/v2\/tags?post=230392"}],"curies":[{"name":"wp","href":"https:\/\/api.w.org\/{rel}","templated":true}]}}