{"id":230396,"date":"2025-11-11T12:57:10","date_gmt":"2025-11-11T12:57:10","guid":{"rendered":"https:\/\/www.europesays.com\/es\/230396\/"},"modified":"2025-11-11T12:57:10","modified_gmt":"2025-11-11T12:57:10","slug":"ese-ha-sido-el-tema-de-mi-carrera","status":"publish","type":"post","link":"https:\/\/www.europesays.com\/es\/230396\/","title":{"rendered":"Ese ha sido el tema de mi carrera"},"content":{"rendered":"<p><strong>Lana Del Rey<\/strong> se convirti\u00f3 en una de las figuras m\u00e1s enigm\u00e1ticas y fascinantes del pop contempor\u00e1neo. Desde su salto a la fama mundial con Born to Die en 2012, su obra siempre mezcl\u00f3 elementos tan contradictorios como glamour y tristeza, deseo y vac\u00edo, dulzura y destrucci\u00f3n. Hasta la fecha, <strong>Elizabeth Woolridge Grant<\/strong> (nombre real de la artista) <strong>public\u00f3 nueve discos de estudio y varias canciones, pero<\/strong> <strong>hay una que, seg\u00fan la propia cantante, la define a la perfecci\u00f3n<\/strong>.<\/p>\n<p>La pista en cuesti\u00f3n es \u201c<strong>Ultraviolence<\/strong>\u201d, el track que le da nombre al tercer LP de Lana, y cuya letra reza <strong>\u201cHe hit me and it felt like a kiss\u201d (\u201cMe golpe\u00f3 y se sinti\u00f3 como un beso\u201d)<\/strong>. Esta obra naci\u00f3 de una experiencia de vida de la propia artista con un l\u00edder de culto que conoci\u00f3 cuando era miembro de un grupo clandestino en Nueva York.<\/p>\n<p>\u201cSol\u00eda pertenecer a una secta clandestina liderada por un gur\u00fa. Se rodeaba de chicas j\u00f3venes y ten\u00eda un carisma irresistible. As\u00ed que entr\u00e9 en esta, digamos, secta, porque anhelaba amor y seguridad. Pero luego descubr\u00ed que este gur\u00fa no era bueno, sino malo. Pensaba que primero ten\u00eda que destruir a la gente antes de poder reconstruirla. Al final, dej\u00e9 la secta\u201d, explic\u00f3.<\/p>\n<p>En una entrevista del 2014 con Scott Simon, fue consultada por la frase en cuesti\u00f3n y respondi\u00f3: \u201c<strong>Ese ha sido el tema de mi carrera. Lo que pasa conmigo es que, viniendo de la m\u00fasica alternativa y cantando durante nueve a\u00f1os, siendo pr\u00e1cticamente invisible, estoy muy acostumbrada a escribir para m\u00ed misma, y al final del d\u00eda lo hago porque siento que debo hacerlo<\/strong>. Cuando grabo o escribo, no pienso en otras personas. No siempre me resulta c\u00f3modo, pero no me callo lo que quiero decir\u201d.<\/p>\n","protected":false},"excerpt":{"rendered":"Lana Del Rey se convirti\u00f3 en una de las figuras m\u00e1s enigm\u00e1ticas y fascinantes del pop contempor\u00e1neo. Desde&hellip;\n","protected":false},"author":2,"featured_media":230397,"comment_status":"","ping_status":"","sticky":false,"template":"","format":"standard","meta":{"footnotes":""},"categories":[170],"tags":[146,147,25,24,31317,184,185,23],"class_list":{"0":"post-230396","1":"post","2":"type-post","3":"status-publish","4":"format-standard","5":"has-post-thumbnail","7":"category-musica","8":"tag-entertainment","9":"tag-entretenimiento","10":"tag-es","11":"tag-espana","12":"tag-lana-del-rey","13":"tag-music","14":"tag-musica","15":"tag-spain"},"share_on_mastodon":{"url":"https:\/\/pubeurope.com\/@es\/115531182649173581","error":""},"_links":{"self":[{"href":"https:\/\/www.europesays.com\/es\/wp-json\/wp\/v2\/posts\/230396","targetHints":{"allow":["GET"]}}],"collection":[{"href":"https:\/\/www.europesays.com\/es\/wp-json\/wp\/v2\/posts"}],"about":[{"href":"https:\/\/www.europesays.com\/es\/wp-json\/wp\/v2\/types\/post"}],"author":[{"embeddable":true,"href":"https:\/\/www.europesays.com\/es\/wp-json\/wp\/v2\/users\/2"}],"replies":[{"embeddable":true,"href":"https:\/\/www.europesays.com\/es\/wp-json\/wp\/v2\/comments?post=230396"}],"version-history":[{"count":0,"href":"https:\/\/www.europesays.com\/es\/wp-json\/wp\/v2\/posts\/230396\/revisions"}],"wp:featuredmedia":[{"embeddable":true,"href":"https:\/\/www.europesays.com\/es\/wp-json\/wp\/v2\/media\/230397"}],"wp:attachment":[{"href":"https:\/\/www.europesays.com\/es\/wp-json\/wp\/v2\/media?parent=230396"}],"wp:term":[{"taxonomy":"category","embeddable":true,"href":"https:\/\/www.europesays.com\/es\/wp-json\/wp\/v2\/categories?post=230396"},{"taxonomy":"post_tag","embeddable":true,"href":"https:\/\/www.europesays.com\/es\/wp-json\/wp\/v2\/tags?post=230396"}],"curies":[{"name":"wp","href":"https:\/\/api.w.org\/{rel}","templated":true}]}}