{"id":230414,"date":"2025-11-11T13:06:17","date_gmt":"2025-11-11T13:06:17","guid":{"rendered":"https:\/\/www.europesays.com\/es\/230414\/"},"modified":"2025-11-11T13:06:17","modified_gmt":"2025-11-11T13:06:17","slug":"interior-lanza-una-campana-en-redes-sociales-para-informar-sobre-las-mejoras-del-sistema-viogen-2","status":"publish","type":"post","link":"https:\/\/www.europesays.com\/es\/230414\/","title":{"rendered":"Interior lanza una campa\u00f1a en redes sociales para informar sobre las mejoras del sistema VioG\u00e9n 2"},"content":{"rendered":"<p>El Ministerio del Interior lanza este martes una campa\u00f1a en redes sociales con el objetivo de informar sobre el funcionamiento y las mejoras introducidas en VioG\u00e9n 2, el Sistema de Seguimiento Integral de los casos de Violencia de G\u00e9nero. Se trata de una colaboraci\u00f3n con las divulgadoras feministas Towanda Rebels, d\u00fao integrado por Zua M\u00e9ndez y Teresa Lozano, que desde 2017 desarrollan un proyecto de activismo social digital en favor del feminismo y la igualdad efectiva.<\/p>\n<p>La acci\u00f3n se compone de una serie de v\u00eddeos divulgativos que se publicar\u00e1n en las redes sociales del Ministerio (Instagram, X, Youtube), en paralelo a las cuentas de Towanda Rebels. La campa\u00f1a pretende dar a conocer la herramienta VioG\u00e9n 2, plataforma digital de nuevo dise\u00f1o que incorpora la tecnolog\u00eda m\u00e1s avanzada en la materia, y fortalecer la confianza en el sistema.<\/p>\n<p>Desmontando bulos<\/p>\n<p>El primer v\u00eddeo de la campa\u00f1a, difundido este martes, es una &#8216;declaraci\u00f3n de intenciones&#8217; que suma las voces de las profesionales de VioG\u00e9n 2 para subrayar las fortalezas del sistema frente a las cr\u00edticas que puede recibir.<\/p>\n<p>El segundo v\u00eddeo, sobre &#8216;el ABC de VioG\u00e9n 2&#8217;, explica en qu\u00e9 consisten el Protocolo Cero, el Plan de Protecci\u00f3n Personalizado y el C\u00edrculo de Fortaleza.<\/p>\n<p>El tercer v\u00eddeo pretende desmontar algunos de los mitos m\u00e1s extendidos, como la asociaci\u00f3n de VioG\u00e9n con la inteligencia artificial y afirmaciones err\u00f3neas como \u00ablas valoraciones de riesgo las realiza un algoritmo\u00bb o \u00abla atenci\u00f3n a las mujeres las revictimiza\u00bb. Por \u00faltimo, el cuarto v\u00eddeo parte de una acci\u00f3n de calle que indaga en los indicios que podr\u00edan derivar en posibles situaciones de violencia dentro de las relaciones de pareja.<\/p>\n<p>Como portavoces institucionales participan el ministro del Interior, Fernando Grande-Marlaska; la secretaria de Estado de Seguridad, Aina Calvo; la comisaria jefa de la Unidad de Atenci\u00f3n a la Familia y Mujer (UFAM) Central de Polic\u00eda Nacional, Mar\u00eda Cristina Mar\u00ed; la comandante jefa de los Equipos Mujer-Menor (EMUME) de Guardia Civil, y las responsables del Sistema VioG\u00e9n 2, Bel\u00e9n Crego y Leticia Matarranz. Adem\u00e1s, se ha contado con la colaboraci\u00f3n de agentes de Polic\u00eda Nacional especialistas y agentes protectoras de Guardia Civil que trabajan directamente con v\u00edctimas.<\/p>\n<p>VioG\u00e9n 2, referente internacional<\/p>\n<p>Espa\u00f1a se ha consolidado como una referencia internacional en el campo de la lucha contra la violencia de g\u00e9nero. El Sistema VioG\u00e9n 2 protege a m\u00e1s de 105.000 mujeres en Espa\u00f1a. En los \u00faltimos meses se han recibido visitas de delegaciones de Francia, Reino Unido, Costa Rica, Brasil, Moldavia, Marruecos, Mauritania o Jordania para conocer el funcionamiento de VioG\u00e9n 2 y c\u00f3mo se podr\u00eda implementar en esos pa\u00edses.<\/p>\n<p><img decoding=\"async\" alt=\"Marlaska en la presentacion de viogen2\" title=\"Marlaska en la presentacion de viogen2\" src=\"https:\/\/www.europesays.com\/es\/wp-content\/uploads\/2025\/11\/111125-campana-viogen-2.JPG\"\/><\/p>\n<p id=\"ctl00_PlaceHolderMain_DisplayMode_noticia_pImageCaption\" class=\"media-captionContainer rs_skip\">Imagen de archivo de la presentaci\u00f3n del Sistema VioG\u00e9n 2 en enero de 2025.<\/p>\n<ul id=\"ctl00_PlaceHolderMain_DisplayMode_noticia_list_banner_home\" class=\"list-banner list-banner-no-border\">&#13;<\/p>\n<li class=\"BannerLi\">&#13;<a title=\"Datos actualizados y ayudas del Plan de Respuesta Inmediata, Reconstrucci\u00f3n y Relanzamiento\" href=\"https:\/\/www.lamoncloa.gob.es\/info-dana\/Paginas\/index.aspx\" rel=\"nofollow noopener\" target=\"_blank\"><img decoding=\"async\" title=\"Datos actualizados y ayudas del Plan de Respuesta Inmediata, Reconstrucci\u00f3n y Relanzamiento\" src=\"https:\/\/www.europesays.com\/es\/wp-content\/uploads\/2025\/10\/banner-noticias-dana.png\" alt=\"Datos actualizados y ayudas del Plan de Respuesta Inmediata, Reconstrucci\u00f3n y Relanzamiento\"\/><\/a>&#13;<\/li>\n<p>&#13;<\/ul>\n","protected":false},"excerpt":{"rendered":"El Ministerio del Interior lanza este martes una campa\u00f1a en redes sociales con el objetivo de informar sobre&hellip;\n","protected":false},"author":2,"featured_media":230415,"comment_status":"","ping_status":"","sticky":false,"template":"","format":"standard","meta":{"footnotes":""},"categories":[5],"tags":[517,17,18,25,24,13,14,11,584,19,20,9,10,15,16,2330,23,12,21,22],"class_list":{"0":"post-230414","1":"post","2":"type-post","3":"status-publish","4":"format-standard","5":"has-post-thumbnail","7":"category-titulares","8":"tag-actualidad","9":"tag-breaking-news","10":"tag-breakingnews","11":"tag-es","12":"tag-espana","13":"tag-featured-news","14":"tag-featurednews","15":"tag-headlines","16":"tag-interior","17":"tag-latest-news","18":"tag-latestnews","19":"tag-news","20":"tag-noticias","21":"tag-noticias-destacadas","22":"tag-noticiasdestacadas","23":"tag-prensa","24":"tag-spain","25":"tag-titulares","26":"tag-ultimas-noticias","27":"tag-ultimasnoticias"},"share_on_mastodon":{"url":"https:\/\/pubeurope.com\/@es\/115531218154306660","error":""},"_links":{"self":[{"href":"https:\/\/www.europesays.com\/es\/wp-json\/wp\/v2\/posts\/230414","targetHints":{"allow":["GET"]}}],"collection":[{"href":"https:\/\/www.europesays.com\/es\/wp-json\/wp\/v2\/posts"}],"about":[{"href":"https:\/\/www.europesays.com\/es\/wp-json\/wp\/v2\/types\/post"}],"author":[{"embeddable":true,"href":"https:\/\/www.europesays.com\/es\/wp-json\/wp\/v2\/users\/2"}],"replies":[{"embeddable":true,"href":"https:\/\/www.europesays.com\/es\/wp-json\/wp\/v2\/comments?post=230414"}],"version-history":[{"count":0,"href":"https:\/\/www.europesays.com\/es\/wp-json\/wp\/v2\/posts\/230414\/revisions"}],"wp:featuredmedia":[{"embeddable":true,"href":"https:\/\/www.europesays.com\/es\/wp-json\/wp\/v2\/media\/230415"}],"wp:attachment":[{"href":"https:\/\/www.europesays.com\/es\/wp-json\/wp\/v2\/media?parent=230414"}],"wp:term":[{"taxonomy":"category","embeddable":true,"href":"https:\/\/www.europesays.com\/es\/wp-json\/wp\/v2\/categories?post=230414"},{"taxonomy":"post_tag","embeddable":true,"href":"https:\/\/www.europesays.com\/es\/wp-json\/wp\/v2\/tags?post=230414"}],"curies":[{"name":"wp","href":"https:\/\/api.w.org\/{rel}","templated":true}]}}