{"id":230416,"date":"2025-11-11T13:11:08","date_gmt":"2025-11-11T13:11:08","guid":{"rendered":"https:\/\/www.europesays.com\/es\/230416\/"},"modified":"2025-11-11T13:11:08","modified_gmt":"2025-11-11T13:11:08","slug":"granollers-y-zeballos-ceden-al-empuje-de-los-italianos-bolelli-y-vavassori","status":"publish","type":"post","link":"https:\/\/www.europesays.com\/es\/230416\/","title":{"rendered":"Granollers y Zeballos ceden al empuje de los italianos Bolelli y Vavassori"},"content":{"rendered":"<p data-mrf-recirculation=\"Links P\u00e1rrafos\" class=\"ue-c-article__paragraph paragraph ue-c-article--first-letter-highlighted\"><strong>Marcel Granollers y Horacio Zeballos<\/strong> cosecharon este martes la primera derrota en la fase de grupos de las ATP Finals. Finalistas en la edici\u00f3n de 2023, el billete para las semifinales pasa ahora por una victoria en la \u00faltima jornada de la fase de grupos. <strong>Simone Bolelli y Andrea Vavassori superaron a la pareja hispano-argentina, con un tanteo de 7-6(4) y 6-4.<\/strong><\/p>\n<p data-mrf-recirculation=\"Links P\u00e1rrafos\" class=\"ue-c-article__paragraph paragraph\">Gran parte de la victoria se defini\u00f3 en la manga inicial, decidida en la muerte s\u00fabita y <strong>en la que Vavassori hizo una volea a bote pronto que toc\u00f3 la cinta y muri\u00f3 en la l\u00ednea blanca<\/strong>.\u00a0<\/p>\n<p data-mrf-recirculation=\"Links P\u00e1rrafos\" class=\"ue-c-article__paragraph paragraph\">Marcel y Horacio, doble campeones de &#8216;Grand Slam&#8217; este curso y que vienen de coronarse en el Open 500 de Basilea, en las mismas condiciones del Inalpi Arena, <strong>perdieron su saque en el inicio del segundo set<\/strong>. Eso fue una ventaja que los \u00eddolo locales no dejaron escapar. Los dos estuvieron excelsos al saque y no concedieron una sola bola de rotura.\u00a0<\/p>\n<p>Un d\u00fao hist\u00f3rico<\/p>\n<p data-mrf-recirculation=\"Links P\u00e1rrafos\" class=\"ue-c-article__paragraph paragraph\">Vavassori y Bolelli hacen historia para Italia <strong>al convertirse en el primer d\u00fao local en la pen\u00faltima ronda del torneo de maestros<\/strong>. La semana que viene representar\u00e1n a su pa\u00eds en la Final a 8 de la Copa Davis de Bolonia (18 al 23).\u00a0<\/p>\n","protected":false},"excerpt":{"rendered":"Marcel Granollers y Horacio Zeballos cosecharon este martes la primera derrota en la fase de grupos de las&hellip;\n","protected":false},"author":2,"featured_media":230417,"comment_status":"","ping_status":"","sticky":false,"template":"","format":"standard","meta":{"footnotes":""},"categories":[274],"tags":[168,25,24,23,167,327,326],"class_list":{"0":"post-230416","1":"post","2":"type-post","3":"status-publish","4":"format-standard","5":"has-post-thumbnail","7":"category-tenis","8":"tag-deportes","9":"tag-es","10":"tag-espana","11":"tag-spain","12":"tag-sports","13":"tag-tenis","14":"tag-tennis"},"share_on_mastodon":{"url":"https:\/\/pubeurope.com\/@es\/115531237602612699","error":""},"_links":{"self":[{"href":"https:\/\/www.europesays.com\/es\/wp-json\/wp\/v2\/posts\/230416","targetHints":{"allow":["GET"]}}],"collection":[{"href":"https:\/\/www.europesays.com\/es\/wp-json\/wp\/v2\/posts"}],"about":[{"href":"https:\/\/www.europesays.com\/es\/wp-json\/wp\/v2\/types\/post"}],"author":[{"embeddable":true,"href":"https:\/\/www.europesays.com\/es\/wp-json\/wp\/v2\/users\/2"}],"replies":[{"embeddable":true,"href":"https:\/\/www.europesays.com\/es\/wp-json\/wp\/v2\/comments?post=230416"}],"version-history":[{"count":0,"href":"https:\/\/www.europesays.com\/es\/wp-json\/wp\/v2\/posts\/230416\/revisions"}],"wp:featuredmedia":[{"embeddable":true,"href":"https:\/\/www.europesays.com\/es\/wp-json\/wp\/v2\/media\/230417"}],"wp:attachment":[{"href":"https:\/\/www.europesays.com\/es\/wp-json\/wp\/v2\/media?parent=230416"}],"wp:term":[{"taxonomy":"category","embeddable":true,"href":"https:\/\/www.europesays.com\/es\/wp-json\/wp\/v2\/categories?post=230416"},{"taxonomy":"post_tag","embeddable":true,"href":"https:\/\/www.europesays.com\/es\/wp-json\/wp\/v2\/tags?post=230416"}],"curies":[{"name":"wp","href":"https:\/\/api.w.org\/{rel}","templated":true}]}}