{"id":230418,"date":"2025-11-11T13:12:14","date_gmt":"2025-11-11T13:12:14","guid":{"rendered":"https:\/\/www.europesays.com\/es\/230418\/"},"modified":"2025-11-11T13:12:14","modified_gmt":"2025-11-11T13:12:14","slug":"el-excampeon-olimpico-en-ruta-greg-van-avermaet-campeon-mundial-de-triatlon-semi-ironman-esciclismo","status":"publish","type":"post","link":"https:\/\/www.europesays.com\/es\/230418\/","title":{"rendered":"El excampe\u00f3n ol\u00edmpico en ruta Greg Van Avermaet, campe\u00f3n mundial de triatl\u00f3n semi ironman &#8211; Esciclismo"},"content":{"rendered":"<ol>\n<li><a href=\"https:\/\/news.google.com\/rss\/articles\/CBMiakFVX3lxTFBfRnEzbEgxRnVQQXVfYWlleXdkZmE0R3NUZmI2U2Q2VDRkQkozOEVhX0hpOFowdElWaXNUOTcyS2RqcnJTT3k5aTdXaGo0dGFhMzV3LXZzQWVOc19MS0c4Qml3LXhFUnBvd3c?oc=5\" target=\"_blank\" rel=\"nofollow noopener\">El excampe\u00f3n ol\u00edmpico en ruta Greg Van Avermaet, campe\u00f3n mundial de triatl\u00f3n semi ironman<\/a>&nbsp;&nbsp;Esciclismo<\/li>\n<li><a href=\"https:\/\/news.google.com\/rss\/articles\/CBMitwFBVV95cUxPRmdFWlhxejNwM3RsNlhzLVJzNldueWZURjI4U3V5TjJwSTl6WUZxa21tbGJ5UkJIUkJlUEYyQzRHODVnOTJGMHFXbUk5akdKZXNUTHlLZjdLbVByblV1MEUyWndGRl9LTzVVdTVDQ2x5cFNMLTc0RnlIUDE2a0pRQjJtUlRaU2R6b3diVlc2a3hvaUM4VE9pUm04RHZrekw0OG9TaVZZbzRMNW9tOWhNSnlybGxQN3M?oc=5\" target=\"_blank\" rel=\"nofollow noopener\">Van Avermaet, de las cl\u00e1sicas belgas a campe\u00f3n del mundo Ironman 70.3<\/a>&nbsp;&nbsp;El Correo<\/li>\n<li><a href=\"https:\/\/news.google.com\/rss\/articles\/CBMi4AFBVV95cUxPRFRCMXBudTJtVVVIUFBBTzdBM0xUdW5QM2J1bXlfa0YxVEpHQnRMazZLckotNTlEOFRXVVZrTlZTb3dhb0pxcUdsY0ZQWHZsOGMzZWI3SmxFWFJGTHJ1VE5CUG5TTzF6a0U2THVQSHFYNWdEVTBHS3F0TTlfUXF4VnZKOV96LVhpa0ZmSnBaTFg1bmUxd2diWXBtcVQzZnpmdFVnOXY0YjVWX01wOUd5OEVib0VGZktxcDlUMWUyQXoyZGdzQVUzNnZoWlRkcEpZUHNlalhZMnpfbFNSMmhfR9IB5gFBVV95cUxOWllxTWdwa3NLVEViRjNucFl3dU5paVYyYzlpek82UTNma3lsWUlreFNxSjg3N2NTTlNmWF9reUpVYkR0ckUzbjdMTjFkQzFGck53Ym1sZXFfOXM2UTE5VUtua09VdTh4cThNbDhFUE96X0h4T0dSV0FlNXBOVXpqRktZSGlaX0NOdV8wS25CMmNIaVJhd0IxbGdUSWtBa0V6dUdiYzJBalZXZ014WWtkYmI4UzdzYWs5UWo2SFVwYVprWFlhTWF0bElhWHFwUXNpcHFHT0xTNUlYMDJTb0d1Tmtsak15dw?oc=5\" target=\"_blank\" rel=\"nofollow noopener\">El maillot amarillo del Tour que se ha proclamado campe\u00f3n del mundo IRONMAN 70.3 en Marbella<\/a>&nbsp;&nbsp;Ciclismo a fondo<\/li>\n<li><a href=\"https:\/\/news.google.com\/rss\/articles\/CBMiuAFBVV95cUxQRnhrdm5YSnEwc2xCOGNpT2xMYmlOeGJWbC1oeVFtaUxUaWJnbjd0eFpVdmVCZXJMMW1DYUtVMjBxLVFoRGdBYjVxU2RIbGppVEpqNi1faURsdW9NeDcyM09pOVluN0Y2Q3IzT0tEanA0TFVieWxndFlBMFh2WW13U1FjSFdidkktRlk0dzFfQXRGNExINUYwb2lRNFk1SDJUdlRXN0lmSEh0OGlaUE4zUjVKRWloSGcx0gG4AUFVX3lxTE14bzEySm5XNWhBdU15VWRQOHRvZlFKSWFUTlNaeWZmUUZQa01pRlNNVjVtQmZkWkk1V1h6WnQ5REpVamhFQUx3ZC1ETnc2aGZhdXIybzRENTlvZTNVS0E2OFJQZHNHaWZiVzhkVTMyRFBJUEdBeExfSFhnaEpsWXBISlpSZGdfUUh5c3Bob3FsRzJaSUFrN3BOaTV2NTlwb0ZXdi1fU1FmX2p5TjFfNUtvTElqa0NMZUg?oc=5\" target=\"_blank\" rel=\"nofollow noopener\">Greg Van Avermaet demuestra su enorme talento&#8230; \u00a1y se proclama campe\u00f3n del mundo de triatl\u00f3n!<\/a>&nbsp;&nbsp;MARCA<\/li>\n<li><a href=\"https:\/\/news.google.com\/rss\/articles\/CBMirgFBVV95cUxOMS1tdjZhT05ZZnljVGJoTElUdVFZckk3VHhJNjZ6bVhqVnVuZUgyQUVBeEM1dldKdi1qbTQ2YTBxYmEzRFRocDZkMnd1RGRIWmxYb0VmLTRTVWFVcVhvcGV4cFgtTll0SGEzUmxOVXZsZUpLZHhKX1Z1YkRxZ29lTm9ZN0cwSkQxVkJKdkJFU2FyQlYzLVJmUktIcUlNbS1vM1o5OXBla0pqcXJGa0E?oc=5\" target=\"_blank\" rel=\"nofollow noopener\">Greg Van Avermaet logra en triatl\u00f3n lo que no consigui\u00f3 en carretera: ser campe\u00f3n del mundo<\/a>&nbsp;&nbsp;ESMTB.com<\/li>\n<\/ol>\n","protected":false},"excerpt":{"rendered":"El excampe\u00f3n ol\u00edmpico en ruta Greg Van Avermaet, campe\u00f3n mundial de triatl\u00f3n semi ironman&nbsp;&nbsp;Esciclismo Van Avermaet, de las&hellip;\n","protected":false},"author":2,"featured_media":230419,"comment_status":"","ping_status":"","sticky":false,"template":"","format":"standard","meta":{"footnotes":""},"categories":[273],"tags":[11215,988,60379,11953,5773,1568,313,312,3455,168,7963,987,1387,158,25,24,11080,4518,60378,5805,29328,12868,57802,2492,3013,5774,4759,60381,3679,60380,12081,57786,23,167,9577,6736,6174],"class_list":["post-230418","post","type-post","status-publish","format-standard","has-post-thumbnail","category-ciclismo","tag-afrontar","tag-anos","tag-avermaet","tag-belga","tag-campeon","tag-categoria","tag-ciclismo","tag-cycling","tag-dentro","tag-deportes","tag-deportiva","tag-despues","tag-edad","tag-el","tag-es","tag-espana","tag-exciclista","tag-exito","tag-greg","tag-imponerse","tag-ironman","tag-logro","tag-lokeren","tag-marbella","tag-mundo","tag-olimpico","tag-paris","tag-proclamarse","tag-rio","tag-roubaix","tag-sector","tag-semi","tag-spain","tag-sports","tag-trayectoria","tag-triatlon","tag-van"],"share_on_mastodon":{"url":"https:\/\/pubeurope.com\/@es\/115531241385182303","error":""},"_links":{"self":[{"href":"https:\/\/www.europesays.com\/es\/wp-json\/wp\/v2\/posts\/230418","targetHints":{"allow":["GET"]}}],"collection":[{"href":"https:\/\/www.europesays.com\/es\/wp-json\/wp\/v2\/posts"}],"about":[{"href":"https:\/\/www.europesays.com\/es\/wp-json\/wp\/v2\/types\/post"}],"author":[{"embeddable":true,"href":"https:\/\/www.europesays.com\/es\/wp-json\/wp\/v2\/users\/2"}],"replies":[{"embeddable":true,"href":"https:\/\/www.europesays.com\/es\/wp-json\/wp\/v2\/comments?post=230418"}],"version-history":[{"count":0,"href":"https:\/\/www.europesays.com\/es\/wp-json\/wp\/v2\/posts\/230418\/revisions"}],"wp:featuredmedia":[{"embeddable":true,"href":"https:\/\/www.europesays.com\/es\/wp-json\/wp\/v2\/media\/230419"}],"wp:attachment":[{"href":"https:\/\/www.europesays.com\/es\/wp-json\/wp\/v2\/media?parent=230418"}],"wp:term":[{"taxonomy":"category","embeddable":true,"href":"https:\/\/www.europesays.com\/es\/wp-json\/wp\/v2\/categories?post=230418"},{"taxonomy":"post_tag","embeddable":true,"href":"https:\/\/www.europesays.com\/es\/wp-json\/wp\/v2\/tags?post=230418"}],"curies":[{"name":"wp","href":"https:\/\/api.w.org\/{rel}","templated":true}]}}