{"id":230453,"date":"2025-11-11T13:39:09","date_gmt":"2025-11-11T13:39:09","guid":{"rendered":"https:\/\/www.europesays.com\/es\/230453\/"},"modified":"2025-11-11T13:39:09","modified_gmt":"2025-11-11T13:39:09","slug":"andy-hablo-de-lucas-en-el-hormiguero-por-su-pelea-y-el-dinero-que-no-cobro-de-son-de-amores-y-presento-su-cancion","status":"publish","type":"post","link":"https:\/\/www.europesays.com\/es\/230453\/","title":{"rendered":"Andy habl\u00f3 de Lucas en &#8216;El Hormiguero&#8217; por su pelea y el dinero que no cobr\u00f3 de &#8216;Son de amores&#8217;, y present\u00f3 su canci\u00f3n"},"content":{"rendered":"<p class=\"article-text\">\n        El siempre atractivo duelo de access prime time tuvo este lunes 10 de noviembre un plus de morbo. Y es que frente a la visita de <a href=\"https:\/\/www.eldiario.es\/vertele\/noticias\/rosalia-llego-revuelta-reunion-vecinos-famosos-dedicar-broncano-perla-desvelar-significado_1_12756991.html\" target=\"_blank\" data-mrf-recirculation=\"links-noticia\" class=\"link\" rel=\"nofollow noopener\">Rosal\u00eda <\/a>a <strong>La Revuelta<\/strong> que ha <a href=\"https:\/\/www.eldiario.es\/vertele\/audiencias-tv\/lunes-10-noviembre-2025-la-revuelta-ve-lux-rosalia-record-historico-meritorio-hormiguero_1_12757239.html\" target=\"_blank\" data-mrf-recirculation=\"links-noticia\" class=\"link\" rel=\"nofollow noopener\">arrasado en audiencias<\/a>, <strong>El Hormiguero<\/strong> consigui\u00f3 otra entrevista musical de m\u00e1ximo inter\u00e9s en <strong>Antena 3<\/strong>: la de <strong>Andy Morales<\/strong>, que habl\u00f3 por primera vez de su sonada salida de <strong>Andy y Lucas<\/strong> y present\u00f3 su primera canci\u00f3n en solitario llena de pullas.\n    <\/p>\n<p>    <a href=\"https:\/\/www.eldiario.es\/vertele\/videos\/actualidad\/andy-lucas-regreso-rajoy-hormiguero-anuncia-proximos-invitados_7_12749143.html\" data-mrf-recirculation=\"saber-mas\" data-dl-event=\"saber-mas\" rel=\"nofollow noopener\" target=\"_blank\"><\/p>\n<p class=\"know-more__title\">De Andy (sin Lucas) al regreso de Rajoy: &#8216;El Hormiguero&#8217; anuncia sus pr\u00f3ximos invitados<\/p>\n<p>            <img decoding=\"async\" class=\"lazy\" loading=\"lazy\" data-src=\"https:\/\/static.eldiario.es\/clip\/188955eb-ab43-4b6e-b98a-62dc4f7e7910_16-9-aspect-ratio_default_0.jpg\" src=\"data:image\/svg+xml,%3Csvg xmlns=\" http:=\"\" viewbox=\"0 0 880 495\" alt=\"De Andy (sin Lucas) al regreso de Rajoy: 'El Hormiguero' anuncia sus pr\u00f3ximos invitados\"\/><\/p>\n<p>                            <img decoding=\"async\" class=\"ni-multimedia\" src=\"https:\/\/www.eldiario.es\/assets\/img\/svg\/icons\/gallery-video.h-2e826467718e0ad0cb33a0bdb174f603.svg\" alt=\"De Andy (sin Lucas) al regreso de Rajoy: 'El Hormiguero' anuncia sus pr\u00f3ximos invitados\"\/><br \/>\n                        <\/a><\/p>\n<p class=\"article-text\">\n        El cantante, que se lanza por su cuenta tras m\u00e1s de 20 a\u00f1os como parte de uno de los d\u00faos m\u00e1s medi\u00e1ticos del panorama espa\u00f1ol, ofreci\u00f3 a <strong>Pablo Motos<\/strong> sus primeras declaraciones sobre un divorcio art\u00edstico que no ha dejado de acaparar titulares en las \u00faltimas semanas. Y no se anduvo con medias tintas, ya que aunque <strong>no mencion\u00f3 a Lucas por su nombre <\/strong>salvo ocasiones puntuales, Andy s\u00ed habl\u00f3 abiertamente de los <strong>problemas que ha tenido <\/strong>con su ya excompa\u00f1ero.\n    <\/p>\n<p class=\"article-text\">\n        El ex de Andy y Lucas afirm\u00f3<strong> sentirse \u201craro\u201d al estar sin \u201cla otra parte\u201d<\/strong>, pero confes\u00f3 que estaba cumpiendo su sue\u00f1o present\u00e1ndose en solitario en El Hormiguero. Y sobre esa \u201cotra parte\u201d hablaron entrevistador y entrevistado pr\u00e1cticamente desde el principio, cuando Motos brome\u00f3 pregunt\u00e1ndole si hab\u00eda pensado llamar a su disco \u201c<strong>Hasta luego, Lucas<\/strong>\u201d.\n    <\/p>\n<p class=\"article-text\">\n        \u201cMe lo han propuesto, pero por respeto a \u00e9l y sobre todo a su familia, que sigo manteniendo contacto con ellos y s\u00e9 que no lo est\u00e1n pasando bien, <strong>no es plato de buen gusto venir a hablar mal de mi socio<\/strong>\u201d, explic\u00f3 Andy, que tuvo la oportunidad de contar su versi\u00f3n de lo sucedido en el programa m\u00e1s visto de Antena 3. \u201cLo que cuento es mi verdad\u201d, dijo en un momento de la charla.\n    <\/p>\n<p class=\"article-text\">\n        El cantante dijo haber recuperado la ilusi\u00f3n por la m\u00fasica que hab\u00eda acabado perdiendo en Andy y Lucas. \u201cCuando empec\u00e9 con mi media naranja de la m\u00fasica, participaba pr\u00e1cticamente en todo lo musical y fui perdi\u00e9ndolo hasta que desaparec\u00ed\u201d, cont\u00f3. \u201c\u00bfDesapareciste porque te iba quitando?\u201d, pregunt\u00f3 Pablo Motos. \u201c<strong>Hubo un momento que a la otra parte no le gustaba c\u00f3mo montaba los temas y por no tener discusiones eso se fue al traste<\/strong>\u201d, agreg\u00f3 el entrevistado.\n    <\/p>\n<blockquote class=\"twitter-tweet\" data-lang=\"es\"><p><a href=\"https:\/\/twitter.com\/X\/status\/1987991588979753437?ref_src=twsrc%5Etfw\" rel=\"nofollow noopener\" target=\"_blank\"><\/p><\/blockquote>\n<p class=\"article-text\">\n        Cuestionado por el t\u00edtulo de su primer single, llamado <strong>Marioneta<\/strong>, Andy explic\u00f3 que es una canci\u00f3n de desamor que puede coincidir con \u201ccosas [suyas] del pasado\u201d. \u201c<strong>\u00bfHas hecho un Shakira?<\/strong>\u201d, pregunt\u00f3 el presentador. \u201cVamos a ver, que me voy a meter en un l\u00edo. Es cierto que en el tema<strong> se tocan cosas y sentimientos que yo he pidido sentir<\/strong>\u201d, dijo entre risas.\n    <\/p>\n<p class=\"article-text\">\n        \u201cEs un desamor y ha coincidido con la situaci\u00f3n\u201d, a\u00f1adi\u00f3, apurado. \u201c<strong>La culpa es m\u00eda, por mis ojos sucios<\/strong>\u201d, le salv\u00f3 Motos, a lo que el cantante agreg\u00f3: \u201cMuchas veces en la vida conf\u00edas ciegamente en alguien, no quieres ver la realidad, y, despu\u00e9s de la ruptura, te das cuenta de que gran parte de la culpa es tuya por dejar que esas situaciones se dieran\u201d. \u201c<strong>Mucha gente pensar\u00e1 que es por mi pasado musical, pero no tiene nada que ver. \u00bfNo nos podemos ir a publicidad?<\/strong>\u201d, brome\u00f3, diciendo que llevaba ensayando la explicaci\u00f3n tres semanas.\n    <\/p>\n<p>    Andy habla claramente de \u201cla otra parte\u201d sin mencionar a Lucas<\/p>\n<p class=\"article-text\">\n        Fue entonces cuando Pablo Motos se puso serio y pidi\u00f3 a Andy que explicase claramente, hasta donde quisiese, \u201c<strong>lo que ha pasado de verdad<\/strong>\u201d. \u201cTodos pensamos que lo que tu relaci\u00f3n con Lucas ha sido muy complicada. De los 22 a\u00f1os que hab\u00e9is estado juntos, \u00bfcu\u00e1nto tiempo hab\u00e9is estado mal?\u201d, pregunt\u00f3. \u201c<strong>Hemos tenido momentos muy tensos y malos, pero tambi\u00e9n buenos.<\/strong> A Lucas le tengo que agradecer much\u00edsimas cosas. En muchos momentos me ha ayudado y ha estado a mi lado, pero no he entendido muchas situaciones\u201d, respondi\u00f3, asegurando que le hab\u00edan recomendado decir \u201cpresuntamente\u201d antes de mencionar seg\u00fan qu\u00e9 temas.\n    <\/p>\n<p class=\"article-text\">\n        En ese momento, el presentador de El Hormiguero sac\u00f3 el tema de <strong>Son de amores<\/strong>, la canci\u00f3n m\u00e1s popular de Andy y Lucas por la que el primero de ellos no habr\u00eda cobrado derechos. \u201cYo no entend\u00eda c\u00f3mo funcionaba el negocio, pero \u00e9l confiaba en mi manera de montar los temas. \u00c9l me dijo que hiciese la m\u00fasica, pero cuando lleg\u00f3 el momento de registrar la canci\u00f3n no me puso de coautor\u201d, afirm\u00f3, deslizando que no se llevaba royalties.\n    <\/p>\n<blockquote class=\"twitter-tweet\" data-lang=\"es\"><p><a href=\"https:\/\/twitter.com\/X\/status\/1987997344777068874?ref_src=twsrc%5Etfw\" rel=\"nofollow noopener\" target=\"_blank\"><\/p><\/blockquote>\n<p class=\"article-text\">\n        \u201cRealmente los momentos m\u00e1s complicados de nuestra carrera los he vivido en estos \u00faltimos tiempos, que s\u00ed que<strong> tuvimos una pelea de verdad<\/strong>. F\u00edsicamente no nos tocamos, pero fue <strong>muy desagradable<\/strong>. Lo que viv\u00ed ah\u00ed no fue de amigos\u201d, cont\u00f3, admitiendo que intent\u00f3 entenderle por sus problemas familiares. M\u00e1s adelante, detall\u00f3 que en esa discusi\u00f3n se dijeron \u201cde todo\u201d, que les tuvieron que separar y que dicen<strong>, \u201cpresuntamente\u201d, que le tir\u00f3 una botella: \u201cHubo objetos voladores\u201d<\/strong>.\n    <\/p>\n<p>    Pablo Motos saca las cuentas de Andy y Lucas: \u201c5.000 euros mensuales\u201d<\/p>\n<p class=\"article-text\">\n        Motos quiso incidir en el asunto econ\u00f3mico y pregunt\u00f3 directamente a Andy cu\u00e1nto dinero se llevaba de las actuaciones. \u201c<strong>De un cach\u00e9 de 30.000 euros, \u00bfcu\u00e1nto te quedaba?<\/strong>\u201d, cuestion\u00f3. \u201cNo lo s\u00e9, 2.000 o 3.000 euros\u201d, respondi\u00f3 el invitado, que apunt\u00f3 que despu\u00e9s de tantos a\u00f1os no le cuadraban las cuentas.\n    <\/p>\n<p class=\"article-text\">\n        Andy cont\u00f3 c\u00f3mo funcionaba Andy y Lucas a nivel empresarial, principalmente desde que se hicieron artistas independientes. \u201cCuando salimos de Sony, \u00e9l ten\u00eda su S.L. y yo la m\u00eda. Yo la tuve que cerrar y a partir de ah\u00ed, <strong>Lucas se encargaba de facturar y yo no ve\u00eda n\u00fameros, confiaba en su palabra<\/strong>\u201d, explic\u00f3. Adem\u00e1s, el cantante dijo que no hab\u00eda ingresado <strong>nada de dinero <\/strong>de las escuchas de sus canciones en <strong>Spotify <\/strong>y <strong>Youtube<\/strong>: \u201cLo habl\u00e9 con \u00e9l en su momento, y me dec\u00eda que era muy poco dinero\u201d.\n    <\/p>\n<p class=\"article-text\">\n        Pablo Motos sac\u00f3 entonces las cuentas que supuestamente han generado las canciones del grupo en las dos redes sociales mencionadas: \u201cPoco dinero no es. En Spotify ten\u00e9is 1,6 millones de visitas al mes, y<strong> estar\u00edamos hablando de unos 5.000 euros mensuales<\/strong>\u201d. \u201cPues nada. Ahora s\u00ed me est\u00e1n informando y estoy viendo esos n\u00fameros\u201d, zanj\u00f3 el invitado, confesando que en los \u00faltimos tiempos<strong> estaba \u201camargado\u201d<\/strong>.<strong> <\/strong>\n    <\/p>\n<p class=\"article-text\">\n        Tambi\u00e9n hablaron del \u00faltimo concierto del d\u00fao en Vistalegre, donde la recaudaci\u00f3n, seg\u00fan Andy, fue de \u201c<strong>250.000 euros<\/strong>\u201d. \u201c<strong>A m\u00ed lo que me liquidaron no lleg\u00f3 a 10.000 euros<\/strong>. Me dijeron que hab\u00eda habido muchos gastos. Con Lucas desde la pelea mantuve las distancias y no habl\u00e9 m\u00e1s, me informaban personas de su entorno y no s\u00e9 si esto es verdad o mentira\u201d, explic\u00f3.\n    <\/p>\n<blockquote class=\"twitter-tweet\" data-lang=\"es\"><p><a href=\"https:\/\/twitter.com\/X\/status\/1987998222690947505?ref_src=twsrc%5Etfw\" rel=\"nofollow noopener\" target=\"_blank\"><\/p><\/blockquote>\n<p class=\"article-text\">\n        Tras esto, el presentador tir\u00f3 de hemeroteca para hablar de su \u00faltima visita a El Hormiguero como d\u00fao, afirmando que<strong> fue \u201cmuy rara\u201d <\/strong>y recordando que quien hablaba siempre era Lucas. Adem\u00e1s, le pregunt\u00f3 por su comentada operaci\u00f3n de nariz: \u201cSolo s\u00e9 lo que \u00e9l me dijo, que es que se hab\u00eda operado la nariz, pero no se hab\u00eda hecho bien las curas despu\u00e9s. Me lo cre\u00ed, pero la cosa fue empeorando y \u00e9l segu\u00eda cont\u00e1ndome que era de las curas mal hechas.<strong> No s\u00e9 la verdad, yo tengo mis sospechas, pero son eso, sospechas, yo no tengo las pruebas<\/strong>. Es un poco extra\u00f1o, presuntamente\u201d, apunt\u00f3 Andy.\n    <\/p>\n<p class=\"article-text\">\n        Finalmente, cuestionado por qu\u00e9 aguant\u00f3 tanto tiempo en Andy y Lucas, el cantante andaluz admiti\u00f3 que fue debido a las \u201ccrisis\u201d que ha ido teniendo. \u201c<strong>No me atrev\u00eda a dejarlo porque pensaba que yo solo no iba a poder llegar a ning\u00fan lado <\/strong>y porque no ten\u00eda detr\u00e1s un respaldo econ\u00f3mico, no me ve\u00eda preparado. Despu\u00e9s de la pandemia mi mente cambi\u00f3, hice click y empec\u00e9 a prepararme y a ahorrar. Ahora me he atrevido y estoy feliz, estoy descubriendo todo lo que no sab\u00eda. Cuando termin\u00e9 la gira de Andy y Lucas me sent\u00ed libre por primera vez en mucho tiempo\u201d, zanj\u00f3.\n    <\/p>\n<p class=\"article-text\">\n        Adem\u00e1s, tambi\u00e9n revel\u00f3 que puede cantar en su gira las canciones del grupo porque Lucas vend\u00f3 los derechos hace semanas.\n    <\/p>\n<p>    <a href=\"https:\/\/www.eldiario.es\/vertele\/audiencias-tv\/lunes-10-noviembre-2025-la-revuelta-ve-lux-rosalia-record-historico-meritorio-hormiguero_1_12757239.html\" data-mrf-recirculation=\"saber-mas-abajo\" data-dl-event=\"saber-mas-abajo\" rel=\"nofollow noopener\" target=\"_blank\"><\/p>\n<p class=\"know-more__title\">&#8216;La Revuelta&#8217; (20.4%) ve la &#8216;Lux&#8217; con Rosal\u00eda: r\u00e9cord hist\u00f3rico y amplia victoria ante un meritorio &#8216;Hormiguero&#8217; (15.3%)\n<\/p>\n<p>            <img decoding=\"async\" class=\"lazy\" loading=\"lazy\" data-src=\"https:\/\/static.eldiario.es\/clip\/516cf0e4-5629-4bef-8c62-0536b6ba4466_16-9-aspect-ratio_default_0.jpg\" src=\"data:image\/svg+xml,%3Csvg xmlns=\" http:=\"\" viewbox=\"0 0 880 495\" alt=\"'La Revuelta' (20.4%) ve la 'Lux' con Rosal\u00eda: r\u00e9cord hist\u00f3rico y amplia victoria ante un meritorio 'Hormiguero' (15.3%)\"\/><\/p>\n<p>                        <\/a><\/p>\n<p>    As\u00ed suena el primer single de Andy sin Lucas<\/p>\n<p class=\"article-text\">\n        Para despedir su visita a El Hormiguero, Andy Morales interpret\u00f3 en directo Marioneta, su primera canci\u00f3n fuera de Andy y Lucas con <strong>pullas a su excompa\u00f1ero:<\/strong>\n    <\/p>\n<blockquote class=\"twitter-tweet\" data-lang=\"es\"><p><a href=\"https:\/\/twitter.com\/X\/status\/1988004270420226457?ref_src=twsrc%5Etfw\" rel=\"nofollow noopener\" target=\"_blank\"><\/p><\/blockquote>\n<p>                                    <script async src=\"https:\/\/platform.twitter.com\/widgets.js\" charset=\"utf-8\"><\/script><\/p>\n","protected":false},"excerpt":{"rendered":"El siempre atractivo duelo de access prime time tuvo este lunes 10 de noviembre un plus de morbo.&hellip;\n","protected":false},"author":2,"featured_media":230454,"comment_status":"","ping_status":"","sticky":false,"template":"","format":"standard","meta":{"footnotes":""},"categories":[174],"tags":[13332,16221,15350,255,11318,534,146,147,25,24,256,13331,17775,7357,689,3968,19654,2877,23],"class_list":{"0":"post-230453","1":"post","2":"type-post","3":"status-publish","4":"format-standard","5":"has-post-thumbnail","7":"category-famosos","8":"tag-amores","9":"tag-andy","10":"tag-cancion","11":"tag-celebrities","12":"tag-cobro","13":"tag-dinero","14":"tag-entertainment","15":"tag-entretenimiento","16":"tag-es","17":"tag-espana","18":"tag-famosos","19":"tag-hablo","20":"tag-hormiguero","21":"tag-lucas","22":"tag-no","23":"tag-pelea","24":"tag-presento","25":"tag-son","26":"tag-spain"},"share_on_mastodon":{"url":"https:\/\/pubeurope.com\/@es\/115531348033775598","error":""},"_links":{"self":[{"href":"https:\/\/www.europesays.com\/es\/wp-json\/wp\/v2\/posts\/230453","targetHints":{"allow":["GET"]}}],"collection":[{"href":"https:\/\/www.europesays.com\/es\/wp-json\/wp\/v2\/posts"}],"about":[{"href":"https:\/\/www.europesays.com\/es\/wp-json\/wp\/v2\/types\/post"}],"author":[{"embeddable":true,"href":"https:\/\/www.europesays.com\/es\/wp-json\/wp\/v2\/users\/2"}],"replies":[{"embeddable":true,"href":"https:\/\/www.europesays.com\/es\/wp-json\/wp\/v2\/comments?post=230453"}],"version-history":[{"count":0,"href":"https:\/\/www.europesays.com\/es\/wp-json\/wp\/v2\/posts\/230453\/revisions"}],"wp:featuredmedia":[{"embeddable":true,"href":"https:\/\/www.europesays.com\/es\/wp-json\/wp\/v2\/media\/230454"}],"wp:attachment":[{"href":"https:\/\/www.europesays.com\/es\/wp-json\/wp\/v2\/media?parent=230453"}],"wp:term":[{"taxonomy":"category","embeddable":true,"href":"https:\/\/www.europesays.com\/es\/wp-json\/wp\/v2\/categories?post=230453"},{"taxonomy":"post_tag","embeddable":true,"href":"https:\/\/www.europesays.com\/es\/wp-json\/wp\/v2\/tags?post=230453"}],"curies":[{"name":"wp","href":"https:\/\/api.w.org\/{rel}","templated":true}]}}