{"id":230457,"date":"2025-11-11T13:42:11","date_gmt":"2025-11-11T13:42:11","guid":{"rendered":"https:\/\/www.europesays.com\/es\/230457\/"},"modified":"2025-11-11T13:42:11","modified_gmt":"2025-11-11T13:42:11","slug":"audiencias-television-el-crims-sobre-bellvitge-supero-en-audiencia-a-la-revuelta-con-rosalia-y-el-hormiguero-con-andy","status":"publish","type":"post","link":"https:\/\/www.europesays.com\/es\/230457\/","title":{"rendered":"AUDIENCIAS TELEVISI\u00d3N | El &#8216;Crims&#8217; sobre Bellvitge super\u00f3 en audiencia a &#8216;La revuelta&#8217; con Rosal\u00eda y &#8216;El hormiguero&#8217; con Andy"},"content":{"rendered":"<p class=\"ft-text ft-helper-closenews\">Este lunes, la expectaci\u00f3n era m\u00e1xima por <a class=\"ft-link ft-link--decoration\" href=\"https:\/\/www.elperiodico.com\/es\/tele\/20251110\/rosalia-visita-revuelta-primera-vez-123573705\" rel=\"nofollow noopener\" target=\"_blank\">la <\/a><a class=\"ft-link ft-link--decoration\" href=\"https:\/\/www.elperiodico.com\/es\/tele\/20251110\/rosalia-visita-revuelta-primera-vez-123573705\" rel=\"nofollow noopener\" target=\"_blank\"><strong>batalla televisiva<\/strong><\/a><a class=\"ft-link ft-link--decoration\" href=\"https:\/\/www.elperiodico.com\/es\/tele\/20251110\/rosalia-visita-revuelta-primera-vez-123573705\" rel=\"nofollow noopener\" target=\"_blank\"> entre dos de los programas estrella<\/a> de <strong>Antena 3 y TVE: &#8216;El hormiguero&#8217;, <\/strong>que ten\u00eda como invitado a <strong>Andy Morales<\/strong> en su primera entrevista tras su &#8216;divorcio&#8217; profesional de Lucas Gonz\u00e1lez, con el que form\u00f3 durante m\u00e1s de 20 a\u00f1os el d\u00fao Andy y Lucas; y<strong> &#8216;La revuelta&#8217;,<\/strong> que contaba con la visita del torbellino <strong>Rosal\u00eda<\/strong>, que acud\u00eda por primera vez al &#8216;show&#8217; de La 1.<\/p>\n<p class=\"ft-text\"><a class=\"ft-link ft-link--decoration\" href=\"https:\/\/www.elperiodico.com\/es\/tele\/20251111\/revuelta-hormiguero-rosalia-audiencias-10-noviembre-2025-123563289\" rel=\"nofollow noopener\" target=\"_blank\">El duelo se sald\u00f3 a favor del programa de <\/a><strong>David<\/strong> <a class=\"ft-link ft-link--decoration\" href=\"https:\/\/www.elperiodico.com\/es\/tele\/20251111\/revuelta-hormiguero-rosalia-audiencias-10-noviembre-2025-123563289\" rel=\"nofollow noopener\" target=\"_blank\"><strong>Broncano<\/strong><\/a><strong>,<\/strong> que se impuso con su mejor registro hist\u00f3rico (<strong>2.706.000 telespectadores y un 20,4%<\/strong>), frente a los tambi\u00e9n meritorios <strong>2.046.000 fans y el 15,3% de &#8216;share&#8217; <\/strong>que tuvo el &#8216;show&#8217; de Pablo Motos.<\/p>\n<p>El doble crimen de Bellvitge<\/p>\n<p class=\"ft-text\">Pero en\u00a0<strong>Catalunya<\/strong>\u00a0el gato al agua se lo llevaron <a href=\"https:\/\/www.elperiodico.com\/es\/tele\/20251110\/crims-tv3-crimen-bellvitge-carles-porta-123389390\" class=\"ft-link ft-link--decoration\" rel=\"nofollow noopener\" target=\"_blank\">los nuevos episodios de &#8216;Crims&#8217; en TV3<\/a>. El programa de\u00a0<strong>Carles Porta,<\/strong>\u00a0que este lunes regresaba a la cadena con el primero de los tres cap\u00edtulos dedicados al\u00a0<strong>doble crimen de Bellvitge<\/strong>, ha liderado el &#8216;prime time&#8217; con <strong>388.000 telespectadores y un 20,4% de cuota. <\/strong>Super\u00f3 a &#8216;La revuelta&#8217; (320.000 y 17,7%) y a &#8216;El hormiguero&#8217;, que no se col\u00f3 entre los 20 espacios m\u00e1s vistos del d\u00eda en Catalunya.<\/p>\n<p data-close=\"closedContent\" class=\"subscribeHideForDisplay\">Suscr\u00edbete para seguir leyendo<\/p>\n","protected":false},"excerpt":{"rendered":"Este lunes, la expectaci\u00f3n era m\u00e1xima por la batalla televisiva entre dos de los programas estrella de Antena&hellip;\n","protected":false},"author":2,"featured_media":230458,"comment_status":"","ping_status":"","sticky":false,"template":"","format":"standard","meta":{"footnotes":""},"categories":[171],"tags":[4040,4294,5659,42353,9029,5813,146,147,25,24,29956,5812,528,4147,23,214,7151,14720,3156],"class_list":{"0":"post-230457","1":"post","2":"type-post","3":"status-publish","4":"format-standard","5":"has-post-thumbnail","7":"category-tv","8":"tag-antena-3","9":"tag-audiencia","10":"tag-audiencias-television","11":"tag-crims","12":"tag-david-broncano","13":"tag-el-hormiguero","14":"tag-entertainment","15":"tag-entretenimiento","16":"tag-es","17":"tag-espana","18":"tag-la-revuelta","19":"tag-pablo-motos","20":"tag-revuelta","21":"tag-rosalia","22":"tag-spain","23":"tag-tv","24":"tag-tv3","25":"tag-tv3-television-de-catalunya","26":"tag-tve"},"share_on_mastodon":{"url":"https:\/\/pubeurope.com\/@es\/115531359636017006","error":""},"_links":{"self":[{"href":"https:\/\/www.europesays.com\/es\/wp-json\/wp\/v2\/posts\/230457","targetHints":{"allow":["GET"]}}],"collection":[{"href":"https:\/\/www.europesays.com\/es\/wp-json\/wp\/v2\/posts"}],"about":[{"href":"https:\/\/www.europesays.com\/es\/wp-json\/wp\/v2\/types\/post"}],"author":[{"embeddable":true,"href":"https:\/\/www.europesays.com\/es\/wp-json\/wp\/v2\/users\/2"}],"replies":[{"embeddable":true,"href":"https:\/\/www.europesays.com\/es\/wp-json\/wp\/v2\/comments?post=230457"}],"version-history":[{"count":0,"href":"https:\/\/www.europesays.com\/es\/wp-json\/wp\/v2\/posts\/230457\/revisions"}],"wp:featuredmedia":[{"embeddable":true,"href":"https:\/\/www.europesays.com\/es\/wp-json\/wp\/v2\/media\/230458"}],"wp:attachment":[{"href":"https:\/\/www.europesays.com\/es\/wp-json\/wp\/v2\/media?parent=230457"}],"wp:term":[{"taxonomy":"category","embeddable":true,"href":"https:\/\/www.europesays.com\/es\/wp-json\/wp\/v2\/categories?post=230457"},{"taxonomy":"post_tag","embeddable":true,"href":"https:\/\/www.europesays.com\/es\/wp-json\/wp\/v2\/tags?post=230457"}],"curies":[{"name":"wp","href":"https:\/\/api.w.org\/{rel}","templated":true}]}}