{"id":230471,"date":"2025-11-11T13:50:12","date_gmt":"2025-11-11T13:50:12","guid":{"rendered":"https:\/\/www.europesays.com\/es\/230471\/"},"modified":"2025-11-11T13:50:12","modified_gmt":"2025-11-11T13:50:12","slug":"trump-recibe-al-presidente-de-siria-en-una-historica-cita-en-la-casa-blanca","status":"publish","type":"post","link":"https:\/\/www.europesays.com\/es\/230471\/","title":{"rendered":"Trump recibe al presidente de Siria en una hist\u00f3rica cita en la Casa Blanca"},"content":{"rendered":"<p>    <img src=\"https:\/\/www.europesays.com\/es\/wp-content\/uploads\/2025\/11\/2025-11-11T103A253A31Z-90312637.jpg\" width=\"1024\" height=\"682\" alt=\"\" loading=\"eager\" decoding=\"sync\" fetchpriority=\"high\"\/><\/p>\n<p>            afp_tickers        <\/p>\n<p>        Este contenido fue publicado en    <\/p>\n<p>        11 noviembre 2025 &#8211; 11:25\n<\/p>\n<p>De la lista negra del FBI a la Casa Blanca: Donald Trump recibi\u00f3 el lunes a Ahmed al Sharaa, una primicia para un jefe de Estado sirio y una consagraci\u00f3n para el exyihadista.<\/p>\n<p>Al Sharaa, que lider\u00f3 una coalici\u00f3n rebelde de islamistas que derroc\u00f3 a Bashar al Asad en diciembre pasado tras d\u00e9cadas en el poder, es el primer l\u00edder sirio en visitar la Casa Blanca desde la independencia del pa\u00eds en 1946.<\/p>\n<p>\u00abMe cae bien\u00bb, dijo Trump tras el encuentro, que se llev\u00f3 a cabo lejos de las c\u00e1maras. Agreg\u00f3 que quiere que Siria se convierta en un pa\u00eds \u00abmuy exitoso\u00bb tras 14 a\u00f1os de guerra civil y que Al Sharaa \u00abpuede lograrlo\u00bb.<\/p>\n<p>El mandatario estadounidense dijo que Siria es una \u00abparte importante\u00bb de su plan de paz para Medio Oriente. Pero no confirm\u00f3 si Damasco firmar\u00eda un pacto de no agresi\u00f3n con Israel, su enemigo de larga data.<\/p>\n<p>Despu\u00e9s del encuentro entre el republicano y Al Sharaa, un alto funcionario estadounidense inform\u00f3 que Damasco podr\u00e1 reabrir su embajada en Washington y adem\u00e1s se unir\u00e1 a la coalici\u00f3n internacional dirigida por Estados Unidos contra el Estado Isl\u00e1mico.<\/p>\n<p>\u00abSiria anunci\u00f3 que se unir\u00e1 a la Coalici\u00f3n Global para Derrotar al ISIS\u00bb, dijo la fuente.\u00a0<\/p>\n<p>Tambi\u00e9n inform\u00f3 que a Siria se le permitir\u00e1 reabrir su embajada en Washington \u00abpara promover la coordinaci\u00f3n en materia de contraterrorismo, seguridad y econom\u00eda\u00bb.<\/p>\n<p>Con motivo de esta visita hist\u00f3rica, el Departamento de Estado anunci\u00f3 una nueva pausa en las sanciones estadounidenses, mientras se espera que el Congreso eventualmente las levante de manera definitiva.<\/p>\n<p>Al Sharaa lleg\u00f3 discretamente a la Casa Blanca.\u00a0<\/p>\n<p>Ingres\u00f3 por una entrada lateral, sin el protocolo habitualmente reservado a los jefes de Estado y de gobierno extranjeros, a quienes el presidente estadounidense casi siempre recibe en el p\u00f3rtico.\u00a0<\/p>\n<p>\u2013 Partidarios \u2013<\/p>\n<p>Los periodistas tampoco fueron invitados a la Oficina Oval en presencia de los dos l\u00edderes, al contrario de lo que suele ocurrir en visitas oficiales.<\/p>\n<p>El l\u00edder sirio se retir\u00f3 sobre las 13H20 hora local (18H20 GMT) y se detuvo unos instantes para saludar a partidarios que lo aclamaban frente a la Casa Blanca.\u00a0<\/p>\n<p>Despu\u00e9s, Sharaa fue entrevistado por la cadena conservadora Fox News, donde afirm\u00f3 que la disputa en curso de Siria con Israel sobre el territorio de los Altos del Gol\u00e1n dificultar\u00eda el inicio de conversaciones de paz en este momento.\u00a0<\/p>\n<p>Sin embargo, sugiri\u00f3 que las conversaciones facilitadas por Trump y Washington podr\u00edan ayudar a iniciar negociaciones.<\/p>\n<p>Al Sharaa obtuvo una nueva pausa de 180 d\u00edas de la ley C\u00e9sar que impon\u00eda sanciones estadounidenses dr\u00e1sticas contra el gobierno de Bashar al Asad, ya suspendida en mayo.\u00a0<\/p>\n<p>El gobierno de Trump quiere una derogaci\u00f3n completa de esta ley de 2019, que excluye a Siria del sistema bancario internacional y de las transacciones financieras en d\u00f3lares, pero esto requiere una votaci\u00f3n del Congreso.<\/p>\n<p>\u2013 Base militar \u2013<\/p>\n<p>Estados Unidos, por su parte, planea establecer una base militar cerca de Damasco, \u00abpara coordinar la ayuda humanitaria y observar los desarrollos entre Siria e Israel\u00bb, seg\u00fan dijo una fuente diplom\u00e1tica en Siria.<\/p>\n<p>Washington retir\u00f3 el viernes a Al Sharaa, de 43 a\u00f1os, de la lista negra de terroristas.\u00a0<\/p>\n<p>Desde 2017 y hasta diciembre pasado, el FBI ofrec\u00eda una recompensa de 10 millones de d\u00f3lares por cualquier informaci\u00f3n que llevara al arresto del l\u00edder de la antigua rama local de Al Qaida, el grupo Hayat Tahrir al-Sham (HTS).<\/p>\n<p>Desde que asumi\u00f3 el poder, el dirigente sirio ha roto con su pasado y se abri\u00f3 a Occidente y los Estados de la regi\u00f3n, incluido Israel, con el cual su pa\u00eds est\u00e1 te\u00f3ricamente en guerra.<\/p>\n<p>Sin embargo, tambi\u00e9n prometi\u00f3 \u00abredefinir\u00bb la relaci\u00f3n de Siria con la Rusia de Vladimir Putin, con quien Al Sharaa se reuni\u00f3 en Mosc\u00fa hace menos de un mes. Rusia es un aliado clave de Al Asad, quien se encuentra asilado all\u00ed.<\/p>\n<p>\u00abTrump lleva a Al Sharaa a la Casa Blanca para decir que ya no es un terrorista (\u2026) sino un l\u00edder pragm\u00e1tico y, sobre todo, flexible que, bajo la direcci\u00f3n estadounidense y saud\u00ed, har\u00e1 de Siria un pilar estrat\u00e9gico regional\u00bb, explica el analista Nick Heras.<\/p>\n<p>bur-aue\/cyb\/ad\/mr\/cr\/mr<\/p>\n","protected":false},"excerpt":{"rendered":"afp_tickers Este contenido fue publicado en 11 noviembre 2025 &#8211; 11:25 De la lista negra del FBI a&hellip;\n","protected":false},"author":2,"featured_media":230472,"comment_status":"","ping_status":"","sticky":false,"template":"","format":"standard","meta":{"footnotes":""},"categories":[42],"tags":[17,18,83,13,14,11,61,62,63,86,64,19,20,9,10,15,16,88,90,12,21,22,65,66,67],"class_list":{"0":"post-230471","1":"post","2":"type-post","3":"status-publish","4":"format-standard","5":"has-post-thumbnail","7":"category-internacional","8":"tag-breaking-news","9":"tag-breakingnews","10":"tag-diplomacy","11":"tag-featured-news","12":"tag-featurednews","13":"tag-headlines","14":"tag-internacional","15":"tag-international","16":"tag-international-news","17":"tag-international-relations","18":"tag-internationalnews","19":"tag-latest-news","20":"tag-latestnews","21":"tag-news","22":"tag-noticias","23":"tag-noticias-destacadas","24":"tag-noticiasdestacadas","25":"tag-politics","26":"tag-ticker","27":"tag-titulares","28":"tag-ultimas-noticias","29":"tag-ultimasnoticias","30":"tag-world","31":"tag-world-news","32":"tag-worldnews"},"share_on_mastodon":{"url":"https:\/\/pubeurope.com\/@es\/115531391293309911","error":""},"_links":{"self":[{"href":"https:\/\/www.europesays.com\/es\/wp-json\/wp\/v2\/posts\/230471","targetHints":{"allow":["GET"]}}],"collection":[{"href":"https:\/\/www.europesays.com\/es\/wp-json\/wp\/v2\/posts"}],"about":[{"href":"https:\/\/www.europesays.com\/es\/wp-json\/wp\/v2\/types\/post"}],"author":[{"embeddable":true,"href":"https:\/\/www.europesays.com\/es\/wp-json\/wp\/v2\/users\/2"}],"replies":[{"embeddable":true,"href":"https:\/\/www.europesays.com\/es\/wp-json\/wp\/v2\/comments?post=230471"}],"version-history":[{"count":0,"href":"https:\/\/www.europesays.com\/es\/wp-json\/wp\/v2\/posts\/230471\/revisions"}],"wp:featuredmedia":[{"embeddable":true,"href":"https:\/\/www.europesays.com\/es\/wp-json\/wp\/v2\/media\/230472"}],"wp:attachment":[{"href":"https:\/\/www.europesays.com\/es\/wp-json\/wp\/v2\/media?parent=230471"}],"wp:term":[{"taxonomy":"category","embeddable":true,"href":"https:\/\/www.europesays.com\/es\/wp-json\/wp\/v2\/categories?post=230471"},{"taxonomy":"post_tag","embeddable":true,"href":"https:\/\/www.europesays.com\/es\/wp-json\/wp\/v2\/tags?post=230471"}],"curies":[{"name":"wp","href":"https:\/\/api.w.org\/{rel}","templated":true}]}}