{"id":230473,"date":"2025-11-11T13:51:09","date_gmt":"2025-11-11T13:51:09","guid":{"rendered":"https:\/\/www.europesays.com\/es\/230473\/"},"modified":"2025-11-11T13:51:09","modified_gmt":"2025-11-11T13:51:09","slug":"que-pasa-con-el-obispo-de-cadiz-acusado-de-pederastia-cuando-era-sacerdote-en-getafe","status":"publish","type":"post","link":"https:\/\/www.europesays.com\/es\/230473\/","title":{"rendered":"Qu\u00e9 pasa con el Obispo de C\u00e1diz: acusado de pederastia cuando era sacerdote en Getafe"},"content":{"rendered":"<p class=\"articleParagraph\">El obispo de C\u00e1diz, Rafael Zornoza, ha sido acusado de agredir sexualmente a un menor en los a\u00f1os 90, cuando era cura en Getafe, y el Vaticano ha abierto una investigaci\u00f3n por pederastia.<\/p>\n<p class=\"articleParagraph\">Se trata de la primera vez que en Espa\u00f1a se conoce un caso de abusos que afecta al jefe de una di\u00f3cesis.<\/p>\n<p class=\"articleParagraph\">Seg\u00fan public\u00f3 el diario &#8216;El Pa\u00eds&#8217;, la v\u00edctima envi\u00f3 este verano una denuncia por correo al Dicasterio de Doctrina de la Fe en la que cont\u00f3 los hechos y reclamaba que se tomaran medidas.<\/p>\n<p class=\"articleParagraph\">El obispo de C\u00e1diz y Ceuta, Rafael Zornoza, de 76 a\u00f1os, y seg\u00fan la denuncia de la v\u00edctima, habr\u00eda abusado presuntamente de \u00e9l de los 14 a los 21 a\u00f1os.<\/p>\n<p class=\"articleParagraph\">El diario &#8216;El Pa\u00eds&#8217;, que tuvo acceso a la denuncia, public\u00f3 parte de la denuncia en la que la v\u00edctima dec\u00eda que escrib\u00eda la carta solo con la intenci\u00f3n de evitar que lo que le sucedi\u00f3 a \u00e9l le pudiera seguir pasando a otro ni\u00f1o.<\/p>\n<p class=\"articleParagraph\">Los presuntos abusos se habr\u00edan producido en 1994, cuando el ahora obispo ten\u00eda 45 a\u00f1os y dirig\u00eda el seminario mayor de la di\u00f3cesis de Getafe. <b>La v\u00edctima acusa al obispo de haber abusado de \u00e9l de los 14 a los 21 a\u00f1os. <\/b><\/p>\n<p class=\"articleParagraph\">Seg\u00fan relata la v\u00edctima en la carta publicada por &#8216;El Pa\u00eds&#8217;, los presuntos abusos se habr\u00edan producido por las noches de los fines de semana que acud\u00eda al seminario.<\/p>\n<p class=\"articleParagraph\">Al parecer los abusos denunciados son tocamientos, caricias en partes \u00edntimas y besos en la boca.<\/p>\n<p>La Iglesia apela a la presunci\u00f3n de inocencia\u00bb<\/p>\n<p class=\"articleParagraph\"><b>El Obispado de C\u00e1diz y Ceuta ha difundido un comunicado en el que califica las acusaciones de \u00abmuy graves y adem\u00e1s falsas\u00bb, <\/b>y <b>anuncia la \u00absuspensi\u00f3n temporal de la agenda del obispo para el esclarecimiento de los hechos <\/b>y para atender el tratamiento de un c\u00e1ncer agresivo que est\u00e1 recibiendo\u00bb.\u200b<\/p>\n<blockquote class=\"articleQuote\"><p>Es un drama <\/p><\/blockquote>\n<p class=\"articleParagraph\">Por su parte, el arzobispo de Madrid, Jos\u00e9 Cobo, ha admitido que la acusaci\u00f3n sobre el obispo Zornoza, por un presunto delito de abusos sexuales contra un menor es una \u00abdrama\u00bb, si bien ha mostrado \u00abmucha confianza\u00bb en la investigaci\u00f3n de la Santa Sede y en que se resuelva \u00abcon rapidez\u00bb.<\/p>\n<p class=\"articleParagraph\"><b>\u00abPara la Iglesia siempre es un drama<\/b>. Tambi\u00e9n asistir que son dos hijos de la Iglesia, que hay un conflicto, pero yo creo que la cosa est\u00e1 en buenas manos, los cauces que tenemos son cauces buenos\u00bb, ha remarcado.<\/p>\n<p>La Conferencia Episcopal conf\u00eda en la justicia<\/p>\n<p class=\"articleParagraph\">Tras la apertura de la investigaci\u00f3n y la suspensi\u00f3n de funciones del obispo, <b>la Conferencia Episcopal Espa\u00f1ola ha expresado su \u00abconfianza en la justicia\u00bb<\/b> y ha manifestado su respeto por el procedimiento que instruyen las instancias eclesi\u00e1sticas.<\/p>\n<p class=\"articleParagraph\">Por otro lado, d<b>esde el entorno diocesano conf\u00edan en que \u00abla presunci\u00f3n de inocencia\u00bb prevalezca mientras no haya resoluci\u00f3n firme<\/b>, y han reiterado la voluntad de colaboraci\u00f3n con la investigaci\u00f3n en curso.\u200b<\/p>\n","protected":false},"excerpt":{"rendered":"El obispo de C\u00e1diz, Rafael Zornoza, ha sido acusado de agredir sexualmente a un menor en los a\u00f1os&hellip;\n","protected":false},"author":2,"featured_media":230474,"comment_status":"","ping_status":"","sticky":false,"template":"","format":"standard","meta":{"footnotes":""},"categories":[8],"tags":[17,18,25,24,13,14,11,19,20,9,10,15,16,23,12,21,22],"class_list":{"0":"post-230473","1":"post","2":"type-post","3":"status-publish","4":"format-standard","5":"has-post-thumbnail","7":"category-espana","8":"tag-breaking-news","9":"tag-breakingnews","10":"tag-es","11":"tag-espana","12":"tag-featured-news","13":"tag-featurednews","14":"tag-headlines","15":"tag-latest-news","16":"tag-latestnews","17":"tag-news","18":"tag-noticias","19":"tag-noticias-destacadas","20":"tag-noticiasdestacadas","21":"tag-spain","22":"tag-titulares","23":"tag-ultimas-noticias","24":"tag-ultimasnoticias"},"share_on_mastodon":{"url":"https:\/\/pubeurope.com\/@es\/115531394918793301","error":""},"_links":{"self":[{"href":"https:\/\/www.europesays.com\/es\/wp-json\/wp\/v2\/posts\/230473","targetHints":{"allow":["GET"]}}],"collection":[{"href":"https:\/\/www.europesays.com\/es\/wp-json\/wp\/v2\/posts"}],"about":[{"href":"https:\/\/www.europesays.com\/es\/wp-json\/wp\/v2\/types\/post"}],"author":[{"embeddable":true,"href":"https:\/\/www.europesays.com\/es\/wp-json\/wp\/v2\/users\/2"}],"replies":[{"embeddable":true,"href":"https:\/\/www.europesays.com\/es\/wp-json\/wp\/v2\/comments?post=230473"}],"version-history":[{"count":0,"href":"https:\/\/www.europesays.com\/es\/wp-json\/wp\/v2\/posts\/230473\/revisions"}],"wp:featuredmedia":[{"embeddable":true,"href":"https:\/\/www.europesays.com\/es\/wp-json\/wp\/v2\/media\/230474"}],"wp:attachment":[{"href":"https:\/\/www.europesays.com\/es\/wp-json\/wp\/v2\/media?parent=230473"}],"wp:term":[{"taxonomy":"category","embeddable":true,"href":"https:\/\/www.europesays.com\/es\/wp-json\/wp\/v2\/categories?post=230473"},{"taxonomy":"post_tag","embeddable":true,"href":"https:\/\/www.europesays.com\/es\/wp-json\/wp\/v2\/tags?post=230473"}],"curies":[{"name":"wp","href":"https:\/\/api.w.org\/{rel}","templated":true}]}}