{"id":230479,"date":"2025-11-11T14:00:18","date_gmt":"2025-11-11T14:00:18","guid":{"rendered":"https:\/\/www.europesays.com\/es\/230479\/"},"modified":"2025-11-11T14:00:18","modified_gmt":"2025-11-11T14:00:18","slug":"el-surne-bilbao-basket-progresa-adecuadamente-al-ritmo-de-sus-bases","status":"publish","type":"post","link":"https:\/\/www.europesays.com\/es\/230479\/","title":{"rendered":"El Surne Bilbao Basket progresa adecuadamente al ritmo de sus bases"},"content":{"rendered":"<p>\n        <strong>Victorias tan contundentes como la que cosech\u00f3 el domingo el <\/strong><a href=\"https:\/\/www.deia.eus\/deportes\/bilbao-basket\/\" title=\"Surne Bilbao Basket\" class=\"link copy\" rel=\"nofollow noopener\" target=\"_blank\">Surne Bilbao Basket<\/a> ante el Casademont Zaragoza <a href=\"https:\/\/www.deia.eus\/bilbao-basket\/2025\/11\/09\/surne-bilbao-basket-arrolla-piedad-zaragoza-10323713.html\" title=\"(106-75)\" target=\"_blank\" class=\"link copy\" rel=\"nofollow noopener\">(106-75)<\/a> se sustentan en diversos aspectos del juego. En su an\u00e1lisis posterior al partido, <a href=\"https:\/\/www.deia.eus\/tags\/jaume-ponsarnau\/\" title=\"Jaume Ponsarnau\" class=\"link copy\" rel=\"nofollow noopener\" target=\"_blank\"><strong>Jaume Ponsarnau<\/strong><\/a><strong> reconoci\u00f3 que la \u00faltima semana hab\u00eda sido importante,<\/strong> incluido el triunfo tambi\u00e9n autoritario en la <strong>cancha del Peristeri<\/strong>, para \u201creconocer las cosas que nos van bien y ser m\u00e1s s\u00f3lidos en ellas\u201d, y destac\u00f3 <strong>\u201cel paso adelante en defensa\u201d<\/strong>, los \u201cequilibrios que ha establecido el equipo\u201d con <strong>la recuperaci\u00f3n de Bassala Bagayoko<\/strong>, el hecho de \u201chaber encontrado la <strong>forma de jugar con Darrun Hilliard\u201d<\/strong>, que \u201cJustin (Jaworski) ha entrado en din\u00e1mica\u201d&#8230; pero por encima de todos ellos puso en valor <strong>\u201cun cambio muy importante: los bases se han apoderado del juego\u201d.<\/strong>\n<\/p>\n<blockquote class=\"twitter-tweet\" data-lang=\"es\">\n<p lang=\"es\" dir=\"ltr\">Melwin Pantzar, mejor marca individual hist\u00f3rica de Surne Bilbao Basket con 14 asistencias.<\/p>\n<p>Supera en 3 las 11 que compart\u00edan Quino Colom (3 ocasiones), Javi Salgado (2 ocasiones), Jonathan Tabu y Ludde Hakanson <a href=\"https:\/\/t.co\/zaoizeihHb\" rel=\"nofollow\">pic.twitter.com\/zaoizeihHb<\/a><\/p>\n<p>\u2014 Surne Bilbao Basket \ud83d\ude0e (@bilbaobasket) <a href=\"https:\/\/twitter.com\/bilbaobasket\/status\/1987601381675462921?ref_src=twsrc%5Etfw\" rel=\"nofollow noopener\" target=\"_blank\">9 de noviembre de 2025<\/a><\/p><\/blockquote>\n<p class=\"article-body__text \">\n        Tanto en el caso de <strong>Harald Frey, fundamental a la hora de romper el partido en tierras griegas,<\/strong> como en el de <strong>Melwin Pantzar, con un <\/strong><a href=\"https:\/\/www.deia.eus\/bilbao-basket\/2025\/11\/10\/tarde-acopio-records-surne-bilbao-basket-zaragoza-10324910.html\" title=\"hist\u00f3rico encuentro\" target=\"_blank\" class=\"link copy\" rel=\"nofollow noopener\"><strong>hist\u00f3rico encuentro<\/strong><\/a><strong> de 14 asistencias ante los ma\u00f1os, <\/strong>el paso al frente dado por los dos directores de juego de los hombres de negro en estas \u00faltimas citas de una <strong>semana que ten\u00eda una notable trascendencia <\/strong>para el equipo vizcaino ha sido plausible. Y no solo en lo meramente num\u00e9rico, sino en lo que respecta a la <strong>lectura de los partido, a saber lo que conviene en cada una de sus fases<\/strong> y en la activaci\u00f3n de sus compa\u00f1eros.\n<\/p>\n<p>  Brillo<\/p>\n<p class=\"article-body__text \">\n        Si ante el Peristeri fue el noruego el que desnivel\u00f3 la balanza en un<strong> \u00faltimo cuarto de direcci\u00f3n magistral,<\/strong> lo de Pantzar el domingo para<strong> aniquilar al Zaragoza fue antol\u00f3gico en las dos canastas.<\/strong> Ambos, sobre todo\u00a0Frey, <strong>empezaron el ejercicio imprecisos<\/strong>, con problemas para activar con acierto al nuevo ecosistema que les rodea y tambi\u00e9n para generar peligro por s\u00ed mismos, pero la armon\u00eda ha crecido <strong>desde el trabajo llevado a cabo en la sala de m\u00e1quinas de Artxanda.<\/strong>\n<\/p>\n<p class=\"article-body__text \">\n        En un encuentro como el del pasado mi\u00e9rcoles en el que el <a href=\"https:\/\/www.deia.eus\/tags\/surne-bilbao-basket\/\" title=\"Surne Bilbao Basket\" class=\"link copy\" rel=\"nofollow noopener\" target=\"_blank\">Surne Bilbao Basket<\/a> estaba <strong>obligado a ganar por m\u00e1s de tres puntos para acceder al primer puesto<\/strong> del Grupo E de la FIBA Europe Cup y que lleg\u00f3 a sus diez minutos finales con un 54-61 que lo dejaba todo en el aire, e<strong>l base noruego se adue\u00f1\u00f3 de los acontecimientos<\/strong> en cancha en esos momentos de la verdad para meter<strong> 11 de sus 18 puntos y repartir tres de sus cinco asistencias, <\/strong>dos para mates de Bagayoko y la otra para triple de Aleix Font. Vamos, que <strong>del parcial de <\/strong><a href=\"https:\/\/www.fiba.basketball\/en\/events\/fiba-europe-cup-25-26\/games\/128749-PERI-SBB#boxscore\" title=\"10-25\" rel=\"nofollow noopener\" target=\"_blank\" class=\"link copy\">10-25 con el que acab\u00f3 la contienda, fue <strong>ejecutor o facilitador en 18.<\/strong><\/a>\n<\/p>\n<p>  Hist\u00f3rico<\/p>\n<p class=\"article-body__text \">\n        Y qu\u00e9 decir de <strong>lo de Pantzar<\/strong> ante el conjunto de Jes\u00fas Ram\u00edrez. Sus <strong>12 puntos, 14 asistencias y cuatro robos de bal\u00f3n para acabar con 30 cr\u00e9ditos de valoraci\u00f3n<\/strong> hablan a las claras de su dominio, acompa\u00f1ado de una excelente labor de retaguardia junto a todos sus compa\u00f1eros que hizo posible que <strong>la pareja de directores de juego del rival, Trae Bell-Haynes y Marco Spissu, acabaran con una sola canasta<\/strong> en juego anotada entre los dos y con el mismo n\u00famero de asistencias que de p\u00e9rdidas: seis.\n<\/p>\n<p>            <script async src=\"https:\/\/platform.twitter.com\/widgets.js\" charset=\"utf-8\"><\/script><\/p>\n","protected":false},"excerpt":{"rendered":"Victorias tan contundentes como la que cosech\u00f3 el domingo el Surne Bilbao Basket ante el Casademont Zaragoza (106-75)&hellip;\n","protected":false},"author":2,"featured_media":230480,"comment_status":"","ping_status":"","sticky":false,"template":"","format":"standard","meta":{"footnotes":""},"categories":[269],"tags":[299,1918,298,2601,168,25,24,29679,60390,29918,10911,23,167,40205],"class_list":{"0":"post-230479","1":"post","2":"type-post","3":"status-publish","4":"format-standard","5":"has-post-thumbnail","7":"category-baloncesto","8":"tag-baloncesto","9":"tag-basket","10":"tag-basketball","11":"tag-bilbao","12":"tag-deportes","13":"tag-es","14":"tag-espana","15":"tag-evoluciona","16":"tag-frey","17":"tag-pantzar","18":"tag-ritmo","19":"tag-spain","20":"tag-sports","21":"tag-surne"},"share_on_mastodon":{"url":"https:\/\/pubeurope.com\/@es\/115531430403990316","error":""},"_links":{"self":[{"href":"https:\/\/www.europesays.com\/es\/wp-json\/wp\/v2\/posts\/230479","targetHints":{"allow":["GET"]}}],"collection":[{"href":"https:\/\/www.europesays.com\/es\/wp-json\/wp\/v2\/posts"}],"about":[{"href":"https:\/\/www.europesays.com\/es\/wp-json\/wp\/v2\/types\/post"}],"author":[{"embeddable":true,"href":"https:\/\/www.europesays.com\/es\/wp-json\/wp\/v2\/users\/2"}],"replies":[{"embeddable":true,"href":"https:\/\/www.europesays.com\/es\/wp-json\/wp\/v2\/comments?post=230479"}],"version-history":[{"count":0,"href":"https:\/\/www.europesays.com\/es\/wp-json\/wp\/v2\/posts\/230479\/revisions"}],"wp:featuredmedia":[{"embeddable":true,"href":"https:\/\/www.europesays.com\/es\/wp-json\/wp\/v2\/media\/230480"}],"wp:attachment":[{"href":"https:\/\/www.europesays.com\/es\/wp-json\/wp\/v2\/media?parent=230479"}],"wp:term":[{"taxonomy":"category","embeddable":true,"href":"https:\/\/www.europesays.com\/es\/wp-json\/wp\/v2\/categories?post=230479"},{"taxonomy":"post_tag","embeddable":true,"href":"https:\/\/www.europesays.com\/es\/wp-json\/wp\/v2\/tags?post=230479"}],"curies":[{"name":"wp","href":"https:\/\/api.w.org\/{rel}","templated":true}]}}