{"id":230483,"date":"2025-11-11T14:02:13","date_gmt":"2025-11-11T14:02:13","guid":{"rendered":"https:\/\/www.europesays.com\/es\/230483\/"},"modified":"2025-11-11T14:02:13","modified_gmt":"2025-11-11T14:02:13","slug":"la-reaccion-de-blanca-romero-al-accidente-de-cayetano-rivera-esta-vivo-no","status":"publish","type":"post","link":"https:\/\/www.europesays.com\/es\/230483\/","title":{"rendered":"La reacci\u00f3n de Blanca Romero al accidente de Cayetano Rivera: \u201cEst\u00e1 vivo, \u00bfno?\u201d"},"content":{"rendered":"<p id=\"epKAqVf1vU\" data-wc=\"109\">Cayetano Rivera ha sembrado la preocupaci\u00f3n tras sufrir un accidente de tr\u00e1fico este domingo. El torero hizo chocar su furgoneta contra una palmera a la salida del Real Club Sevilla Golf, ubicado en Alcal\u00e1 de Guada\u00edra. El torero se encuentra bien y fuera de peligro, aunque molesto por las publicaciones que aseguran que dio positivo en el test de alcoholemia al que le habr\u00eda sometido la polic\u00eda, <a class=\"hm-link ho-link\" href=\"https:\/\/www.hola.com\/actualidad\/20251110866642\/cayetano-rivera-primeras-palabras-accidente-trafico\/\" data-mrf-recirculation=\"article-body-link\" rel=\"nofollow noopener\" target=\"_blank\">tal y como declar\u00f3 a &#8216;HOLA!<\/a>: \u00abIncre\u00edble que periodistas se inventen que di positivo. \u00a1Qu\u00e9 hartura!\u00bb. Blanca Romero, su expareja y madre de su hija Luc\u00eda, se ha enterado de la noticia por la prensa. Puedes ver su reacci\u00f3n en este v\u00eddeo.<\/p>\n","protected":false},"excerpt":{"rendered":"Cayetano Rivera ha sembrado la preocupaci\u00f3n tras sufrir un accidente de tr\u00e1fico este domingo. El torero hizo chocar&hellip;\n","protected":false},"author":2,"featured_media":230484,"comment_status":"","ping_status":"","sticky":false,"template":"","format":"standard","meta":{"footnotes":""},"categories":[174],"tags":[517,1269,1393,255,146,147,25,24,256,23],"class_list":{"0":"post-230483","1":"post","2":"type-post","3":"status-publish","4":"format-standard","5":"has-post-thumbnail","7":"category-famosos","8":"tag-actualidad","9":"tag-blanca-romero","10":"tag-cayetano-rivera","11":"tag-celebrities","12":"tag-entertainment","13":"tag-entretenimiento","14":"tag-es","15":"tag-espana","16":"tag-famosos","17":"tag-spain"},"share_on_mastodon":{"url":"https:\/\/pubeurope.com\/@es\/115531438041701170","error":""},"_links":{"self":[{"href":"https:\/\/www.europesays.com\/es\/wp-json\/wp\/v2\/posts\/230483","targetHints":{"allow":["GET"]}}],"collection":[{"href":"https:\/\/www.europesays.com\/es\/wp-json\/wp\/v2\/posts"}],"about":[{"href":"https:\/\/www.europesays.com\/es\/wp-json\/wp\/v2\/types\/post"}],"author":[{"embeddable":true,"href":"https:\/\/www.europesays.com\/es\/wp-json\/wp\/v2\/users\/2"}],"replies":[{"embeddable":true,"href":"https:\/\/www.europesays.com\/es\/wp-json\/wp\/v2\/comments?post=230483"}],"version-history":[{"count":0,"href":"https:\/\/www.europesays.com\/es\/wp-json\/wp\/v2\/posts\/230483\/revisions"}],"wp:featuredmedia":[{"embeddable":true,"href":"https:\/\/www.europesays.com\/es\/wp-json\/wp\/v2\/media\/230484"}],"wp:attachment":[{"href":"https:\/\/www.europesays.com\/es\/wp-json\/wp\/v2\/media?parent=230483"}],"wp:term":[{"taxonomy":"category","embeddable":true,"href":"https:\/\/www.europesays.com\/es\/wp-json\/wp\/v2\/categories?post=230483"},{"taxonomy":"post_tag","embeddable":true,"href":"https:\/\/www.europesays.com\/es\/wp-json\/wp\/v2\/tags?post=230483"}],"curies":[{"name":"wp","href":"https:\/\/api.w.org\/{rel}","templated":true}]}}