{"id":230497,"date":"2025-11-11T14:12:10","date_gmt":"2025-11-11T14:12:10","guid":{"rendered":"https:\/\/www.europesays.com\/es\/230497\/"},"modified":"2025-11-11T14:12:10","modified_gmt":"2025-11-11T14:12:10","slug":"validada-la-utilidad-de-banda-6ghz-para-comunicaciones-moviles","status":"publish","type":"post","link":"https:\/\/www.europesays.com\/es\/230497\/","title":{"rendered":"Validada la utilidad de banda 6GHz para comunicaciones m\u00f3viles"},"content":{"rendered":"<p><strong>Telef\u00f3nica<\/strong>, <strong>Nokia<\/strong> y la <strong>Universitat Polit\u00e8cnica de Val\u00e8ncia<\/strong> (UPV) han validado la utilidad de la <strong><a href=\"https:\/\/www.redestelecom.es\/comunicaciones\/bandas-de-frecuencia-en-espana-para-redes-moviles\/\" target=\"_blank\" rel=\"noreferrer noopener nofollow\">banda de 6 GHz<\/a><\/strong> (6.425-7.125 GHz, 3GPP n104) <strong>para comunicaciones m\u00f3viles<\/strong>.<\/p>\n<p>La prueba se ha desarrollado en el <strong>laboratorio hologr\u00e1fico 5G<\/strong>, creado conjuntamente por <strong><a href=\"https:\/\/guialbc.redestelecom.es\/telefonica-empresas\/\" target=\"_blank\" rel=\"noreferrer noopener nofollow\">Telef\u00f3nica<\/a><\/strong>, <strong><a href=\"https:\/\/guialbc.redestelecom.es\/nokia-spain\/\" target=\"_blank\" rel=\"noreferrer noopener nofollow\">Nokia<\/a><\/strong> y el instituto de investigaci\u00f3n <strong>iTEAM<\/strong> de la UPV en el Campus de Vera, un entorno pionero en Europa para la experimentaci\u00f3n de tecnolog\u00edas inal\u00e1mbricas avanzadas y sus aplicaciones. El laboratorio act\u00faa como banco de pruebas para casos de uso de <strong><a href=\"https:\/\/www.redestelecom.es\/especiales\/6g-lanzamiento-y-nuevas-oportunidades-de-esta-tecnologia-de-red\/\" target=\"_blank\" rel=\"noreferrer noopener nofollow\">6G<\/a><\/strong> que incluyen <strong><a href=\"https:\/\/www.redestelecom.es\/mercado\/que-es-una-experiencia-inmersiva\/\" target=\"_blank\" rel=\"noreferrer noopener nofollow\">comunicaciones inmersivas<\/a><\/strong> como la <strong><a href=\"https:\/\/www.redestelecom.es\/mercado\/que-es-la-realidad-aumentada-como-funciona-y-ejemplos\/\" target=\"_blank\" rel=\"noreferrer noopener nofollow\">realidad extendida<\/a><\/strong> y la <strong>holograf\u00eda<\/strong>.<\/p>\n<p><strong>Resultados del piloto<\/strong><\/p>\n<p>Durante la prueba se emplearon equipos de \u00faltima generaci\u00f3n, incluyendo una antena activa con capacidades de MIMO masivo de Nokia. Los resultados demostraron que <strong>esta banda puede brindar una cobertura similar a la banda 3.5 GHz<\/strong>, aprovechando las ubicaciones actuales de estaciones base, permitiendo aumentar significativamente la densidad de tr\u00e1fico con un despliegue de red eficiente, y ofreciendo el desempe\u00f1o requerido para los servicios de nueva generaci\u00f3n del futuro.<\/p>\n<p>En el piloto ha colaborado parte del equipo del proyecto europeo <strong>IMAGINE-B5G<\/strong> del programa <strong>Smart Networks and Services<\/strong> (SNS) (Grant ID 101096452), en el que participan UPV, Nokia y Telef\u00f3nica.<\/p>\n<p><strong>\u00bfPor qu\u00e9 es importante la banda de 6 GHz?<\/strong><\/p>\n<p>La banda de 6 GHz se <strong><a href=\"https:\/\/www.redestelecom.es\/operadoras\/banda-superior-de-6-ghz-la-nueva-urgencia-de-las-telco-europeas\/\" target=\"_blank\" rel=\"noreferrer noopener nofollow\">considera clave por parte de los principales operadores de telecomunicaciones europeos<\/a><\/strong>, incluyendo Telef\u00f3nica, para asegurar el futuro de la conectividad m\u00f3vil digital en Europa y el lanzamiento de los futuros servicios de nueva generaci\u00f3n. Esto se debe a que ofrece un <strong>ancho de banda significativamente superior al de la principal banda de 5G<\/strong>, la banda 3.5 GHz, lo que se traduce en m<strong>ayores velocidades, m\u00e1s capacidad y mayor eficiencia en el despliegue de redes<\/strong>, permitiendo introducir nuevos servicios avanzados.<\/p>\n<p>Dicha banda aprovechar\u00e1 el uso de <strong>antenas activas con MIMO masivo de orden superior <\/strong>(es decir, un mayor n\u00famero de antenas de transmisi\u00f3n y recepci\u00f3n) al utilizado en 3.5 GHz, que permiten concentrar la se\u00f1al y mantener la cobertura en entornos urbanos y suburbanos, adem\u00e1s de aumentar significativamente la capacidad de la red. De este modo, <strong>se compensa la mayor p\u00e9rdida de propagaci\u00f3n debido al uso de una frecuencia m\u00e1s alta<\/strong>. Esta combinaci\u00f3n de mayor capacidad y cobertura eficiente convierte la banda de 6 GHz en la \u00fanica oportunidad para <strong>lanzar 6G en el futuro en Europa<\/strong> <strong>en una banda que no est\u00e9 siendo utilizada por sistemas m\u00f3viles de generaciones previas<\/strong>.<\/p>\n","protected":false},"excerpt":{"rendered":"Telef\u00f3nica, Nokia y la Universitat Polit\u00e8cnica de Val\u00e8ncia (UPV) han validado la utilidad de la banda de 6&hellip;\n","protected":false},"author":2,"featured_media":230498,"comment_status":"","ping_status":"","sticky":false,"template":"","format":"standard","meta":{"footnotes":""},"categories":[80],"tags":[60392,82,10738,7075,95,94,25,24,7076,2239,2311,23],"class_list":{"0":"post-230497","1":"post","2":"type-post","3":"status-publish","4":"format-standard","5":"has-post-thumbnail","7":"category-economia","8":"tag-6g","9":"tag-business","10":"tag-comunicaciones","11":"tag-conectividad","12":"tag-economia","13":"tag-economy","14":"tag-es","15":"tag-espana","16":"tag-operadoras","17":"tag-proyectos","18":"tag-redes","19":"tag-spain"},"share_on_mastodon":{"url":"https:\/\/pubeurope.com\/@es\/115531477440339355","error":""},"_links":{"self":[{"href":"https:\/\/www.europesays.com\/es\/wp-json\/wp\/v2\/posts\/230497","targetHints":{"allow":["GET"]}}],"collection":[{"href":"https:\/\/www.europesays.com\/es\/wp-json\/wp\/v2\/posts"}],"about":[{"href":"https:\/\/www.europesays.com\/es\/wp-json\/wp\/v2\/types\/post"}],"author":[{"embeddable":true,"href":"https:\/\/www.europesays.com\/es\/wp-json\/wp\/v2\/users\/2"}],"replies":[{"embeddable":true,"href":"https:\/\/www.europesays.com\/es\/wp-json\/wp\/v2\/comments?post=230497"}],"version-history":[{"count":0,"href":"https:\/\/www.europesays.com\/es\/wp-json\/wp\/v2\/posts\/230497\/revisions"}],"wp:featuredmedia":[{"embeddable":true,"href":"https:\/\/www.europesays.com\/es\/wp-json\/wp\/v2\/media\/230498"}],"wp:attachment":[{"href":"https:\/\/www.europesays.com\/es\/wp-json\/wp\/v2\/media?parent=230497"}],"wp:term":[{"taxonomy":"category","embeddable":true,"href":"https:\/\/www.europesays.com\/es\/wp-json\/wp\/v2\/categories?post=230497"},{"taxonomy":"post_tag","embeddable":true,"href":"https:\/\/www.europesays.com\/es\/wp-json\/wp\/v2\/tags?post=230497"}],"curies":[{"name":"wp","href":"https:\/\/api.w.org\/{rel}","templated":true}]}}