{"id":230499,"date":"2025-11-11T14:13:07","date_gmt":"2025-11-11T14:13:07","guid":{"rendered":"https:\/\/www.europesays.com\/es\/230499\/"},"modified":"2025-11-11T14:13:07","modified_gmt":"2025-11-11T14:13:07","slug":"una-oportunidad-perdida-europa-brilla-por-su-ausencia-en-la-cumbre-ue-celac-en-colombia","status":"publish","type":"post","link":"https:\/\/www.europesays.com\/es\/230499\/","title":{"rendered":"\u00bfUna oportunidad perdida? Europa brilla por su ausencia en la cumbre UE-CELAC en Colombia"},"content":{"rendered":"<p>La cuarta cumbre entre la Uni\u00f3n Europea (UE) y la Comunidad de Estados Latinoamericanos y del Caribe (CELAC), celebrada los d\u00edas <strong>9 y 10 de noviembre en Santa Marta (Colombia)<\/strong>, concluy\u00f3 con una declaraci\u00f3n conjunta cargada de buenas intenciones, pero marcada por <a href=\"https:\/\/es.euronews.com\/my-europe\/2025\/11\/08\/los-europeos-se-saltaran-en-gran-medida-la-cumbre-latinoamericana-bajo-la-sombra-de-donald\" rel=\"nofollow noopener\" target=\"_blank\"><strong>la escasa participaci\u00f3n europea<\/strong><\/a> y las <strong>tensiones pol\u00edticas<\/strong> derivadas de la influencia del presidente estadounidense, Donald Trump, en la regi\u00f3n.<\/p>\n<p>Muchos de los principales l\u00edderes europeos optaron por no asistir al encuentro, entre ellos la presidenta de la Comisi\u00f3n Europea, Ursula von der Leyen, y el canciller alem\u00e1n, Friedrich Merz, <strong>quienes alegaron conflictos de agenda<\/strong>. La ausencia de figuras de primer nivel redujo el perfil pol\u00edtico del evento, que se hab\u00eda planteado inicialmente como un espacio para <strong>relanzar las relaciones birregionales<\/strong>.<\/p>\n<p>Entre los asistentes figuraban el presidente del Gobierno espa\u00f1ol, <strong>Pedro S\u00e1nchez<\/strong>, y la alta representante de Pol\u00edtica Exterior de la UE, <strong>Kaja Kallas<\/strong>, <a href=\"https:\/\/es.euronews.com\/2025\/11\/09\/ue-respeto-derecho-internacional-ataques-eeuu-caribe\" rel=\"nofollow noopener\" target=\"_blank\">quienes hicieron llamamientos a \u00abrespetar el Derecho internacional\u00bb<\/a>, en alusi\u00f3n a los recientes ataques estadounidenses contra presuntas narcolanchas en el Caribe y el Pac\u00edfico. Kallas insisti\u00f3 en que todas las operaciones militares extraterritoriales \u00ab<strong>deben ajustarse al Derecho internacional<\/strong>\u00ab, en una cr\u00edtica velada a la estrategia de Washington.<\/p>\n<p>El contexto geopol\u00edtico rest\u00f3 brillo al encuentro. Las medidas impulsadas por Trump, incluido el refuerzo militar en el Caribe y una pol\u00edtica exterior m\u00e1s intervencionista, <strong>tensionaron el ambiente<\/strong> entre las delegaciones latinoamericanas y europeas. Durante las sesiones, varios mandatarios de la regi\u00f3n reclamaron <strong>mayor autonom\u00eda frente a Washington<\/strong> y pidieron a Europa un papel m\u00e1s equilibrado ante la creciente presi\u00f3n de Estados Unidos y China.<\/p>\n<p>La declaraci\u00f3n final recogi\u00f3 la necesidad de \u00abrespetar la soberan\u00eda y el multilateralismo\u00bb, aunque evit\u00f3 referencias directas <a href=\"https:\/\/es.euronews.com\/2025\/10\/24\/eeuu-hunde-otra-narcolancha-en-caribe\" rel=\"nofollow noopener\" target=\"_blank\">a las tensiones con EE.UU.<\/a> Para analistas consultados por &#8216;Euronews&#8217;, la cumbre dej\u00f3 \u00ab<strong>una sensaci\u00f3n de oportunidad perdida<\/strong>\u00ab. Aunque los l\u00edderes lograron mantener vivo el di\u00e1logo UE\u2013CELAC, la <strong>ausencia de los principales dirigentes europeos<\/strong> y la <strong>falta de acuerdos concretos<\/strong> proyectaron la imagen de una relaci\u00f3n que sigue buscando su rumbo en un mundo cada vez m\u00e1s polarizado.<\/p>\n<p>No obstante, el mandatario colombiano, Gustavo Petro, anfitri\u00f3n de la cumbre, asegur\u00f3 que la ausencia de l\u00edderes de alto nivel no comprometer\u00eda los resultados. \u00abNo hay baja participaci\u00f3n, hay una participaci\u00f3n sustancial. <strong>Esto no se puede mirar solamente en n\u00fameros<\/strong>\u00ab, dijo a los periodistas. Seg\u00fan inform\u00f3 la Canciller\u00eda colombiana, de los 60 jefes de Estado o de Gobierno invitados (33 latinoamericanos y 27 europeos), 12 hab\u00edan confirmado su asistencia, aunque finalmente solo nueve l\u00edderes acudieron a Santa Marta. <\/p>\n<p>La cumbre, finalmente condensada en una sola jornada de trabajo formal, sirvi\u00f3 para <strong>reafirmar el compromiso pol\u00edtico<\/strong> entre ambos bloques, con especial \u00e9nfasis en la cooperaci\u00f3n para la transici\u00f3n verde y digital, la lucha contra el crimen organizado y el fortalecimiento del Estado de derecho. En el \u00e1mbito econ\u00f3mico, la UE reiter\u00f3 su apuesta por el programa Global Gateway, destinado a movilizar inversiones europeas en <strong>infraestructuras, digitalizaci\u00f3n y sostenibilidad<\/strong> en Am\u00e9rica Latina y el Caribe.<\/p>\n","protected":false},"excerpt":{"rendered":"La cuarta cumbre entre la Uni\u00f3n Europea (UE) y la Comunidad de Estados Latinoamericanos y del Caribe (CELAC),&hellip;\n","protected":false},"author":2,"featured_media":230500,"comment_status":"","ping_status":"","sticky":false,"template":"","format":"standard","meta":{"footnotes":""},"categories":[42],"tags":[24516,17,18,1803,352,24,700,13,14,11,61,62,63,64,19,20,9,10,15,16,12,21,22,1617,65,66,67],"class_list":{"0":"post-230499","1":"post","2":"type-post","3":"status-publish","4":"format-standard","5":"has-post-thumbnail","7":"category-internacional","8":"tag-america-latina","9":"tag-breaking-news","10":"tag-breakingnews","11":"tag-colombia","12":"tag-donald-trump","13":"tag-espana","14":"tag-europa","15":"tag-featured-news","16":"tag-featurednews","17":"tag-headlines","18":"tag-internacional","19":"tag-international","20":"tag-international-news","21":"tag-internationalnews","22":"tag-latest-news","23":"tag-latestnews","24":"tag-news","25":"tag-noticias","26":"tag-noticias-destacadas","27":"tag-noticiasdestacadas","28":"tag-titulares","29":"tag-ultimas-noticias","30":"tag-ultimasnoticias","31":"tag-union-europea","32":"tag-world","33":"tag-world-news","34":"tag-worldnews"},"share_on_mastodon":{"url":"https:\/\/pubeurope.com\/@es\/115531482030584826","error":""},"_links":{"self":[{"href":"https:\/\/www.europesays.com\/es\/wp-json\/wp\/v2\/posts\/230499","targetHints":{"allow":["GET"]}}],"collection":[{"href":"https:\/\/www.europesays.com\/es\/wp-json\/wp\/v2\/posts"}],"about":[{"href":"https:\/\/www.europesays.com\/es\/wp-json\/wp\/v2\/types\/post"}],"author":[{"embeddable":true,"href":"https:\/\/www.europesays.com\/es\/wp-json\/wp\/v2\/users\/2"}],"replies":[{"embeddable":true,"href":"https:\/\/www.europesays.com\/es\/wp-json\/wp\/v2\/comments?post=230499"}],"version-history":[{"count":0,"href":"https:\/\/www.europesays.com\/es\/wp-json\/wp\/v2\/posts\/230499\/revisions"}],"wp:featuredmedia":[{"embeddable":true,"href":"https:\/\/www.europesays.com\/es\/wp-json\/wp\/v2\/media\/230500"}],"wp:attachment":[{"href":"https:\/\/www.europesays.com\/es\/wp-json\/wp\/v2\/media?parent=230499"}],"wp:term":[{"taxonomy":"category","embeddable":true,"href":"https:\/\/www.europesays.com\/es\/wp-json\/wp\/v2\/categories?post=230499"},{"taxonomy":"post_tag","embeddable":true,"href":"https:\/\/www.europesays.com\/es\/wp-json\/wp\/v2\/tags?post=230499"}],"curies":[{"name":"wp","href":"https:\/\/api.w.org\/{rel}","templated":true}]}}