{"id":230501,"date":"2025-11-11T14:14:16","date_gmt":"2025-11-11T14:14:16","guid":{"rendered":"https:\/\/www.europesays.com\/es\/230501\/"},"modified":"2025-11-11T14:14:16","modified_gmt":"2025-11-11T14:14:16","slug":"ultima-hora-de-las-declaraciones-este-martes-en-el-tribunal-supremo-en-directo","status":"publish","type":"post","link":"https:\/\/www.europesays.com\/es\/230501\/","title":{"rendered":"\u00faltima hora de las declaraciones este martes en el Tribunal Supremo, en directo"},"content":{"rendered":"\n<p>  11\/11\/2025 &#8211; 09:00  Actualizado: 11\/11\/2025 &#8211; 14:15   <\/p>\n<p> El Tribunal Supremo ha reanudado este martes el <a href=\"https:\/\/www.elconfidencial.com\/tags\/organismos\/fiscalia-general-del-estado-3190\/\" target=\"_self\" rel=\"nofollow noopener\">juicio al fiscal general del Estado<\/a> con una jornada en la que han <strong>declarado cinco testigos por la ma\u00f1ana<\/strong>. As\u00ed, ha comenzado la <a href=\"https:\/\/www.elconfidencial.com\/espana\/2025-11-11\/periodistas-uco-declaracion-fiscal-general-juicio-filtracion_4245013\/\" target=\"_self\" rel=\"nofollow noopener\">segunda y \u00faltima semana del juicio<\/a> al fiscal general,<strong> \u00c1lvaro Garc\u00eda Ortiz<\/strong>, por presunta <strong>revelaci\u00f3n de secretos en la supuesta filtraci\u00f3n del citado correo<\/strong>, de 2 de febrero de 2024, en el que el abogado del empresario <strong>Alberto Gonz\u00e1lez Amador<\/strong> propon\u00eda una conformidad penal en la que <a href=\"https:\/\/www.elconfidencial.com\/espana\/2025-11-06\/filtracion-novio-ayuso-amnesia-borrado-mensajes-moncloa_4242277\/\" target=\"_self\" rel=\"nofollow noopener\">admit\u00eda un fraude a Hacienda<\/a>. <\/p>\n<p> El primero en declarar ha sido<strong> Eugenio Rib\u00f3n<\/strong>, decano del Ilustre Colegio de Abogados de Madrid (ICAM). Durante su declaraci\u00f3n, ha denunciado la <strong>gravedad de los hechos<\/strong> y ha reiterado que actu\u00f3 \u00absolo\u00a0<strong>sobre la nota de prensa de la Fiscal\u00eda<\/strong>\u00ab, que es \u00abmuy <a href=\"https:\/\/www.elconfidencial.com\/espana\/2025-11-10\/amenaza-dormida-nota-prensa-acechando-garcia-ortiz-pleno-juicio_4244356\/\" target=\"_self\" rel=\"nofollow noopener\">diferente a la divulgaci\u00f3n de la noticia en\u00a0un medio de comunicaci\u00f3n<\/a>\u00abhttps:\/\/www.elconfidencial.com\/espana\/2025-11-11\/juicio-fiscal-general-alvaro-garcia-ortiz_4245072\/.\u00bbEs instituci\u00f3n,<strong> no medio de comunicaci\u00f3n<\/strong>\u00ab, ha dicho. <\/p>\n<p> Tras las declaraciones de<strong> Mar\u00eda Antonia Sanz<\/strong>, fiscal jefa de la Inspecci\u00f3n fiscal FGE, y de<strong> Agust\u00edn Hidalgo<\/strong>, delegado de protecci\u00f3n de datos, le ha tocado el turno a<strong> Miguel \u00c1ngel Campos.<\/strong>  El periodista de la SER ha contado durante su declaraci\u00f3n que vio el correo horas antes del fiscal general. \u00abVen y te lo muestro\u00bb, la dijo una fuente horas antes. <a href=\"https:\/\/www.elconfidencial.com\/espana\/2025-11-05\/caza-filtrador-tercera-planta-salvar-garcia-ortiz-dia-dos-juicio_4241534\/\" target=\"_self\" rel=\"nofollow noopener\">Tambi\u00e9n ha negado que el Garc\u00eda Ortiz sea su fuente<\/a>. <\/p>\n<p> Luego ha llegado el turno del exsubdirector de El Pa\u00eds Jos\u00e9 Manuel Romero. Ante el Tribunal Supremo, el periodista ha asegurado que los primeros datos al respecto le llegaron a trav\u00e9s de<strong> \u00abfuentes de toda solvencia de la Fiscal\u00eda de la Comunidad de Madrid\u00bb. <\/strong>\u00abQuiero que esto quede claro desde el principio\u00bb, subraya. <\/p>\n<p class=\"d-liveEntry__time\">  Hace 58 minutos  14:15<\/p>\n<p class=\"d-liveEntry__title\"><strong>Finaliza la declaraci\u00f3n del periodista y el juicio se retomar\u00e1 a las 4<\/strong><\/p>\n<p> La fiscal habla de un <strong>mensaje con su compa\u00f1ero a las 21:59 horas <\/strong>del 13 de marzo. En esa conversaci\u00f3n dec\u00eda exactamente el pacto de conformidad que el <strong>se\u00f1or Neira hab\u00eda ofrecido a la Fiscal\u00eda.<\/strong> A preguntas de la abogada del Estado, explica que fue <strong>su fuente quien le da el nombre del abogado<\/strong> de Gonz\u00e1lez Amador, Carlos Neira, cuyo nombre se desconoc\u00eda hasta entonces. <\/p>\n<p> \u00abLlamamos por tel\u00e9fono a Carlos Neira, le enviamos <strong>un correo electr\u00f3nico<\/strong> y un WhatsApp. Este peri\u00f3dico siempre contrasta\u00bb, asevera Romero. La abogada del Estado <strong>ense\u00f1a un mensaje de WhatsApp de Juan Jos\u00e9 Mateo <\/strong>dando la versi\u00f3n de MAR (Miguel \u00c1ngel Rodr\u00edguez) de los hechos. Repite que la fiscal\u00eda de la Comunidad de Madrid le dice que tiene que<strong> ser la m\u00e1xima autoridad quien pod\u00eda confirmar <\/strong>lo que le hab\u00eda transmitido su fuente: la Fiscal\u00eda General del Estado. Concluyen las preguntas a este testigo. El juez dice que s<strong>e retoman a las 4 de la tarde los interrogatorios.<\/strong> <\/p>\n<p class=\"d-liveEntry__time\">  Hace 1 horas 8 minutos  14:05<\/p>\n<p class=\"d-liveEntry__title\"><strong>El periodista justifica por qu\u00e9 se refiera a Gonz\u00e1lez Amador como \u00abdefraudador confeso\u00bb<\/strong><\/p>\n<p> El periodista justifica que se refiera a Gonz\u00e1lez Amador <strong>como \u00abdefraudador confeso\u00bb<\/strong>. Dice que <a href=\"https:\/\/www.elconfidencial.com\/espana\/2025-11-03\/juicio-fiscal-general-garcia-ortiz-novio-ayuso_4240334\/\" target=\"_self\" rel=\"nofollow noopener\">no se refiere a \u00e9l as\u00ed por el correo <\/a>electr\u00f3nico, sino por comunicaciones previas con su abogado, donde dice que <strong>intent\u00f3 regularizar su situaci\u00f3n fiscal.<\/strong> <\/p>\n<p> La acusaci\u00f3n popular y el colegio de abogados n<strong>o hacen preguntas para evitar reiteraciones<\/strong>. A preguntas de la Fiscal\u00eda, explica por qu\u00e9 aport\u00f3 los WhatsApp que intercambi\u00f3 con<strong> Juan Jos\u00e9 Mateo. <\/strong>En particular, buscaba demostrar que conoc\u00edan \u00abel<strong> secreto mucho antes que el fiscal general del Estado\u00bb.<\/strong> <\/p>\n<p class=\"d-liveEntry__time\">  Hace 1 horas 11 minutos  14:02<\/p>\n<p class=\"d-liveEntry__title\"><strong>Romero se acoge a su derecho al secreto profesional para \u00abno desvelar su fuente\u00bb<\/strong><\/p>\n<p> A las 7 de la ma\u00f1ana le dijo a<strong> Juan Jos\u00e9 Mateo<\/strong>, periodista de El Pa\u00eds, que iba a retocar el texto porque <strong>ten\u00eda informaci\u00f3n sobre el comunicado de la Fiscal\u00eda <\/strong>que saldr\u00eda 4 horas despu\u00e9s. \u00abMe pongo en contacto con la Fiscal\u00eda General del Estado porque ellos<strong> no ten\u00edan ni idea&#8230; <\/strong>Me dijeron que <a href=\"https:\/\/www.elconfidencial.com\/espana\/2024-11-25\/supremo-uco-material-fiscal-general-alvaro-garcia-ortiz_4010272\/\" target=\"_self\" rel=\"nofollow noopener\">ma\u00f1ana har\u00edan p\u00fablica una informaci\u00f3n<\/a> con <strong>todos los detalles<\/strong>\u00ab. Dice que fue \u00e9l quien les avis\u00f3 para decirles que no es verdad lo que publica El Mundo. Tambi\u00e9n <strong>reconoce que hab\u00eda detalles que no hab\u00eda<\/strong> y le cuenta la fiscal\u00eda de la Comunidad de Madrid. <\/p>\n<p>  A la pregunta de \u00ab\u00bf<strong>Qu\u00e9 fuente me aport\u00f3 a m\u00ed esa informaci\u00f3n?\u00bb, <\/strong>Romero ha respondido que \u00abme acojo a mi derecho al secreto profesional\u00bb. <\/p>\n<p class=\"d-liveEntry__time\">  Hace 1 horas 19 minutos  13:54<\/p>\n<p class=\"d-liveEntry__title\"><strong>Romero dice que la informaci\u00f3n de &#8216;El Mundo&#8217; sobre el pacto a la defensa era \u00abun bulo\u00bb<\/strong><\/p>\n<p> Romero se\u00f1ala que a las 21:29 El Mundo publica el \u00abbulo\u00bb de que la <strong>Fiscal\u00eda ofrec\u00eda un pacto a la defensa del novio de Ayuso<\/strong>. Dice que con lo que conoci\u00f3 el d\u00eda 12 sab\u00eda que era mentira. 22:38 se publica la informaci\u00f3n de El Pa\u00eds. \u00abEl Pa\u00eds antes de que el fiscal general pudiera recibir la informaci\u00f3n <strong>ya estaba diciendo que Gonz\u00e1lez Amador reconoc\u00eda los delitos\u00bb<\/strong>, asegura. <\/p>\n<p> \u00abEl supuesto secreto que nos trae, El Pa\u00eds lo sab\u00eda mucho antes\u00bb. El juez <strong>vuelve a llamar la atenci\u00f3n al testigo<\/strong> por no dejar que el abogado de Gonz\u00e1lez Amador<strong> concluya la pregunta.<\/strong> <\/p>\n<p class=\"d-liveEntry__time\">  Hace 1 horas 22 minutos  13:51<\/p>\n<p class=\"d-liveEntry__title\"><strong>Choques entre Romero y el abogado de Gonz\u00e1lez Amador<\/strong><\/p>\n<p> A las 8 de la tarde, Romero llam\u00f3 a la fiscal\u00eda de la Comunidad de Madrid para<strong> preguntar si se pod\u00eda contar la existencia de un acuerdo de conformidad<\/strong> en estos t\u00e9rminos. El <a href=\"https:\/\/www.elconfidencial.com\/espana\/2025-01-08\/defensa-novio-ayuso-mar-conocimiento-correos_4038017\/\" target=\"_self\" rel=\"nofollow noopener\">de prensa de la Fiscal\u00eda de la Comunidad de Madrid <\/a><strong>dijo que no pod\u00edan confirmarme <\/strong>eso, que ten\u00eda que ser la fiscal\u00eda general del Estado. <\/p>\n<p> Choques entre el exdirectivo de El Pa\u00eds y el abogado de Gonz\u00e1lez Amador. El juez <strong>se ve obligado a intervenir <\/strong>para que el periodista responda solo cuando se le pregunta y a lo que se le pregunta. <\/p>\n<p class=\"d-liveEntry__time\">  Hace 1 horas 24 minutos  13:49<\/p>\n<p class=\"d-liveEntry__title\"><strong>Romero, sobre la fuente: \u00abEs de toda solvencia y nunca me ha enga\u00f1ado\u00bb<\/strong><\/p>\n<p> Sobre su fuente de la fiscal\u00eda de la Comunidad de Madrid insiste en que es \u00abuna<strong> fuente de toda solvencia que nunca me ha enga\u00f1ado <\/strong>en los 30 a\u00f1os\u00bb. Dice que \u00abprobablemente\u00bb tuvo constancia del mail del 2 de febrero a trav\u00e9s de la Cadena SER.  <\/p>\n<p> Explica que a las 8 de la tarde del 12 de marzo El Pa\u00eds public\u00f3 una exclusiva <strong>sobre que el negocio de Amador<\/strong> por el que hab\u00eda conseguido millones de euros en comisiones era por <strong>la venta de mascarillas<\/strong>. Avanz\u00e1bamos una cosa especialmente grave, lo del <strong>reconocimiento del delito de Amador <\/strong>fue considerado grave por las \u00abmentiras\u00bb que filtr\u00f3 la Comunidad de Madrid.  <\/p>\n<p> Cita las palabras de Ayuso <strong>diciendo que era \u00abuna cacer\u00eda\u00bb<\/strong> y que era Hacienda quien deb\u00eda dinero. Explica que preguntaron a MAR sobre este tema y<strong> \u00e9l mantuvo la versi\u00f3n.<\/strong> <\/p>\n<p class=\"d-liveEntry__time\">  Hace 1 horas 37 minutos  13:36<\/p>\n<p class=\"d-liveEntry__title\"><strong>Romero aclara que \u00absiempre trat\u00f3 con fuentes de la Fiscal\u00eda de Madrid\u00bb al conocer el intento de pacto<\/strong><\/p>\n<p> La defensa del novio de Ayuso pregunta al testigo po<strong>r el acta de manifestaciones ante notario <\/strong>que realiz\u00f3, en la que aseguraba que el d\u00eda 12 de marzo<strong> conoci\u00f3 la existencia de un intento de pacto <\/strong><a href=\"https:\/\/www.elconfidencial.com\/espana\/2025-05-27\/abogado-novio-ayuso-declara-supremo-pacto-fiscalia_4138111\/\" target=\"_self\" rel=\"nofollow noopener\">auspiciado por el letrado de Gonz\u00e1lez Amador.<\/a> Por primera vez asegura que <strong>siempre trat\u00f3 con fuentes de la Fiscal\u00eda de la Comunidad de Madrid.<\/strong> \u00abQuiero que esto quede claro desde el principio\u00bb, subraya. <\/p>\n<p> Romero cuenta que le llega el mensaje de una fuente que le cuenta que <strong>el abogado de Gonz\u00e1lez Amado<\/strong>r ha presentado un acuerdo de conformidad por el cual reconoce los delitos, paga una multa y evita entrar en prisi\u00f3n. Este mensaje<strong> se lo manda una \u00abfuente de la fiscal\u00eda de la Comunidad de Madrid\u00bb<\/strong>. \u00c9l se lo rebota a la periodista <strong>Berta Ferrero.<\/strong> Fernando Peinado, que lleva la relaci\u00f3n con los tribunales, llama a <strong>Carlos Neira <\/strong>para preguntar por el pago de una multa. No contest\u00f3. <\/p>\n<p class=\"d-liveEntry__time\">  Hace 1 horas 41 minutos  13:32<\/p>\n<p class=\"d-liveEntry__title\"><strong>Comienza a declarar el exsubdirector de El Pa\u00eds Jos\u00e9 Manuel Romero<\/strong><\/p>\n<p> Acaba Campos y comienza a declarar el exsubdirector de El Pa\u00eds Jos\u00e9 Manuel Romero. Asegura que tiene relaci\u00f3n<strong> profesional con Garc\u00eda Ortiz,<\/strong> que ejerce desde hace 30 a\u00f1os y desde hace <a href=\"https:\/\/www.elconfidencial.com\/espana\/2025-11-10\/amenaza-dormida-nota-prensa-acechando-garcia-ortiz-pleno-juicio_4244356\/\" target=\"_self\" rel=\"nofollow noopener\">25 dirijo la secci\u00f3n de pol\u00edtica<\/a> y tribunales de El Pa\u00eds y ahora El diario. Garc\u00eda Ortiz fue el <strong>fiscal del caso Prestige<\/strong> y desde entonces hay relaci\u00f3n. Del 6 al 14 de marzo afirma que no se mandaron WhatsApp. \u00abOtros d\u00edas s\u00ed\u00bb. <\/p>\n<p class=\"d-liveEntry__time\">  Hace 1 horas 48 minutos  13:25<\/p>\n<p class=\"d-liveEntry__title\"><strong>La Fiscal\u00eda a Campos: \u00ab\u00bfEsa fuente es el fiscal general del Estado? No\u00bb<\/strong><\/p>\n<p> En las preguntas de la Fiscal\u00eda vuelve a aparecer la<strong> referencia que realiz\u00f3 el periodista<\/strong> en instrucci\u00f3n a que<a href=\"https:\/\/www.elconfidencial.com\/espana\/2025-11-05\/caza-filtrador-tercera-planta-salvar-garcia-ortiz-dia-dos-juicio_4241534\/\" target=\"_self\" rel=\"nofollow noopener\"> subi\u00f3 a un \u00abtercer piso\u00bb<\/a> para <strong>acceder al despacho de su fuente<\/strong>, que le mostr\u00f3 el email en un ordenador. Campos asegura que <strong>solo vio ese correo electr\u00f3nico <\/strong>y que dispuso de <strong>tiempo suficiente para copiar los literales<\/strong>. \u00abPocas veces he visto que se refleje de forma tan directa un reconocimiento: ciertamente <strong>se han cometido dos delitos fiscales<\/strong>\u00ab, recuerda. <\/p>\n<p> Sigue las preguntas de la Fiscal\u00eda: \u00ab\u00bfEsa fuente<strong> es el fiscal general del Estado<\/strong>?\u00bb. Respuesta. \u00abNo\u00bb. Campos alega que e<strong>l correo pas\u00f3 por varias manos,<\/strong> que no hubo custodia como tal del mismo. \u00abUna funcionaria la imprime y <strong>la deja en el despacho del fiscal Salto<\/strong>\u00ab. Tambi\u00e9n explica que se mand\u00f3 a la abogac\u00eda. Se acoge al secreto profesional para no decir <strong>si el \u00abtercer piso\u00bb eran dependencias oficiales,<\/strong> <\/p>\n<p>      <img decoding=\"async\" class=\"inTextNews__img\" alt=\"Foto: caza-filtrador-tercera-planta-salvar-garcia-ortiz-dia-dos-juicio\" src=\"https:\/\/www.europesays.com\/es\/wp-content\/uploads\/2025\/11\/f.elconfidencial.com\/original\/067\/26e\/193\/06726e1931f6aa4b07fe7a1817f73207.jpg\"  \/>     <\/p>\n<p>TE PUEDE INTERESAR<\/p>\n<p>      <a class=\"inTextNews__title\" href=\"https:\/\/www.elconfidencial.com\/espana\/2025-11-05\/caza-filtrador-tercera-planta-salvar-garcia-ortiz-dia-dos-juicio_4241534\/\" onclick=\"window.ECCO.emit(&#039;amplitude&#039;, { dataEventName: &#039;click_related_article_module&#039;, data: { related_article_url: &#039;https:\/\/www.elconfidencial.com\/espana\/2025-11-05\/caza-filtrador-tercera-planta-salvar-garcia-ortiz-dia-dos-juicio_4241534\/&#039;, related_article_author: &#039;Beatriz Parera&#039;, related_article_section: &#039;espana&#039; } })\" rel=\"nofollow noopener\" target=\"_blank\"> La Fiscal\u00eda, a la caza de un filtrador en \u00abla tercera planta\u00bb para salvar\u00a0a\u00a0Garc\u00eda\u00a0Ortiz <\/a>   <\/p>\n<p>    Beatriz Parera   <\/p>\n<p class=\"d-liveEntry__time\">  Hace 1 horas 59 minutos  13:14<\/p>\n<p class=\"d-liveEntry__title\"><strong>El abogado de la acusaci\u00f3n resalta que Campos se refiere a su fuente como \u00ab\u00e9l\u00bb y alega contradicciones <\/strong><\/p>\n<p> El abogado de la acusaci\u00f3n popular resalta que Campos se ha <strong>referido a la fuente como \u00ab\u00e9l\u00bb.<\/strong> Campos dijo \u00ab\u00e9l me dice que venga\u00bb, cuando <strong>le llam\u00f3 para ense\u00f1arle el correo<\/strong>. Tambi\u00e9n afirma que hay una contradicci\u00f3n entre<strong> lo que ha declarado hoy y la instrucci\u00f3n, <\/strong>cuando Campos dijo que con \u00c1lvaro Garc\u00eda Ortiz<strong> no tuvo conversaciones<\/strong> despu\u00e9s de que fuera nombrado fiscal general del Estado. El juez no considera que haya <strong>dicha contradicci\u00f3n.<\/strong> <\/p>\n<p class=\"d-liveEntry__time\">  Hace 2 horas 18 minutos  12:55<\/p>\n<p class=\"d-liveEntry__title\"><strong>Campos concreta que finalmente tuvo acceso al correo del abogado de Gonz\u00e1lez Amador<\/strong><\/p>\n<p> A las 23:51 se publica su art\u00edculo. En \u00e9l se se\u00f1ala el textual <strong>\u00abciertamente se han cometido dos delitos contra la Hacienda P\u00fablica\u00bb<\/strong> y tambi\u00e9n que la Fiscal\u00eda prepara un comunicado al respecto. El primer entrecomillado<strong> se repite varias veces a lo largo del texto colgado en la web<\/strong>.  <\/p>\n<p> \u00ab\u00bfAlguien hab\u00eda publicado ese entrecomillado antes?\u00bb, pregunta el abogado.<strong> \u00abCreo que no\u00bb<\/strong>, contesta el periodista. El <a href=\"https:\/\/www.elconfidencial.com\/espana\/2025-09-03\/fraude-fiscal-falsedad-documental-madrid-1tps_4201472\/\" target=\"_self\" rel=\"nofollow noopener\">letrado tambi\u00e9n le pregunta por qu\u00e9 titube\u00f3<\/a> cuando Aimar Bretos le preguntaba por la <strong>fecha del correo electr\u00f3nico.<\/strong> El periodista explica que anot\u00f3 los datos en un papel de forma r\u00e1pida para entrar y que<strong> no estaba seguro.<\/strong> <\/p>\n<p> Concreta despu\u00e9s que, esa madrugada, tuvo<strong> acceso finalmente al correo f\u00edsico.<\/strong> Preguntado por su fuente, vuelve a acogerse al secreto profesional. <\/p>\n<p class=\"d-liveEntry__time\">  Hace 2 horas 21 minutos  12:52<\/p>\n<p class=\"d-liveEntry__title\"><strong>Campos insiste en que su informaci\u00f3n estaba redactada con \u00abfuentes fiscales\u00bb<\/strong><\/p>\n<p> Campos consideraba que tras la publicaci\u00f3n de El Mundo, ya no hab\u00eda \u00absecreto\u00bb sobre el<strong> correo del abogado de Gonz\u00e1lez Amador<\/strong>, ya que se hab\u00eda descubierto que hab\u00eda <strong>negociaciones sobre un acuerdo <\/strong>de conformidad entre las partes. En ese contexto, habla con su fuente <strong>para convencerle de su publicaci\u00f3n<\/strong>.  <\/p>\n<p> A las 22:57 tiene el visto bueno de la fuente y <strong>justo despu\u00e9s escribi\u00f3 a Neira<\/strong>. No respondi\u00f3, pero la informaci\u00f3n ya estaba redactada. A las 23:25 entra en el programa Hora 25. <strong>Locuta el contenido del correo, <\/strong><a href=\"https:\/\/www.elconfidencial.com\/espana\/2024-04-23\/novio-ayuso-pacto-documento-ocho-meses-carcel-delitos-fiscales_3872157\/\" target=\"_self\" rel=\"nofollow noopener\">que no estaba publicado<\/a>, insiste el abogado de Gonz\u00e1lez Amador. \u00abEst\u00e1 <strong>asumiendo la defensa del novio que efectivamente cometi\u00f3 delitos fiscales<\/strong> en los a\u00f1os 20-21&#8243;. \u00bfQui\u00e9n le transmite la informaci\u00f3n de la Fiscal\u00eda? \u00ab<strong>Fuentes fiscales, no se lo puedo decir<\/strong>&#8230; Es una informaci\u00f3n con m\u00faltiples fuentes. La que me ense\u00f1a el correo y lo poco <strong>que pude rascar de otras llamadas.<\/strong> <\/p>\n<p class=\"d-liveEntry__time\">  Hace 2 horas 28 minutos  12:45<\/p>\n<p class=\"d-liveEntry__title\"><strong>Prosigue Campos: \u00abLe insisto a mi fuente que est\u00e1 publicado y que ya no hay secreto\u00bb<\/strong><\/p>\n<p> No publicaron la informaci\u00f3n de El Mundo porque pidi\u00f3 a su cadena que parasen. \u00abDe esto <strong>no publicamos nada porque esto es falso\u00bb<\/strong>, dijo a su radio. A las once menos algo de la noche, su fuente acaba por cogerle el tel\u00e9fono y, en inicio, le insist<strong>e en que no puede publicar el contenido el email.<\/strong> \u00abLe insisto en que ya est\u00e1 publicado, en que ya <a href=\"https:\/\/www.elconfidencial.com\/espana\/2025-11-05\/periodistas-juicio-fiscal-general-pregunta-incomoda_4242358\/\" target=\"_self\" rel=\"nofollow noopener\">no hay ning\u00fan secreto<\/a>, al entender que ya hab\u00eda sido revelado por El Mundo\u00bb, detalla en respuesta a las preguntas de la defensa de Gonz\u00e1lez Amador. <\/p>\n<p class=\"d-liveEntry__time\">  Hace 2 horas 29 minutos  12:44<\/p>\n<p class=\"d-liveEntry__title\"><strong>Campos: \u00abEl fiscal general del Estado no es mi fuente\u00bb<\/strong><\/p>\n<p> Dice que a la 23:20 escribi\u00f3 a <strong>Carlos Neira<\/strong>, abogado de Gonz\u00e1lez Amador, para pedirle hablar un momento. Ese d\u00eda <strong>no pudo cerrar la informaci\u00f3n <\/strong>y fue a Ponzano a ver el partido del Atleti. Antes de que terminase la primera parte, a las 21:38, <strong>ya hab\u00eda llamado a \u00c1lvaro Garc\u00eda Ortiz<\/strong>, dice el abogado, seg\u00fan la informaci\u00f3n facilitada por Movistar. Campos dice que Garc\u00eda Ortiz <strong>no contest\u00f3 a esa llamada<\/strong> y no se la devolvi\u00f3. <\/p>\n<p> A esa hora, el diario El Mundo ya hab\u00eda publicado su informaci\u00f3n en la que se atribu\u00eda a la<strong> Fiscal\u00eda la iniciativa del pacto<\/strong>. La primera llamada que hace tras saberlo, dice Campos, es a su fuente, que no le coge el tel\u00e9fono. \u00ab<strong>El fiscal general del Estado no es mi fuente\u00bb<\/strong>, precisa poco despu\u00e9s para detallar que tambi\u00e9n trat\u00f3 de llamarle a \u00e9l. Segu\u00eda pesando la prohibici\u00f3n de publicar el correo que hab\u00eda visto. <\/p>\n<p class=\"d-liveEntry__time\">  Hace 2 horas 41 minutos  12:32<\/p>\n<p class=\"d-liveEntry__title\"><strong>Campos intent\u00f3 confirmar la noticia sobre Gonz\u00e1lez Amador \u00aba trav\u00e9s de otras v\u00edas\u00bb<\/strong><\/p>\n<p> \u00abLlego a la radio y empiezo a llamar a personas para ver <strong>si puedo llegar a la misma informaci\u00f3n <\/strong>a trav\u00e9s de otras v\u00edas\u00bb, sigue detallando. Explica que contact\u00f3 con decenas de personas sin lograrlo. Trat\u00f3 de hablar con el <strong>abogado de la pareja de Ayuso<\/strong>, pero no le respondi\u00f3. Lo hizo ya tarde, temiendo<strong> una \u00abvoladura controlada\u00bb<\/strong> y no le remiti\u00f3 un mensaje escrito para no dar pistas. <\/p>\n<p class=\"d-liveEntry__time\">  Hace 2 horas 45 minutos  12:28<\/p>\n<p class=\"d-liveEntry__title\"><strong>Campos: \u00abVen y te muestro el correo del abogado de Amador\u00bb<\/strong><\/p>\n<p> Me llam\u00f3 y me dijo que acudiera a su despacho. <strong>\u00abVen y te lo muestro\u00bb<\/strong>, le especific\u00f3. Campos cogi\u00f3 un taxi y se desplaz\u00f3 hasta el lugar donde <strong>pudo leer en la pantalla de un ordenador el correo electr\u00f3nico<\/strong> en el que la defensa de Gonz\u00e1lez Amador reconoc\u00eda la comisi\u00f3n de dos <strong>delitos para alcanzar un pacto<\/strong>. Pidi\u00f3 que le reenviaran el email o se lo imprimieran pero<strong> la fuente se neg\u00f3.<\/strong> <\/p>\n<p> Apunt\u00f3 por <a href=\"https:\/\/www.elconfidencial.com\/espana\/2025-11-05\/periodistas-juicio-fiscal-general-pregunta-incomoda_4242358\/\" target=\"_self\" rel=\"nofollow noopener\">escrito todo el contenido del mail<\/a>. A continuaci\u00f3n, afirma que<strong> cuando regresaba en el taxi de camino a la redacci\u00f3n <\/strong>le llama otra vez esa fuente dici\u00e9ndole que <strong>se puede meter en un l\u00edo<\/strong> y finalmente no le deja publicarlo. <\/p>\n<p>      <img decoding=\"async\" class=\"inTextNews__img\" alt=\"Foto: periodistas-juicio-fiscal-general-pregunta-incomoda\" src=\"https:\/\/www.europesays.com\/es\/wp-content\/uploads\/2025\/11\/f.elconfidencial.com\/original\/47d\/a9e\/ef4\/47da9eef456588b5a107fd83a68c7b0a.jpg\"  \/>     <\/p>\n<p>TE PUEDE INTERESAR<\/p>\n<p>      <a class=\"inTextNews__title\" href=\"https:\/\/www.elconfidencial.com\/espana\/2025-11-05\/periodistas-juicio-fiscal-general-pregunta-incomoda_4242358\/\" onclick=\"window.ECCO.emit(&#039;amplitude&#039;, { dataEventName: &#039;click_related_article_module&#039;, data: { related_article_url: &#039;https:\/\/www.elconfidencial.com\/espana\/2025-11-05\/periodistas-juicio-fiscal-general-pregunta-incomoda_4242358\/&#039;, related_article_author: &#039;Pablo Gabilondo&#039;, related_article_section: &#039;espana&#039; } })\" rel=\"nofollow noopener\" target=\"_blank\"> Seis periodistas frente a una pregunta inc\u00f3moda: \u00ab\u00bfQui\u00e9nes son esas fuentes?\u00bb <\/a>   <\/p>\n<p>    Pablo Gabilondo   <\/p>\n<p class=\"d-liveEntry__time\">  Hace 2 horas 50 minutos  12:23<\/p>\n<p class=\"d-liveEntry__title\"><strong>Comienza la declaraci\u00f3n del testigo Miguel \u00c1ngel Campos Pe\u00f1arroja, periodista de la SER<\/strong><\/p>\n<p> Comienza a declarar el periodista de la cadena SER <strong>Miguel \u00c1ngel Campos<\/strong>. Describe lo sucedido el d\u00eda 13 de marzo. El periodista explica que, desde primera hora de la ma\u00f1ana, en su medio<strong> trataban de confirmar la presentaci\u00f3n <\/strong>por parte de la Fiscal\u00eda de una denuncia contra el <strong>empresario Alberto Gonz\u00e1lez Amador <\/strong>y su desarrollo posterior. \u00abEstuve <strong>llamando toda la ma\u00f1ana<\/strong> hasta que a las dos y pico de la tarde <a href=\"https:\/\/www.elconfidencial.com\/espana\/2025-11-07\/audiencia-madrid-ratifica-procesamiento-gonzalez-amador-fraude-fiscal_4243647\/\" target=\"_self\" rel=\"nofollow noopener\">hablo con una persona que me dice que el novio<\/a> ha <strong>iniciado un procedimiento de conformidad<\/strong>. Me dice, vente y te lo ense\u00f1o\u00bb. <\/p>\n<p> Le pregunta el abogado de Gonz\u00e1lez Amador qui\u00e9n se lo dijo. Pero <strong>Campos se acoge al secreto profesional<\/strong>. \u00abEs gente con un conocimiento directo con la informaci\u00f3n y garantiza el derecho de la sociedad a tener acceso a una informaci\u00f3n veraz. Hay muchas informaciones que si <strong>no fueran gracias al anonimato de estas fuentes <\/strong>no saldr\u00edan a la luz\u00bb, apunta. <\/p>\n<p class=\"d-liveEntry__time\">  11:52<\/p>\n<p class=\"d-liveEntry__title\"><strong>Hidalgo dice que la nota de prensa fue autorizada por el responsable del tratamiento <\/strong><\/p>\n<p> Turno de la abogada del Estado. En respuesta a su pregunta, Hidalgo dice que la <strong>nota de prensa fue autorizada<\/strong> por el responsable del tratamiento (Ministerio Fiscal) y que a<strong>l ser autorizada no es una violaci\u00f3n de seguridad<\/strong>. Que est\u00e1 sometida a otros principios una vez publicada, pero que una nota de Fiscal\u00eda nunca ser\u00e1 una \u00abbrecha de seguridad\u00bb. <\/p>\n<p> Nadie le comunic\u00f3 que hab\u00eda habido<strong> una brecha de seguridad. <\/strong>Pregunta de la abogada del Estado: \u00ab\u00bfLe informan todos los fiscales de Espa\u00f1a cuando<strong> borran su correo o cambian de m\u00f3vil<\/strong>?\u00bb. Respuesta de Hidalgo: \u00ab<strong>Obviamente, no<\/strong>\u00ab. Tras su declaraci\u00f3n, hay un receso de 10 minutos. A continuaci\u00f3n ser\u00e1 el turno de <strong>Miguel \u00c1ngel Campos Pe\u00f1arroja<\/strong>, periodista de Cadena SER. <\/p>\n<p class=\"d-liveEntry__time\">  11:47<\/p>\n<p class=\"d-liveEntry__title\"><strong>El fiscal pregunta tambi\u00e9n a Hidalgo por el borrado de datos<\/strong><\/p>\n<p> El fiscal, en su turno de preguntas, <strong>se refiere tambi\u00e9n al borrado <\/strong>y logra arrancarle al testigo la afirmaci\u00f3n de que la eliminaci\u00f3n de datos personales <strong>\u00abse corresponde con una seguridad\u00bb en el tratamiento de datos.<\/strong> Hidalgo se refiere al \u00abs\u00edndrome de Di\u00f3genes\u00bb habitual en la conservaci\u00f3n de datos en la administraci\u00f3n y<strong> la desaconseja.<\/strong> Hace extensiva la recomendaci\u00f3n de la eliminaci\u00f3n a todo tipo de dispositivos como <strong>tel\u00e9fonos, ordenadores o tablets.<\/strong> <\/p>\n<p> Tambi\u00e9n respalda como delegado de protecci\u00f3n de datos el borrado de<strong> conversaciones en chats como de WhatsApp.<\/strong> <\/p>\n<p class=\"d-liveEntry__time\">  11:37<\/p>\n<p class=\"d-liveEntry__title\"><strong>Enfrentamiento entre el abogado del novio de Ayuso y el testigo: \u00bfLos servidores de mail dejan registro&#8230;?\u00bb<\/strong><\/p>\n<p> La primera parte interrogatorio, <strong>un permanente desencuentro entre la defensa del novio de Ayuso y el interrogado<\/strong>, acaba de forma abrupta. \u00ab\u00bfLos servidores de email dejan registro de<strong> cuando se accede, si se borra, etc &#8230;<\/strong>?, pregunta el abogado de Gonz\u00e1lez Amador. \u00abCreo que <a href=\"https:\/\/www.elconfidencial.com\/espana\/2025-05-01\/sin-rastro-de-los-mensajes-del-fiscal-general-no-le-salva-del-banquillo-pero-alimenta-el-relato-del-gobierno_4119790\/\" target=\"_self\" rel=\"nofollow noopener\">deber\u00eda haber propuesto como testigo<\/a> a <strong>alguien de la administraci\u00f3n prestacional\u00bb<\/strong>, ataja el testigo. <\/p>\n<p class=\"d-liveEntry__time\">  11:31<\/p>\n<p class=\"d-liveEntry__title\"><strong>Hidalgo: \u00abNo me notificaron el borrado del Gmail de Garc\u00eda Ortiz ni del cambio de m\u00f3vil\u00bb<\/strong><\/p>\n<p> No le notificaron el borrado de la cuenta de Gmail de <strong>\u00c1lvaro Garc\u00eda Ortiz <\/strong>donde enviaron estos correos. Tampoco le notificaron del <strong>cambio de m\u00f3vil del fiscal general <\/strong>del Estado, <a href=\"https:\/\/www.elconfidencial.com\/espana\/2025-02-11\/fiscal-general-borrado-permanente-whatsapp_4061534\/\" target=\"_self\" rel=\"nofollow noopener\">ni el borrado de la cuenta de Google<\/a> donde<strong> estaba la copia de seguridad del email. <\/strong>\u00abNo me informaron, pero <strong>no ten\u00edan por qu\u00e9 informarme<\/strong>\u00ab, dice Hidalgo a preguntas del abogado de Gonz\u00e1lez Amador. <\/p>\n<p> Debate entre el abogado y el testigo sobre la obligaci\u00f3n o no de <strong>conservar los dispositivos electr\u00f3nicos.<\/strong> \u00abTiene la facultad de <strong>destruirlos<\/strong>\u00ab, asegura Hidalgo. <\/p>\n<p>      <img decoding=\"async\" class=\"inTextNews__img\" alt=\"Foto: fiscal-general-borrado-permanente-whatsapp\" src=\"https:\/\/www.europesays.com\/es\/wp-content\/uploads\/2025\/11\/f.elconfidencial.com\/original\/1b2\/7f8\/66e\/1b27f866eff2ee4c09f9f088f01cfde8.jpg\"  \/>     <\/p>\n<p>TE PUEDE INTERESAR<\/p>\n<p>      <a class=\"inTextNews__title\" href=\"https:\/\/www.elconfidencial.com\/espana\/2025-02-11\/fiscal-general-borrado-permanente-whatsapp_4061534\/\" onclick=\"window.ECCO.emit(&#039;amplitude&#039;, { dataEventName: &#039;click_related_article_module&#039;, data: { related_article_url: &#039;https:\/\/www.elconfidencial.com\/espana\/2025-02-11\/fiscal-general-borrado-permanente-whatsapp_4061534\/&#039;, related_article_author: &#039;Beatriz Parera,Pablo Gabilondo&#039;, related_article_section: &#039;espana&#039; } })\" rel=\"nofollow noopener\" target=\"_blank\"> El fiscal general provoc\u00f3 \u00abun borrado permanente\u00bb de su WhatsApp: \u00abVaciar los chats\u00bb <\/a>   <\/p>\n<p>    Beatriz Parera     Pablo Gabilondo   <\/p>\n<p class=\"d-liveEntry__time\">  11:25<\/p>\n<p class=\"d-liveEntry__title\"><strong>Hidalgo se\u00f1ala que la cuenta privada de correo \u00abpara el uso profesional\u00bb no es \u00abrecomendable\u00bb<\/strong><\/p>\n<p> En la gu\u00eda que Hidalgo redact\u00f3 en 2022 sobre <strong>protecci\u00f3n de datos<\/strong> en el \u00e1mbito fiscal se pide <strong>evitar el uso de cuentas privadas<\/strong> del correo electr\u00f3nico para datos profesionales. Hay que recordar que el fiscal general del Estado <strong>recibi\u00f3 el correo de Gonz\u00e1lez Amador <\/strong>en su cuenta personal.  <\/p>\n<p> Hidalgo se\u00f1ala que la cuenta privada<strong> \u00abpara el uso profesional\u00bb<\/strong> no es \u00abrecomendable\u00bb, pero que \u00abno se proh\u00edbe\u00bb hacerlo. \u00abEl derecho a la protecci\u00f3n de datos no es un derecho absoluto\u00bb, a\u00f1ade. <a href=\"https:\/\/www.elconfidencial.com\/espana\/2025-11-06\/filtracion-novio-ayuso-amnesia-borrado-mensajes-moncloa_4242277\/\" target=\"_self\" rel=\"nofollow noopener\">A continuaci\u00f3n indica<\/a> que se puede<strong> utilizar una cuenta privada <\/strong>para el uso profesional y lo compara con el<strong> uso de WhatsApp que hacemos todos.<\/strong> <\/p>\n<p>      <img decoding=\"async\" class=\"inTextNews__img\" alt=\"Foto: filtracion-novio-ayuso-amnesia-borrado-mensajes-moncloa\" src=\"https:\/\/www.europesays.com\/es\/wp-content\/uploads\/2025\/11\/f.elconfidencial.com\/original\/cab\/a69\/599\/caba69599c7ba5d621778829ff35f1dd.jpg\"  \/>     <\/p>\n<p>TE PUEDE INTERESAR<\/p>\n<p>      <a class=\"inTextNews__title\" href=\"https:\/\/www.elconfidencial.com\/espana\/2025-11-06\/filtracion-novio-ayuso-amnesia-borrado-mensajes-moncloa_4242277\/\" onclick=\"window.ECCO.emit(&#039;amplitude&#039;, { dataEventName: &#039;click_related_article_module&#039;, data: { related_article_url: &#039;https:\/\/www.elconfidencial.com\/espana\/2025-11-06\/filtracion-novio-ayuso-amnesia-borrado-mensajes-moncloa_4242277\/&#039;, related_article_author: &#039;Beatriz Parera&#039;, related_article_section: &#039;espana&#039; } })\" rel=\"nofollow noopener\" target=\"_blank\"> La amnesia y el borrado de mensajes blindan a Moncloa frente a la filtraci\u00f3n sobre el novio de Ayuso <\/a>   <\/p>\n<p>    Beatriz Parera   <\/p>\n<p class=\"d-liveEntry__time\">  11:13<\/p>\n<p class=\"d-liveEntry__title\"><strong>Hidalgo insiste en que no entra en sus funciones la filtraci\u00f3n del correo de Gonz\u00e1lez Amador<\/strong><\/p>\n<p> Hidalgo: \u00abEl delegado de protecci\u00f3n de datos tiene como fin <strong>fomentar una cultura de protecci\u00f3n de datos<\/strong>\u00ab. El abogado concluye que no se investig\u00f3 en ning\u00fan momento la<strong> filtraci\u00f3n del correo de Gonz\u00e1lez Amador.<\/strong> Hidalgo insiste en que <a href=\"https:\/\/www.elconfidencial.com\/espana\/2025-11-04\/juicio-fiscal-general-francesc-valles-juan-lobato-mar_4241283\/\" target=\"_self\" rel=\"nofollow noopener\">no entra en sus funciones<\/a>. <\/p>\n<p class=\"d-liveEntry__time\">  11:08<\/p>\n<p class=\"d-liveEntry__title\"><strong>Hidalgo: \u00abEn mi opini\u00f3n, la nota no incurre en violaci\u00f3n de seguridad\u00bb<\/strong><\/p>\n<p> \u00abNo todos los incidentes de seguridad<strong> son violaciones de seguridad\u00bb<\/strong>, dice. Agust\u00edn Hidalgo. El objetivo del abogado de Amador es <strong>inferir la responsabilidad del interrogado<\/strong> por no investigar la<strong> filtraci\u00f3n de datos del correo electr\u00f3nico <\/strong>en la nota de prensa. Dice que \u00ab<a href=\"https:\/\/www.elconfidencial.com\/espana\/2025-02-10\/uco-garcia-ortiz-borro-mensajes-cuenta-gmail_4061225\/\" target=\"_self\" rel=\"nofollow noopener\">supervisar el incumplimiento de una violaci\u00f3n<\/a> de seguridad requiere que <strong>el interesado se dirija a la Fiscal\u00eda<\/strong>\u00abhttps:\/\/www.elconfidencial.com\/espana\/2025-11-11\/juicio-fiscal-general-alvaro-garcia-ortiz_4245072\/.\u00bbEn mi opini\u00f3n, esa nota no incurre en violaci\u00f3n de seguridad\u00bb, afirma. <\/p>\n<p class=\"d-liveEntry__time\">  10:54<\/p>\n<p class=\"d-liveEntry__title\"><strong>Comienza el interrogatorio del testigo Agust\u00edn Hidalgo de Morillo, fiscal del TS<\/strong><\/p>\n<p> Concluye el interrogatorio a Sanz. Turno de<strong> Agust\u00edn Hidalgo de Morillo Jim\u00e9nez<\/strong>, fiscal Tribunal Supremo y delegado de protecci\u00f3n de datos de la Fiscal\u00eda General del Estado.  <\/p>\n<p> El abogado de Amador intenta aclarar las funciones de Agust\u00edn Hidalgo como<strong> delegado de protecci\u00f3n de datos de la Fiscal\u00eda<\/strong>. Se inicia un <strong>rifirrafe legal <\/strong>sobre si entre sus funciones est\u00e1 <strong>supervisar<\/strong> la <a href=\"https:\/\/www.elconfidencial.com\/espana\/2025-02-13\/juez-pregunta-queja-garcia-ortiz-datos-afectara-acusaciones_4064269\/\" target=\"_self\" rel=\"nofollow noopener\">normativa de protecci\u00f3n de datos <\/a>en el \u00e1mbito jurisdiccional de la Fiscal\u00eda. <\/p>\n<p class=\"d-liveEntry__time\">  10:52<\/p>\n<p class=\"d-liveEntry__title\"><strong>Sanz aclara que los expedientes a Pilar Rodr\u00edguez y Diego Villafa\u00f1e est\u00e1n archivados<\/strong><\/p>\n<p> La testigo aclara a continuaci\u00f3n, a preguntas de la Fiscal\u00eda, que el expediente abierto y<strong> en suspenso est\u00e1 en la actualidad archivado,<\/strong> en lo que afecta a la <strong>Pilar Rodr\u00edguez y Diego Villafa\u00f1e, <\/strong>ambos imputados en su d\u00eda y despu\u00e9s exonerados. Los hechos que se <strong>declaraban acreditados en los sobreseimientos<\/strong> del Supremo la \u00abvinculaban\u00bb, precisa. En ellos se aseguraba que hab\u00edan cumplido una orden leg\u00edtima. <\/p>\n<p class=\"d-liveEntry__time\">  10:52<\/p>\n<p class=\"d-liveEntry__title\"><strong>Pregunta a Sanz por el cambio de tel\u00e9fono m\u00f3vil<\/strong><\/p>\n<p> Preguntan por el<strong> cambio de tel\u00e9fono m\u00f3vil de Sanz <\/strong>despu\u00e9s de que la Guardia Civil <strong>registrase el despacho del fiscal<\/strong>. Niega haber cambiado de tel\u00e9fono: <strong>\u00abNo cambio de tel\u00e9fono nunca\u00bb<\/strong>. Explica que <a href=\"https:\/\/www.elconfidencial.com\/espana\/2025-02-21\/el-supremo-da-su-visto-bueno-al-registro-del-despacho-del-fiscal-general_4070558\/\" target=\"_self\" rel=\"nofollow noopener\">dos d\u00edas despu\u00e9s de aquella diligencia de entrada <\/a>y registro del despacho del fiscal <strong>cambi\u00f3 el n\u00famero asociado al whatsapp<\/strong>. Explica que tiene el mismo n\u00famero desde hace 25 a\u00f1os, y que tiene otro que solo usa cuando<strong> sale al extranjero <\/strong>para asegurarse los datos. Insiste en que usa el mismo n\u00famero de siempre. <\/p>\n<p class=\"d-liveEntry__time\">  10:45<\/p>\n<p class=\"d-liveEntry__title\"><strong>Comienza la declaraci\u00f3n  de Mar\u00eda Antonia Sanz, fiscal jefa de la Inspecci\u00f3n<\/strong><\/p>\n<p> Acaba Rib\u00f3n. Pasa a continuaci\u00f3n <strong>Mar\u00eda Antonia Sanz<\/strong>, fiscal jefa de la Inspecci\u00f3n. La acusaci\u00f3n que ejerce la APIF le pregunta si, como <strong>responsable de esta \u00e1rea<\/strong>, sabe si se ha desarrollado alguna <strong>inspecci\u00f3n interna en relaci\u00f3n con la filtraci\u00f3n<\/strong>. <a href=\"https:\/\/www.elconfidencial.com\/espana\/2025-11-04\/duelo-versiones-juicio-garcia-ortiz-guerra-interna-fiscalia_4240862\/\" target=\"_self\" rel=\"nofollow noopener\">Asegura que se abri\u00f3 expediente en virtud<\/a> de <strong>distintas denuncias presentadas<\/strong>. Tras comprobar que la actuaci\u00f3n hab\u00eda sido judicializada, se dej\u00f3 en suspenso el tr\u00e1mite. <\/p>\n<p> \u00abNo hubo tiempo de hacer nada. Cuando empez\u00e1bamos a instruir ya <strong>se estaba abriendo la investigaci\u00f3n penal\u00bb<\/strong>, detalla. <\/p>\n<p class=\"d-liveEntry__time\">  10:38<\/p>\n<p class=\"d-liveEntry__title\"><strong>Rib\u00f3n sigue respondiendo a la defensa de Garc\u00eda Ortiz<\/strong><\/p>\n<p> La defensa de Garc\u00eda Ortiz intenta demostrar<strong> si ha habido una reducci\u00f3n en el n\u00famero de conformidades<\/strong> a ra\u00edz de la publicaci\u00f3n de la nota de prensa. Tambi\u00e9n se refiere a las conclusiones del <strong>pleno del Consejo General de la Abogac\u00eda<\/strong> donde se afirma como leg\u00edtimo que el Ministerio Fiscal informe. La defensa del fiscal trata de demostrar que el propio Consejo <strong>respald\u00f3 el uso de la informaci\u00f3n<\/strong> de la fiscal\u00eda. <\/p>\n<p class=\"d-liveEntry__time\">  10:29<\/p>\n<p class=\"d-liveEntry__title\"><strong>Insiste en que la actuaci\u00f3n del ICAM se centra en la nota de prensa <\/strong><\/p>\n<p> Insiste en que la actuaci\u00f3n del ICAM <strong>se centra en la nota de prensa. <\/strong>\u00ab<a href=\"https:\/\/www.elconfidencial.com\/espana\/2025-11-10\/amenaza-dormida-nota-prensa-acechando-garcia-ortiz-pleno-juicio_4244356\/\" target=\"_self\" rel=\"nofollow noopener\">Entendemos que a ra\u00edz <\/a>de ella <strong>el abogado pierde su libertad.<\/strong> Sin  abogados libres no hay justicia. Cuando<strong> nosotros juramos, juramos acatar la Constituci\u00f3n,<\/strong> el ordenamiento jur\u00eddico y el ejercicio en libertad, independencia y secreto profesional\u00bb, explica. <\/p>\n<p>      <img decoding=\"async\" class=\"inTextNews__img\" alt=\"Foto: amenaza-dormida-nota-prensa-acechando-garcia-ortiz-pleno-juicio\" src=\"https:\/\/www.europesays.com\/es\/wp-content\/uploads\/2025\/11\/f.elconfidencial.com\/original\/4a0\/3ae\/26f\/4a03ae26fe7cef81a62f208da5475e07.jpg\"  \/>     <\/p>\n<p>TE PUEDE INTERESAR<\/p>\n<p>      <a class=\"inTextNews__title\" href=\"https:\/\/www.elconfidencial.com\/espana\/2025-11-10\/amenaza-dormida-nota-prensa-acechando-garcia-ortiz-pleno-juicio_4244356\/\" onclick=\"window.ECCO.emit(&#039;amplitude&#039;, { dataEventName: &#039;click_related_article_module&#039;, data: { related_article_url: &#039;https:\/\/www.elconfidencial.com\/espana\/2025-11-10\/amenaza-dormida-nota-prensa-acechando-garcia-ortiz-pleno-juicio_4244356\/&#039;, related_article_author: &#039;Beatriz Parera&#039;, related_article_section: &#039;espana&#039; } })\" rel=\"nofollow noopener\" target=\"_blank\"> La amenaza dormida de la nota de prensa sigue acechando a Garc\u00eda Ortiz en pleno juicio <\/a>   <\/p>\n<p>    Beatriz Parera   <\/p>\n<p class=\"d-liveEntry__time\">  10:25<\/p>\n<p class=\"d-liveEntry__title\"><strong>Rib\u00f3n:  \u00abEs la nota la que genera la alarma y el desconcierto absoluto de la Abogac\u00eda\u00bb<\/strong><\/p>\n<p> La <strong>defensa de Garc\u00eda Ortiz<\/strong> pregunta si el abogado de Gonz\u00e1lez Amador solicit\u00f3 amparo ante el Colegio tras la nota. Rib\u00f3n<strong> contesta que lo desconoce.<\/strong> \u00abNo me consta\u00bb, asegura. \u00abEl Colegio no act\u00faa en defensa de un abogado concreto sino en <strong>defensa de un principio universal,<\/strong> en <a href=\"https:\/\/www.elconfidencial.com\/espana\/2025-11-04\/juicio-fiscal-general-francesc-valles-juan-lobato-mar_4241283\/\" target=\"_self\" rel=\"nofollow noopener\">defensa del ejercicio de la Abogac\u00eda<\/a>\u00abhttps:\/\/www.elconfidencial.com\/espana\/2025-11-11\/juicio-fiscal-general-alvaro-garcia-ortiz_4245072\/.\u00bb<strong>Es la nota la que genera la alarma<\/strong> y el desconcierto absoluto de la Abogac\u00eda\u00bb, insiste. <\/p>\n<p> Se\u00f1ala que es la nota de prensa de la Fiscal\u00eda la que <strong>\u00abgenera esa inquietud y sobre eso actuamos<\/strong>\u00ab. Apunta que \u00abel colegio no entra a valorar las publicaciones de los <strong>distintos medios de comunicaci\u00f3n\u00bb<\/strong>, y reitera que actu\u00f3 \u00absolo <strong>sobre la nota de prensa de la Fiscal\u00eda<\/strong>\u00ab, que es \u00abmuy diferente a la divulgaci\u00f3n de la noticia en <strong>un medio de comunicaci\u00f3n<\/strong>\u00abhttps:\/\/www.elconfidencial.com\/espana\/2025-11-11\/juicio-fiscal-general-alvaro-garcia-ortiz_4245072\/.\u00bbEs instituci\u00f3n, no medio de comunicaci\u00f3n\u00bb. <\/p>\n<p class=\"d-liveEntry__time\">  10:22<\/p>\n<p class=\"d-liveEntry__title\"><strong>Rib\u00f3n: \u00abEra algo de inusitada gravedad. No era preciso revelar el contenido de los correos\u00bb<\/strong><\/p>\n<p> Sigue declarando Rib\u00f3n. Se trata de algo \u00abde inusitada gravedad para el derecho de defensa\u00bb y, por ello<strong>, motiv\u00f3 la convocatoria de una Junta extraordinaria<\/strong>. \u00abLa preocupaci\u00f3n era honda. Nunca hab\u00edamos vivido una situaci\u00f3n como esta. En ese momento desconoc\u00edamos qui\u00e9n era el autor de la nota y por ello se present\u00f3 en origen ante el TSJ de Madrid\u00bb, a\u00f1ade. <\/p>\n<p> Explica que \u00aben el curso de la reuni\u00f3n del d\u00eda 15<strong> se trat\u00f3 de justificar la reproducci\u00f3n literal del contenido<\/strong> <a href=\"https:\/\/www.elconfidencial.com\/espana\/2025-03-27\/pericial-abogacia-estado-correo-novio-ayuso_4095685\/\" target=\"_self\" rel=\"nofollow noopener\">del correo electr\u00f3nico<\/a>\u00ab. Aquello fue el origen de la mayor <strong>discrepancia entre abogac\u00eda y fiscal\u00eda<\/strong>. \u00abUno de los puntos clave fue la <strong>transcripci\u00f3n literal del contenido de los correos <\/strong>y el se\u00f1alamiento de hora, minuto y todos los detalles. <strong>No era preciso revelar el contenido<\/strong> literal de aquellos correos\u00bb, afirma. <\/p>\n<p class=\"d-liveEntry__time\">  10:18<\/p>\n<p class=\"d-liveEntry__title\"><strong>Rib\u00f3n se reuni\u00f3 con Ortiz y le dijo que \u00abno estaba conforme con esta situaci\u00f3n\u00bb<\/strong><\/p>\n<p> En esa reuni\u00f3n, \u00c1lvaro Garc\u00eda Ortiz, le propone la <strong>elaboraci\u00f3n de un comunicado conjunto<\/strong>. \u00abEn el momento en que manifiesto que no estoy conforme con esa situaci\u00f3n,<strong> la conversaci\u00f3n se precipita<\/strong> y se da por terminada en dos minutos o pocos segundos\u00bb. <\/p>\n<p> Los cinco fiscales presentes apoyaron<strong> la tesis de la correcci\u00f3n de la nota.<\/strong> <a href=\"https:\/\/www.elconfidencial.com\/espana\/2025-11-02\/garcia-ortiz-juicio-historico-fiscal-general-carcel_4239570\/\" target=\"_self\" rel=\"nofollow noopener\">Garc\u00eda Ortiz permaneci\u00f3 \u00abcallado\u00bb<\/a>. La reuni\u00f3n <strong>no dur\u00f3 m\u00e1s de 15 minutos<\/strong>. Tras ella, el ICAM convoca una Junta en la que se decide iniciar acciones penales por <strong>la \u00abruptura del secreto\u00bb.<\/strong> <\/p>\n<p class=\"d-liveEntry__time\">  10:13<\/p>\n<p class=\"d-liveEntry__title\"><strong>Rib\u00f3n narra las llamadas de protesta de compa\u00f1eros tras la nota<\/strong><\/p>\n<p> Rib\u00f3in explica que desde la nota publicada, comenzaron a recibir <strong>numerosas llamadas de protesta de compa\u00f1eros.<\/strong> \u00abUna vez me la <a href=\"https:\/\/www.elconfidencial.com\/espana\/2024-11-29\/filtraciones-novio-ayuso-lobato-garcia-ortiz-gobierno_4013260\/\" target=\"_self\" rel=\"nofollow noopener\">facilitan env\u00edo un mensaje<\/a> a do\u00f1a<strong> Pilar Rodr\u00edguez <\/strong>solicitando hablar con ella para comprobarlo. Era dif\u00edcil de creer\u00bb, dice. <\/p>\n<p> Rodr\u00edguez le dice que <strong>\u00abse sent\u00eda como un s\u00e1ndwich,<\/strong> por arriba y por abajo\u00bb y le concreta que aunque la nota lleva su sello,<strong> no hab\u00eda salido de la Fiscal\u00eda Provincial<\/strong>. Ya por la tarde, le contacta el fiscal <strong>proponiendo una entrevista<\/strong>, le transmite ya en un mensaje la <a href=\"https:\/\/www.elconfidencial.com\/espana\/2025-11-03\/juicio-fiscal-general-testigos-fiscales-lastra-salto_4240417\/\" target=\"_self\" rel=\"nofollow noopener\">alt\u00edsima preocupaci\u00f3n de la Abogac\u00eda<\/a>. Acude a la cita y en ella se <strong>encuentra con cinco fiscales<\/strong>, entre ellos Garc\u00eda Ortiz, Pilar Rodr\u00edguez y Diego Villafa\u00f1e. Tambi\u00e9n participa la presidenta del Colegio nacional de la Abogac\u00eda. <\/p>\n<p>      <img decoding=\"async\" class=\"inTextNews__img\" alt=\"Foto: filtraciones-novio-ayuso-lobato-garcia-ortiz-gobierno\" src=\"https:\/\/www.europesays.com\/es\/wp-content\/uploads\/2025\/11\/f.elconfidencial.com\/original\/012\/062\/59b\/01206259b285d8c93143f5a1074906ad.jpg\"  \/>     <\/p>\n<p>TE PUEDE INTERESAR<\/p>\n<p>      <a class=\"inTextNews__title\" href=\"https:\/\/www.elconfidencial.com\/espana\/2024-11-29\/filtraciones-novio-ayuso-lobato-garcia-ortiz-gobierno_4013260\/\" onclick=\"window.ECCO.emit(&#039;amplitude&#039;, { dataEventName: &#039;click_related_article_module&#039;, data: { related_article_url: &#039;https:\/\/www.elconfidencial.com\/espana\/2024-11-29\/filtraciones-novio-ayuso-lobato-garcia-ortiz-gobierno_4013260\/&#039;, related_article_author: &#039;Pablo Gabilondo&#039;, related_article_section: &#039;espana&#039; } })\" rel=\"nofollow noopener\" target=\"_blank\"> Gu\u00eda de las filtraciones contra el novio de Ayuso: \u00abHola, jefe. A tu disposici\u00f3n\u00bb <\/a>   <\/p>\n<p>    Pablo Gabilondo   <\/p>\n<p class=\"d-liveEntry__time\">  10:11<\/p>\n<p class=\"d-liveEntry__title\"><strong>Tira y afloja entre abogados al inicio del interrogatorio a Rib\u00f3n<\/strong><\/p>\n<p> Comienza la sesi\u00f3n con <strong>un tira y afloja.<\/strong> Le preguntan cu\u00e1les son los cauces de<strong> la abogac\u00eda de conexi\u00f3n con la Fiscal\u00eda.<\/strong> La defensa de Garc\u00eda Ortiz protesta al considerar que <a href=\"https:\/\/www.elconfidencial.com\/espana\/2025-11-03\/juicio-fiscal-general-garcia-ortiz-novio-ayuso_4240334\/\" target=\"_self\" rel=\"nofollow noopener\">la pregunta es propia<\/a> de un <strong>perito y no de un testigo.<\/strong> El presidente del tribunal desestima la protesta. <\/p>\n<p class=\"d-liveEntry__time\">  10:08<\/p>\n<p class=\"d-liveEntry__title\"><strong>Empieza la cuarta sesi\u00f3n del juicio a Garc\u00eda Ortiz<\/strong><\/p>\n<p> La primera testifical es la de <strong>Eugenio Rib\u00f3n<\/strong>, decano del Ilustre Colegio de Abogados de Madrid (ICAM), instituci\u00f3n que ejerce una <strong>de las acusaciones populares de este juicio <\/strong>y que solicita para el fiscal general cuatro a\u00f1os de c\u00e1rcel, tres de suspensi\u00f3n de cargo p\u00fablico y <strong>81.000 euros de multa.<\/strong> <\/p>\n<p> Cuatro d\u00edas despu\u00e9s de la nota de prensa que la Fiscal\u00eda<strong> emiti\u00f3 el 14 de marzo de 2024<\/strong> para aclarar lo ocurrido tras informaciones que <strong>atribu\u00edan la iniciativa de la conformidad<\/strong> al Ministerio Fiscal, Rib\u00f3n anunci\u00f3 en una rueda de prensa que denunciar\u00eda la supuesta filtraci\u00f3n de datos. <\/p>\n<p class=\"d-liveEntry__time\">  10:01<\/p>\n<p class=\"d-liveEntry__title\"><strong>Comienza la segunda semana del juicio tras las declaraciones de Amador y MAR de la semana pasada<\/strong><\/p>\n<p> Esta semana, el plato fuerte ser\u00e1 la<strong> declaraci\u00f3n de Garc\u00eda Ortiz<\/strong>, que ser\u00e1 ma\u00f1ana mi\u00e9rcoles. Recordemos que la semana pasada, la primera del juicio, las principales declaraciones fueron<strong> las de Gonz\u00e1lez Amador y las de Miguel \u00c1ngel Rodr\u00edguez<\/strong>, que<a href=\"https:\/\/www.elconfidencial.com\/espana\/2025-11-04\/mar-novio-ayuso-juicio-fiscal-general-aparato-estado_4241582\/\" target=\"_self\" rel=\"nofollow noopener\"> ajustaron cuentas y dejaron los mejores momentos del proceso<\/a>.  <\/p>\n<p class=\"d-liveEntry__time\">  08:24<\/p>\n<p class=\"d-liveEntry__title\"><strong>Periodistas, la UCO y su declaraci\u00f3n: el fiscal general se la juega a todo o nada en tres d\u00edas<br \/>\n<\/strong><\/p>\n<p> El Tribunal Supremo aborda a partir de este martes la\u00a0<strong>parte final del juicio\u00a0contra el fiscal general. <\/strong>Las tres \u00faltimas sesiones\u00a0ser\u00e1n las del todo o nada para \u00c1lvaro Garc\u00eda Ortiz\u00a0que t<strong>endr\u00e1 su \u00faltima opci\u00f3n para tratar de demostrar su inocencia<\/strong>. El calendario previsto incluye testigos que declarar\u00e1n a su favor, pero\u00a0tambi\u00e9n <strong>tragos amargos\u00a0para el jefe de la Fiscal\u00eda. <\/strong>El broche final ser\u00e1 su propio interrogatorio y los informes finales.  <\/p>\n<p> Tanto en uno como en otro caso se sacar\u00e1n a<strong> relucir el supuesto abuso en la instrucci\u00f3n<\/strong> que ya ha denunciado en m\u00faltiples ocasiones y que persigue la<strong> nulidad de las pruebas fundamentales <\/strong><a href=\"https:\/\/www.elconfidencial.com\/espana\/2025-11-11\/periodistas-uco-declaracion-fiscal-general-juicio-filtracion_4245013\/\" target=\"_self\" rel=\"nofollow noopener\">para\u00a0tratar de armar una absoluci\u00f3n<\/a>, una victoria por puntos como las del boxeo.\u00a0La vista oral acoger\u00e1 en su reanudaci\u00f3n la declaraci\u00f3n de distintos\u00a0periodistas de\u00a0El Pa\u00eds\u00a0que acuden despu\u00e9s de que el que fuera subdirector del medio,<strong>\u00a0Jos\u00e9 Manuel Romero<\/strong>, registrara ante <strong>notario una declaraci\u00f3n que se acompa\u00f1\u00f3 de una serie de mensaje<\/strong>s intercambiados con redactores de este diario.  <\/p>\n<p>      <img decoding=\"async\" class=\"inTextNews__img\" alt=\"Foto: periodistas-uco-declaracion-fiscal-general-juicio-filtracion\" src=\"https:\/\/www.europesays.com\/es\/wp-content\/uploads\/2025\/11\/f.elconfidencial.com\/original\/8b4\/249\/033\/8b424903381ce62e975eb57f92b7bfe2.jpg\"  \/>     <\/p>\n<p>TE PUEDE INTERESAR<\/p>\n<p>      <a class=\"inTextNews__title\" href=\"https:\/\/www.elconfidencial.com\/espana\/2025-11-11\/periodistas-uco-declaracion-fiscal-general-juicio-filtracion_4245013\/\" onclick=\"window.ECCO.emit(&#039;amplitude&#039;, { dataEventName: &#039;click_related_article_module&#039;, data: { related_article_url: &#039;https:\/\/www.elconfidencial.com\/espana\/2025-11-11\/periodistas-uco-declaracion-fiscal-general-juicio-filtracion_4245013\/&#039;, related_article_author: &#039;Beatriz Parera&#039;, related_article_section: &#039;espana&#039; } })\" rel=\"nofollow noopener\" target=\"_blank\"> Periodistas, la UCO y su declaraci\u00f3n: el fiscal general se la juega a todo o nada en tres d\u00edas <\/a>   <\/p>\n<p>    Beatriz Parera   <\/p>\n<p class=\"d-liveEntry__time\">  08:09<\/p>\n<p class=\"d-liveEntry__title\"><strong>El juicio al fiscal general se retoma con el decano de abogados de Madrid<\/strong><\/p>\n<p> Este martes comienza la segunda y \u00faltima semana del juicio al fiscal general, \u00c1lvaro Garc\u00eda Ortiz, por presunta <strong>revelaci\u00f3n de secretos en la supuesta filtraci\u00f3n del citado correo, <\/strong>de 2 de febrero de 2024, en el que el abogado del empresario Alberto Gonz\u00e1lez Amador propon\u00eda <strong>una conformidad penal <\/strong>en la que admit\u00eda un fraude a Hacienda. <\/p>\n<p> La primera testifical es la de Eugenio Rib\u00f3n, decano del Ilustre Colegio de Abogados de Madrid (ICAM), instituci\u00f3n que<strong> ejerce una de las acusaciones populares de este juicio<\/strong> y que solicita para el fiscal general cuatro a\u00f1os de c\u00e1rcel, tres de suspensi\u00f3n de cargo p\u00fablico y 81.000 euros de multa. <\/p>\n","protected":false},"excerpt":{"rendered":"11\/11\/2025 &#8211; 09:00 Actualizado: 11\/11\/2025 &#8211; 14:15 El Tribunal Supremo ha reanudado este martes el juicio al fiscal&hellip;\n","protected":false},"author":2,"featured_media":230502,"comment_status":"","ping_status":"","sticky":false,"template":"","format":"standard","meta":{"footnotes":""},"categories":[8],"tags":[17,18,25,24,13,14,11,19,20,9,10,15,16,23,12,21,22],"class_list":{"0":"post-230501","1":"post","2":"type-post","3":"status-publish","4":"format-standard","5":"has-post-thumbnail","7":"category-espana","8":"tag-breaking-news","9":"tag-breakingnews","10":"tag-es","11":"tag-espana","12":"tag-featured-news","13":"tag-featurednews","14":"tag-headlines","15":"tag-latest-news","16":"tag-latestnews","17":"tag-news","18":"tag-noticias","19":"tag-noticias-destacadas","20":"tag-noticiasdestacadas","21":"tag-spain","22":"tag-titulares","23":"tag-ultimas-noticias","24":"tag-ultimasnoticias"},"share_on_mastodon":{"url":"https:\/\/pubeurope.com\/@es\/115531486160257214","error":""},"_links":{"self":[{"href":"https:\/\/www.europesays.com\/es\/wp-json\/wp\/v2\/posts\/230501","targetHints":{"allow":["GET"]}}],"collection":[{"href":"https:\/\/www.europesays.com\/es\/wp-json\/wp\/v2\/posts"}],"about":[{"href":"https:\/\/www.europesays.com\/es\/wp-json\/wp\/v2\/types\/post"}],"author":[{"embeddable":true,"href":"https:\/\/www.europesays.com\/es\/wp-json\/wp\/v2\/users\/2"}],"replies":[{"embeddable":true,"href":"https:\/\/www.europesays.com\/es\/wp-json\/wp\/v2\/comments?post=230501"}],"version-history":[{"count":0,"href":"https:\/\/www.europesays.com\/es\/wp-json\/wp\/v2\/posts\/230501\/revisions"}],"wp:featuredmedia":[{"embeddable":true,"href":"https:\/\/www.europesays.com\/es\/wp-json\/wp\/v2\/media\/230502"}],"wp:attachment":[{"href":"https:\/\/www.europesays.com\/es\/wp-json\/wp\/v2\/media?parent=230501"}],"wp:term":[{"taxonomy":"category","embeddable":true,"href":"https:\/\/www.europesays.com\/es\/wp-json\/wp\/v2\/categories?post=230501"},{"taxonomy":"post_tag","embeddable":true,"href":"https:\/\/www.europesays.com\/es\/wp-json\/wp\/v2\/tags?post=230501"}],"curies":[{"name":"wp","href":"https:\/\/api.w.org\/{rel}","templated":true}]}}