{"id":230513,"date":"2025-11-11T14:28:10","date_gmt":"2025-11-11T14:28:10","guid":{"rendered":"https:\/\/www.europesays.com\/es\/230513\/"},"modified":"2025-11-11T14:28:10","modified_gmt":"2025-11-11T14:28:10","slug":"es-un-sinverguenza-que-la-tiene-secuestrada-emocionalmente","status":"publish","type":"post","link":"https:\/\/www.europesays.com\/es\/230513\/","title":{"rendered":"Es un sinverg\u00fcenza que la tiene secuestrada emocionalmente"},"content":{"rendered":"<p class=\"c-paragraph\">La guerra que <a href=\"https:\/\/www.20minutos.es\/tags\/personas\/maite-galdeano.html\" title=\"Maite Galdeano\" rel=\"nofollow noopener\" target=\"_blank\">Maite Galdeano<\/a> mantiene contra su hija, <a href=\"https:\/\/www.20minutos.es\/tags\/personas\/sofia-suescun.html\" title=\"Sof\u00eda Suescun\" rel=\"nofollow noopener\" target=\"_blank\">Sof\u00eda Suescun<\/a>, ha tenido <b>un nuevo episodio con una serie de stories que la mujer ha subido a su cuenta de Instagram<\/b> y en los que atacaba de nuevo a Sof\u00eda, adem\u00e1s de a su pareja, <a href=\"https:\/\/www.20minutos.es\/tags\/personas\/kiko-jimenez.html\" title=\"Kiko Jim\u00e9nez\" rel=\"nofollow noopener\" target=\"_blank\">Kiko Jim\u00e9nez<\/a> y a varios creadores de contenido, como Javier de Hoyos.\u00a0<\/p>\n<p class=\"c-paragraph\">Pero antes, cabe contar de d\u00f3nde vienen estas \u00faltimas explosiones de ira. Recientemente<b> Maite Galdeano comparti\u00f3 en redes sociales fotos de su hija Sof\u00eda junto a las que afirmaba que la joven necesita \u00abun exorcismo<\/b>\u00ab. Adem\u00e1s, hizo comentarios como\u00a0\u00abel otro d\u00eda me detuve porque dije &#8216;qu\u00e9 cuerpo escombro se le ha puesto'\u00bb o \u00abtiene brazos de gorda, una cara horrible&#8230; es que te cuelga hasta la jeta\u00bb.\u00a0<\/p>\n<p class=\"c-paragraph\">Ante esos ataques Sof\u00eda Suescun, que rompi\u00f3 relaci\u00f3n con su madre y dej\u00f3 de convivir con ella hace muchos meses, se limit\u00f3 a subir a sus historias una publicaci\u00f3n de una cuenta llamada\u00a0@magiademanifestacion en la que se hablaba de que<b> a veces hay que separarse de una madre si la relaci\u00f3n te hace da\u00f1o. \u00abNo es por ego\u00edsmo, sino por supervivencia\u00bb<\/b> y \u00abponer l\u00edmites tambi\u00e9n es una forma de amor. Sanar no siempre es volver&#8230; a veces es volver a ti\u00bb, eran los mensajes transmitidos.\u00a0<\/p>\n<p class=\"c-paragraph\">Maite Galdeano explot\u00f3 al ver esos comentarios de su hija y colg\u00f3 una serie de stories alterada, <b>lanzando acusaciones contra varias personas, en especial contra su yerno, Kiko Jim\u00e9nez<\/b>.\u00a0<\/p>\n<p class=\"c-paragraph\">\u00abLo que no voy a permitir es que se me est\u00e9 tachando de mala persona, de loca, de que necesito un psiquiatra o <b>de que estoy insultando a mi hija o que me estoy riendo de ella<\/b>. Para nada. Mi hija me conoce muy bien. Qui\u00e9n soy, c\u00f3mo soy, c\u00f3mo siento\u00bb, comenzaba diciendo Galdeano.\u00a0<\/p>\n<p class=\"c-paragraph\">\u00abCuando no tienes la persona indicada a tu lado y <b>te hipnotiza como est\u00e1 ella, hipnotizada, pero no se entera\u00bb,<\/b> dec\u00eda Galdeano en referencia a Jim\u00e9nez, al que denomina \u00abel bolso de Sof\u00eda\u00bb.\u00a0<\/p>\n<p class=\"c-paragraph\">La exconcursante de GH asegur\u00f3 que Sof\u00eda se lo debe todo, porque seg\u00fan Galdeano entr\u00f3 en el Gran Hermano gracias a ella: \u00abSof\u00eda estaba estudiando psicolog\u00eda en Pamplona y ella era muy trabajadora<b>. Iba a un bar de imagen tambi\u00e9n, que le pagaban muy bien por guapa<\/b>. Y al verla [en el casting en el que acompa\u00f1\u00f3 a su madre], que era buen\u00edsima, de guap\u00edsima, la cogieron. O sea, se col\u00f3 del casting y de todo\u00bb, dec\u00eda Galdeano.\u00a0<\/p>\n<p class=\"c-paragraph\">La mujer acus\u00f3 a Kiko de haber orquestado su expulsi\u00f3n de la casa que compart\u00eda con su hija y su pareja. \u00ab\u00bfSab\u00e9is c\u00f3mo empez\u00f3 la cosa Cuando me largaron de casa?<b> El bolso de mi hija reuni\u00f3 en el \u00e1tico de Cristian a Sof\u00eda, Cristian y Javier, amigo de Cristian<\/b>\u00bb y, seg\u00fan Galdeano, les dijo que la iban a denunciar. \u00abMe lo voy a inventar todo porque estoy en la tele\u00bb, aseguraba Galdeano que dijo Kiko.\u00a0<\/p>\n<p class=\"c-paragraph\">Seg\u00fan la mujer, aquella denuncia fue desestimada y condenaron a costas a Kiko Jim\u00e9nez. \u00ab<b>Hizo el rid\u00edculo cuando el juez le pidi\u00f3 el CD con las pruebas de las amenazas<\/b> y fue con un CD vac\u00edo\u00bb, dec\u00eda Galdeano.\u00a0<\/p>\n<p class=\"c-paragraph\">\u00ab<b>Sinverg\u00fcenza, que tienes secuestrada emocionalmente a mi hija. \u00a1Sinverg\u00fcenza! Mala persona<\/b>\u00ab, a\u00f1ad\u00eda Galdeano contra Jim\u00e9nez, recordando que \u00e9ste tiene otro juicio pendiente contra Gloria Camila y que fue detenido en M\u00e1laga por resistencia a la autoridad.\u00a0<\/p>\n<p class=\"c-paragraph\">Galdeano tambi\u00e9n atac\u00f3 a creadores de contenido como Javi Hoyos.\u00a0\u00abPor cierto, hay por ah\u00ed un tal Javi de Hoyos, que me han dicho buenas fuentes <b>que te inventas todo con tal de tener likes, pringao<\/b>\u00ab, le dec\u00eda al presentador de Coraz\u00f3n. \u00abFr\u00e9nate, ci\u00e9rrate bien la boquita. <b>Date un punto porque a lo mejor te llega una mala noticia<\/b>\u00ab, a\u00f1ad\u00eda.\u00a0<\/p>\n<p class=\"c-paragraph\">Despu\u00e9s, de nuevo cargaba contra Sof\u00eda Suescun: \u00abPero cuidadito con lo que dices [&#8230;] \u00bfc\u00f3mo ella ha subido ese comentario tan grotesco, tan absurdo, tan lleno de veneno? <b>Hasta Christian dice que se ha vuelto mala, pero mala. Marta Pe\u00f1ate la calificaba de muy mala persona<\/b> y por eso gan\u00f3 ella y Sof\u00eda para abajo. Estoy flipando en colores del comentario tan bajuno que ha hecho mi hija, que por cierto le est\u00e1 copiando a su amiguita Roc\u00edo Carrasco, que va mucho a su casa\u00bb, dec\u00eda alterada Galdeano.\u00a0<\/p>\n<p class=\"c-paragraph\">Al d\u00eda siguiente Maite Galdeano sub\u00eda otra serie de stories pidiendo perd\u00f3n. \u00ab<b>La verdad que bueno, estoy arrepentida.<\/b> Yo a mi hija nunca le har\u00eda da\u00f1o, jam\u00e1s, jam\u00e1s, ni con comentarios ni con nada\u00bb, aseguraba.\u00a0<\/p>\n<p class=\"c-paragraph\">\u00abSof\u00eda, hija m\u00eda,<b> te pido perd\u00f3n de coraz\u00f3n por las tonter\u00edas que pude decir ayer<\/b>. Las dije en un momento de efusi\u00f3n que sabes como soy de explosiva, para nada lo siento. Eres la chica m\u00e1s maravillosa del mundo. No me gusta esta situaci\u00f3n, <b>cuando seas madre lo entender\u00e1s<\/b>. Es un tiempo perdido, los pensamientos malos llevan al deterioro y a la enfermedad\u00bb, conclu\u00eda.<\/p>\n","protected":false},"excerpt":{"rendered":"La guerra que Maite Galdeano mantiene contra su hija, Sof\u00eda Suescun, ha tenido un nuevo episodio con una&hellip;\n","protected":false},"author":2,"featured_media":230514,"comment_status":"","ping_status":"","sticky":false,"template":"","format":"standard","meta":{"footnotes":""},"categories":[171],"tags":[19913,146,147,25,24,12774,14495,3523,10821,23,214],"class_list":{"0":"post-230513","1":"post","2":"type-post","3":"status-publish","4":"format-standard","5":"has-post-thumbnail","7":"category-tv","8":"tag-contra","9":"tag-entertainment","10":"tag-entretenimiento","11":"tag-es","12":"tag-espana","13":"tag-explota","14":"tag-galdeano","15":"tag-kiko","16":"tag-maite","17":"tag-spain","18":"tag-tv"},"share_on_mastodon":{"url":"https:\/\/pubeurope.com\/@es\/115531540697150179","error":""},"_links":{"self":[{"href":"https:\/\/www.europesays.com\/es\/wp-json\/wp\/v2\/posts\/230513","targetHints":{"allow":["GET"]}}],"collection":[{"href":"https:\/\/www.europesays.com\/es\/wp-json\/wp\/v2\/posts"}],"about":[{"href":"https:\/\/www.europesays.com\/es\/wp-json\/wp\/v2\/types\/post"}],"author":[{"embeddable":true,"href":"https:\/\/www.europesays.com\/es\/wp-json\/wp\/v2\/users\/2"}],"replies":[{"embeddable":true,"href":"https:\/\/www.europesays.com\/es\/wp-json\/wp\/v2\/comments?post=230513"}],"version-history":[{"count":0,"href":"https:\/\/www.europesays.com\/es\/wp-json\/wp\/v2\/posts\/230513\/revisions"}],"wp:featuredmedia":[{"embeddable":true,"href":"https:\/\/www.europesays.com\/es\/wp-json\/wp\/v2\/media\/230514"}],"wp:attachment":[{"href":"https:\/\/www.europesays.com\/es\/wp-json\/wp\/v2\/media?parent=230513"}],"wp:term":[{"taxonomy":"category","embeddable":true,"href":"https:\/\/www.europesays.com\/es\/wp-json\/wp\/v2\/categories?post=230513"},{"taxonomy":"post_tag","embeddable":true,"href":"https:\/\/www.europesays.com\/es\/wp-json\/wp\/v2\/tags?post=230513"}],"curies":[{"name":"wp","href":"https:\/\/api.w.org\/{rel}","templated":true}]}}