{"id":230518,"date":"2025-11-11T14:32:07","date_gmt":"2025-11-11T14:32:07","guid":{"rendered":"https:\/\/www.europesays.com\/es\/230518\/"},"modified":"2025-11-11T14:32:07","modified_gmt":"2025-11-11T14:32:07","slug":"asi-se-ve-el-impresionante-primer-atlas-cerebral-logrado-por-la-ciencia-que-cambia-la-perspectiva-de-la-mente-humana","status":"publish","type":"post","link":"https:\/\/www.europesays.com\/es\/230518\/","title":{"rendered":"As\u00ed se ve el impresionante primer atlas cerebral logrado por la ciencia que cambia la perspectiva de la mente humana"},"content":{"rendered":"<p>La ciencia alcanz\u00f3 un hito en una ambiciosa iniciativa para trazar c\u00f3mo surgen y maduran los distintos tipos de c\u00e9lulas cerebrales desde las etapas embrionarias y fetales hasta la edad adulta, <strong>lo que podr\u00eda apuntar a nuevas formas de abordar ciertas afecciones como el autismo y la esquizofrenia.<\/strong><\/p>\n<p>Investigadores, en un reciente estudio, afirman haber completado un primer borrador de los atlas del cerebro humano en desarrollo y del cerebro de los mam\u00edferos en desarrollo.<\/p>\n<p><strong>La investigaci\u00f3n se centr\u00f3 en c\u00e9lulas cerebrales humanas y de rat\u00f3n y tambi\u00e9n se realizaron algunos trabajos con monos.<\/strong><\/p>\n<p>En su borrador inicial, los cient\u00edficos trazaron el desarrollo de los distintos tipos de c\u00e9lulas, siguiendo su nacimiento, diferenciaci\u00f3n y maduraci\u00f3n en diversos tipos con funciones \u00fanicas. Tambi\u00e9n analizaron c\u00f3mo se activan o desactivan sus genes a lo largo del tiempo.<\/p>\n<p>Los cient\u00edficos identificaron los genes clave que controlan los procesos cerebrales y <strong>descubrieron algunos aspectos comunes del desarrollo celular entre los cerebros humano y animal.<\/strong><\/p>\n<p>Tambi\u00e9n hallaron algunos aspectos \u00fanicos del cerebro humano, incluida la <strong>identificaci\u00f3n de tipos celulares desconocidos<\/strong> hasta entonces.<\/p>\n<p>Los hallazgos se detallan en una colecci\u00f3n de estudios publicados en Nature y revistas afines. La investigaci\u00f3n forma parte de la <strong>Red del Atlas Celular de la Iniciativa BRAIN (BICAN)<\/strong> de los Institutos Nacionales de Salud de Estados Unidos, una colaboraci\u00f3n cient\u00edfica internacional para crear un atlas completo del cerebro humano.<\/p>\n<p>\u00abNuestro cerebro tiene miles de tipos de c\u00e9lulas con una extraordinaria diversidad en sus propiedades y funciones celulares y (&#8230;) <strong>trabajan juntos para generar una variedad de comportamientos, emociones y cognici\u00f3n\u00bb,<\/strong> dijo el neurocient\u00edfico Hongkui Zeng, del Instituto Allen en Seattle y l\u00edder de dos de los estudios.<\/p>\n<p>Los investigadores hallaron m\u00e1s de <strong>5.000 tipos de c\u00e9lulas en el cerebro del rat\u00f3n.<\/strong> Se cree que en el cerebro humano hay al menos el mismo n\u00famero.<\/p>\n<p>\u00abEl cerebro en desarrollo es una estructura incre\u00edblemente enigm\u00e1tica porque es de dif\u00edcil acceso, <strong>est\u00e1 formado por muchos tipos celulares distintos y cambia con rapidez\u00bb,<\/strong> indic\u00f3 Aparna Bhaduri, neurocient\u00edfica de la UCLA y otra de las responsables de la investigaci\u00f3n.<\/p>\n<p>Bhaduri asever\u00f3 que, como expertos, conoc\u00edan los cambios generales que se producen durante el desarrollo cerebral, pero ahora, gracias a este conjunto de atlas, <strong>\u00absabemos con mucho m\u00e1s detalle cu\u00e1les son las piezas del cerebro en desarrollo\u00bb.<\/strong><\/p>\n<p>Con estos conocimientos, los cient\u00edficos esperan conseguir <strong>terapias g\u00e9nicas y celulares m\u00e1s precisas<\/strong> <strong>para diversas enfermedades humanas,<\/strong> seg\u00fan Zeng.<\/p>\n<p>Se espera que los hallazgos permitan comprender mejor el autismo, el<strong> trastorno por d\u00e9ficit de atenci\u00f3n con hiperactividad, la esquizofrenia y otras afecciones<\/strong> que se sabe que aparecen durante el desarrollo del cerebro.<\/p>\n<p>\u00abEn primer lugar, al estudiar y comparar el desarrollo del cerebro en humanos y animales, comprenderemos mejor la especializaci\u00f3n humana y <strong>de d\u00f3nde procede nuestra inteligencia \u00fanica\u00bb,<\/strong> se\u00f1al\u00f3 Zeng sobre una investigaci\u00f3n que promete importantes aplicaciones pr\u00e1cticas.<\/p>\n<p>En segundo lugar, de acuerdo con lo que el cient\u00edfico, \u00abal comprender el desarrollo normal del cerebro en humanos y animales, <strong>podremos estudiar mejor qu\u00e9 cambios se producen en los cerebros enfermos \u2014cu\u00e1ndo y d\u00f3nde\u2014 tanto en los tejidos humanos enfermos como en los modelos animales de enfermedad\u00bb.<\/strong><\/p>\n","protected":false},"excerpt":{"rendered":"La ciencia alcanz\u00f3 un hito en una ambiciosa iniciativa para trazar c\u00f3mo surgen y maduran los distintos tipos&hellip;\n","protected":false},"author":2,"featured_media":230519,"comment_status":"","ping_status":"","sticky":false,"template":"","format":"standard","meta":{"footnotes":""},"categories":[92],"tags":[2670,43904,10414,25,24,165,43903,166,4474,23],"class_list":{"0":"post-230518","1":"post","2":"type-post","3":"status-publish","4":"format-standard","5":"has-post-thumbnail","7":"category-salud","8":"tag-cerebro","9":"tag-cientficos","10":"tag-descubrimiento","11":"tag-es","12":"tag-espana","13":"tag-health","14":"tag-investigacin","15":"tag-salud","16":"tag-salud-mental","17":"tag-spain"},"share_on_mastodon":{"url":"https:\/\/pubeurope.com\/@es\/115531556177894253","error":""},"_links":{"self":[{"href":"https:\/\/www.europesays.com\/es\/wp-json\/wp\/v2\/posts\/230518","targetHints":{"allow":["GET"]}}],"collection":[{"href":"https:\/\/www.europesays.com\/es\/wp-json\/wp\/v2\/posts"}],"about":[{"href":"https:\/\/www.europesays.com\/es\/wp-json\/wp\/v2\/types\/post"}],"author":[{"embeddable":true,"href":"https:\/\/www.europesays.com\/es\/wp-json\/wp\/v2\/users\/2"}],"replies":[{"embeddable":true,"href":"https:\/\/www.europesays.com\/es\/wp-json\/wp\/v2\/comments?post=230518"}],"version-history":[{"count":0,"href":"https:\/\/www.europesays.com\/es\/wp-json\/wp\/v2\/posts\/230518\/revisions"}],"wp:featuredmedia":[{"embeddable":true,"href":"https:\/\/www.europesays.com\/es\/wp-json\/wp\/v2\/media\/230519"}],"wp:attachment":[{"href":"https:\/\/www.europesays.com\/es\/wp-json\/wp\/v2\/media?parent=230518"}],"wp:term":[{"taxonomy":"category","embeddable":true,"href":"https:\/\/www.europesays.com\/es\/wp-json\/wp\/v2\/categories?post=230518"},{"taxonomy":"post_tag","embeddable":true,"href":"https:\/\/www.europesays.com\/es\/wp-json\/wp\/v2\/tags?post=230518"}],"curies":[{"name":"wp","href":"https:\/\/api.w.org\/{rel}","templated":true}]}}