{"id":230542,"date":"2025-11-11T14:52:10","date_gmt":"2025-11-11T14:52:10","guid":{"rendered":"https:\/\/www.europesays.com\/es\/230542\/"},"modified":"2025-11-11T14:52:10","modified_gmt":"2025-11-11T14:52:10","slug":"la-revelacion-de-ale-sergi-sobre-el-cover-de-tu-misterioso-alguien-de-dua-lipa-el-primer-llamado-el-rechazo-y-la-emocion-total","status":"publish","type":"post","link":"https:\/\/www.europesays.com\/es\/230542\/","title":{"rendered":"La revelaci\u00f3n de Ale Sergi sobre el cover de \u201cTu misterioso alguien\u201d de Dua Lipa: el primer llamado, el rechazo y la emoci\u00f3n total"},"content":{"rendered":"<p class=\"com-paragraph  --capital --s\">La <a href=\"https:\/\/www.lanacion.com.ar\/espectaculos\/los-dias-de-dua-lipa-en-buenos-aires-boca-carne-roja-helados-y-una-visita-al-malba-nid11112025\/\" target=\"_self\" title=\"https:\/\/www.lanacion.com.ar\/espectaculos\/los-dias-de-dua-lipa-en-buenos-aires-boca-carne-roja-helados-y-una-visita-al-malba-nid11112025\/\" class=\"com-link break-word\" data-mrf-recirculation=\"n_link_parrafo\" rel=\"nofollow noopener\">visita de <strong>Dua Lipa <\/strong>en la Argentina<\/a> fue de esas que causaron una revoluci\u00f3n. Y es que no solo comi\u00f3 carne, tom\u00f3 helado, fue a La Bombonera vestida con la camiseta celeste y blanca y recorri\u00f3 el Malba, sino que adem\u00e1s habl\u00f3 en espa\u00f1ol y cant\u00f3 no uno, sino dos temas de artistas locales. El viernes 7 y el s\u00e1bado 8 de noviembre<a href=\"https:\/\/www.lanacion.com.ar\/espectaculos\/musica\/dua-lipa-en-argentina-el-guino-a-soda-stereo-los-hits-a-puro-baile-y-sensualidad-y-la-conexion-con-nid08112025\/\" target=\"_self\" title=\"https:\/\/www.lanacion.com.ar\/espectaculos\/musica\/dua-lipa-en-argentina-el-guino-a-soda-stereo-los-hits-a-puro-baile-y-sensualidad-y-la-conexion-con-nid08112025\/\" class=\"com-link break-word\" data-mrf-recirculation=\"n_link_parrafo\" rel=\"nofollow noopener\"> se present\u00f3 en el estadio M\u00e1s Monumental con el Radical Optimism Tour<\/a>, ante una multitud que cant\u00f3, bail\u00f3, salt\u00f3 y se emocion\u00f3 con ella. Durante su segundo show hizo delirar al p\u00fablico con su interpretaci\u00f3n de <strong>\u201cTu misterioso alguien\u201d, de Miranda!<\/strong> Su cover se volvi\u00f3 viral y el propio Ale Sergi revel\u00f3 c\u00f3mo se gestion\u00f3 la aclamada performance y por qu\u00e9 no pudieron subirse al escenario con ella.<\/p>\n<p class=\"com-paragraph   --s\">Cada vez que visita un pa\u00eds, <strong>Dua Lipa<\/strong> acostumbra a cantar una canci\u00f3n de alg\u00fan artista local. En su primera noche en Buenos Aires interpret\u00f3 \u201cDe m\u00fasica ligera\u201d de Soda Stereo y en la segunda <a href=\"https:\/\/www.lanacion.com.ar\/espectaculos\/musica\/tu-misterioso-alguien-la-curiosa-historia-detras-de-la-cancion-olvidada-de-miranda-que-conquisto-a-nid10112025\/\" target=\"_self\" title=\"https:\/\/www.lanacion.com.ar\/espectaculos\/musica\/tu-misterioso-alguien-la-curiosa-historia-detras-de-la-cancion-olvidada-de-miranda-que-conquisto-a-nid10112025\/\" class=\"com-link break-word\" data-mrf-recirculation=\"n_link_parrafo\" rel=\"nofollow noopener\">\u201cTu misterioso alguien\u201d, de Miranda!<\/a> <strong>\u201cLa versi\u00f3n que ni siquiera nos animamos a so\u00f1ar\u201d<\/strong>, coment\u00f3 en Instagram el grupo liderado por Ale Sergi y Juliana Gattas. <a href=\"https:\/\/www.lanacion.com.ar\/espectaculos\/la-reaccion-de-miranda-cuando-dua-lipa-canto-su-cancion-en-river-en-shock-nid09112025\/\" target=\"_self\" title=\"https:\/\/www.lanacion.com.ar\/espectaculos\/la-reaccion-de-miranda-cuando-dua-lipa-canto-su-cancion-en-river-en-shock-nid09112025\/\" class=\"com-link break-word\" data-mrf-recirculation=\"n_link_parrafo\" rel=\"nofollow noopener\"><strong>\u201cEn <\/strong><strong>shock<\/strong><strong> total\u201d<\/strong><\/a> y \u201cTodav\u00eda no nos recuperamos de esto\u201d, agregaron, adem\u00e1s de compartir videos del cover que hizo la cantante brit\u00e1nica de su canci\u00f3n lanzada en 2010 como parte del \u00e1lbum Miranda es imposible!<\/p>\n<p><img class=\"image flex com-image --cover\" decoding=\"async\" fetchpriority=\"low\" loading=\"lazy\" src=\"https:\/\/www.europesays.com\/es\/wp-content\/uploads\/2025\/11\/https:\/\/cdn.jwplayer.com\/v2\/media\/CZuarREt\/poster.jpg\" alt=\"La versi\u00f3n de Dua Lipa de &quot;Tu misterioso alguien&quot;\"\/>La versi\u00f3n de Dua Lipa de \u00abTu misterioso alguien\u00bb<\/p>\n<p class=\"com-paragraph   --s\">En medio de la revoluci\u00f3n, el lunes 10 de noviembre, <strong>Ale Sergi<\/strong> habl\u00f3 con Vuelta y media (Urbana Play) y cont\u00f3 c\u00f3mo Dua Lipa lleg\u00f3 a interpretar en vivo su canci\u00f3n. \u201cHace dos semanas nos llamaron para ver si pod\u00edamos ir a cantar y nosotros no pod\u00edamos porque ten\u00edamos un show muy importante en Chile. Dijimos \u2018bueno, nada, nos la perdemos\u2019. Y despu\u00e9s, <strong>el mismo d\u00eda del concierto, cuando est\u00e1bamos ya prepar\u00e1ndonos para nuestro show, vimos un par de videos que llegaban de que la hab\u00eda tocado en la prueba de sonido<\/strong>. Pero por las dudas no quisimos cantar victoria\u201d, revel\u00f3 el m\u00fasico. Y es que, horas antes del segundo concierto, algunas personas publicaron en las redes sociales videos de la prueba de sonido en los que se pudo escuchar a la cantante interpretar \u201cTu misterioso alguien\u201d.<\/p>\n<p>La reacci\u00f3n de Miranda! al escuchar \u00abTu misterioso alguien\u00bb en la voz de Dua Lipa<\/p>\n<p class=\"com-paragraph   --s\">\u201c\u00bfUstedes no sab\u00edan,cuando los invitaron no les dijeron \u2018che, va a hacer \u2018Tu misterioso alguien\u2019, vengan?\u201c, coment\u00f3 Sebasti\u00e1n Wainraich, sorprendido. Sergi le explic\u00f3 que <strong>la propuesta original era que cantaran juntos<\/strong>. Si bien le aseguraron a la producci\u00f3n que para ellos era un honor la invitaci\u00f3n, le dijeron que no pod\u00edan, bajo ning\u00fan punto de vista, cancelar sus compromisos en Chile. Sin embargo, fantasearon con que la brit\u00e1nica cantara igual la canci\u00f3n y <strong>el sue\u00f1o se convirti\u00f3 en realidad<\/strong>.<\/p>\n<p class=\"com-paragraph   --s\">Cuando terminaron su show en el pa\u00eds vecino, Juliana le dio un abrazo para celebrar que Dua Lipa cant\u00f3 su canci\u00f3n. Fue ah\u00ed cuando se enter\u00f3 lo que acababa de suceder en Buenos Aires. <strong>\u201cNo lo pod\u00edamos creer\u201d<\/strong>, asegur\u00f3 Sergi.<\/p>\n<p>Dua Lipa se present\u00f3 el 8 y 9 de noviembre en el estadio de River con el Radical Optimism Tourgentileza <\/p>\n<p class=\"com-paragraph   --s\">Asimismo, destac\u00f3 el respeto y compromiso con el que la artista brit\u00e1nica abord\u00f3 su tema. \u201cLo valor\u00e9 un mont\u00f3n. Cuando lo escucho digo \u2018mir\u00e1, se la re escucharon, sacaron el arreglo\u201d, se\u00f1al\u00f3. \u201c<strong>Que nos elija a nosotros junto con Soda Stereo&#8230; no te la puedo creer<\/strong>\u201d, reflexion\u00f3. <\/p>\n<p class=\"com-paragraph   --s\">A su vez, se mostr\u00f3 feliz con la reacci\u00f3n del p\u00fablico, que cant\u00f3 su tema a todo pulm\u00f3n. \u201cEstamos teniendo un a\u00f1o re lindo y esto s\u00ed que es muy inesperado. Es una canci\u00f3n que ya cantaron Andr\u00e9s Calamaro, Luck Ra y Dua Lipa. Es espectacular como la cantan todos. A m\u00ed me encanta, nos pone muy contentos esto\u201d, asegur\u00f3.<\/p>\n","protected":false},"excerpt":{"rendered":"La visita de Dua Lipa en la Argentina fue de esas que causaron una revoluci\u00f3n. Y es que&hellip;\n","protected":false},"author":2,"featured_media":230543,"comment_status":"","ping_status":"","sticky":false,"template":"","format":"standard","meta":{"footnotes":""},"categories":[170],"tags":[146,147,25,24,16005,184,185,23],"class_list":{"0":"post-230542","1":"post","2":"type-post","3":"status-publish","4":"format-standard","5":"has-post-thumbnail","7":"category-musica","8":"tag-entertainment","9":"tag-entretenimiento","10":"tag-es","11":"tag-espana","12":"tag-fotos_arc_bajarprint","13":"tag-music","14":"tag-musica","15":"tag-spain"},"share_on_mastodon":{"url":"https:\/\/pubeurope.com\/@es\/115531634706499149","error":""},"_links":{"self":[{"href":"https:\/\/www.europesays.com\/es\/wp-json\/wp\/v2\/posts\/230542","targetHints":{"allow":["GET"]}}],"collection":[{"href":"https:\/\/www.europesays.com\/es\/wp-json\/wp\/v2\/posts"}],"about":[{"href":"https:\/\/www.europesays.com\/es\/wp-json\/wp\/v2\/types\/post"}],"author":[{"embeddable":true,"href":"https:\/\/www.europesays.com\/es\/wp-json\/wp\/v2\/users\/2"}],"replies":[{"embeddable":true,"href":"https:\/\/www.europesays.com\/es\/wp-json\/wp\/v2\/comments?post=230542"}],"version-history":[{"count":0,"href":"https:\/\/www.europesays.com\/es\/wp-json\/wp\/v2\/posts\/230542\/revisions"}],"wp:featuredmedia":[{"embeddable":true,"href":"https:\/\/www.europesays.com\/es\/wp-json\/wp\/v2\/media\/230543"}],"wp:attachment":[{"href":"https:\/\/www.europesays.com\/es\/wp-json\/wp\/v2\/media?parent=230542"}],"wp:term":[{"taxonomy":"category","embeddable":true,"href":"https:\/\/www.europesays.com\/es\/wp-json\/wp\/v2\/categories?post=230542"},{"taxonomy":"post_tag","embeddable":true,"href":"https:\/\/www.europesays.com\/es\/wp-json\/wp\/v2\/tags?post=230542"}],"curies":[{"name":"wp","href":"https:\/\/api.w.org\/{rel}","templated":true}]}}