{"id":230566,"date":"2025-11-11T15:12:13","date_gmt":"2025-11-11T15:12:13","guid":{"rendered":"https:\/\/www.europesays.com\/es\/230566\/"},"modified":"2025-11-11T15:12:13","modified_gmt":"2025-11-11T15:12:13","slug":"the-grand-ballroom-de-mvrdv-gana-el-concurso-para-un-complejo-con-estadio-apartamentos-y-hotel","status":"publish","type":"post","link":"https:\/\/www.europesays.com\/es\/230566\/","title":{"rendered":"\u00abThe Grand Ballroom\u00bb de MVRDV gana el concurso para un complejo con estadio, apartamentos y hotel"},"content":{"rendered":"<p class=\"rtejustify text-align-justify\">MVRDV fue fundado en 1993 por Winy Maas, Jacob van Rijs y Nathalie de Vries en R\u00f3terdam, Holanda. El estudio se dedica al suministro de soluciones arquitect\u00f3nicas y urbanas contempor\u00e1neas. Tienen un\u00a0m\u00e9todo de dise\u00f1o de gran colaboraci\u00f3n, basado\u00a0en la investigaci\u00f3n e\u00a0involucrando a clientes, partes interesadas y expertos de una amplia gama de campos desde muy temprano en el proceso creativo. Sus primeros proyectos, como la sede de la emisora p\u00fablica holandesa VPRO y las viviendas WoZoCo para ancianos en \u00c1msterdam, les llevaron al reconocimiento internacional.<\/p>\n<p>MVRDV actualmente trabaja en diversos proyectos: viviendas en los Pa\u00edses Bajos, Espa\u00f1a, China, Francia, Austria, el Reino Unido, EE. UU., Corea y otros pa\u00edses, un centro de televisi\u00f3n en Z\u00farich, una biblioteca p\u00fablica de Spijkenisse (Pa\u00edses Bajos), un mercado central de la sala Rotterdam, una plaza de la cultura en Nanjing, China, planes directores de gran escala urbana en Oslo, Noruega y en Tirana, Albania, Alemania, un plan director para una eco-ciudad en Logro\u00f1o, Espa\u00f1a y un plan director de investigaci\u00f3n para el futuro crecimiento de Par\u00eds.<\/p>\n<p>El trabajo de MVRDV ha sido\u00a0expuesto y publicado en todo el mundo y ha recibido numerosos premios internacionales. Un centenar de arquitectos, dise\u00f1adores y urbanistas desarrollan proyectos en un proceso colaborativo de dise\u00f1o multidisciplinar que implica rigurosa investigaci\u00f3n t\u00e9cnica y creativa.<\/p>\n<p>Junto con la Universidad de Tecnolog\u00eda de Delft, MVRDV lleva a cabo The Why Factory, un instituto independiente de reflexi\u00f3n e investigaci\u00f3n proporcionando una agenda para la arquitectura y el urbanismo que prevee\u00a0la ciudad del futuro.<\/p>\n<p>Entre sus proyectos destacan: el\u00a0Edificio de viviendas Silodam, en \u00c1msterdam, las\u00a0Viviendas WoZoCo para ancianos en \u00c1msterdam, el\u00a0Pabell\u00f3n Holand\u00e9s para la Expo 2000, el\u00a0Centro de negocios Flight Forum Eindhoven, el Edificio de Viviendas Mirador, en Madrid, el\u00a0Pabell\u00f3n para la Trienal de Arte de Niigata y el Palacio de la Biodiversidad del F\u00f3rum 2004.<\/p>\n","protected":false},"excerpt":{"rendered":"MVRDV fue fundado en 1993 por Winy Maas, Jacob van Rijs y Nathalie de Vries en R\u00f3terdam, Holanda.&hellip;\n","protected":false},"author":2,"featured_media":230567,"comment_status":"","ping_status":"","sticky":false,"template":"","format":"standard","meta":{"footnotes":""},"categories":[173],"tags":[229,233,231,230,232,234,146,147,25,24,23],"class_list":{"0":"post-230566","1":"post","2":"type-post","3":"status-publish","4":"format-standard","5":"has-post-thumbnail","7":"category-arte-y-diseno","8":"tag-arte","9":"tag-arte-y-diseno","10":"tag-arts","11":"tag-arts-and-design","12":"tag-design","13":"tag-diseno","14":"tag-entertainment","15":"tag-entretenimiento","16":"tag-es","17":"tag-espana","18":"tag-spain"},"share_on_mastodon":{"url":"https:\/\/pubeurope.com\/@es\/115531713282041067","error":""},"_links":{"self":[{"href":"https:\/\/www.europesays.com\/es\/wp-json\/wp\/v2\/posts\/230566","targetHints":{"allow":["GET"]}}],"collection":[{"href":"https:\/\/www.europesays.com\/es\/wp-json\/wp\/v2\/posts"}],"about":[{"href":"https:\/\/www.europesays.com\/es\/wp-json\/wp\/v2\/types\/post"}],"author":[{"embeddable":true,"href":"https:\/\/www.europesays.com\/es\/wp-json\/wp\/v2\/users\/2"}],"replies":[{"embeddable":true,"href":"https:\/\/www.europesays.com\/es\/wp-json\/wp\/v2\/comments?post=230566"}],"version-history":[{"count":0,"href":"https:\/\/www.europesays.com\/es\/wp-json\/wp\/v2\/posts\/230566\/revisions"}],"wp:featuredmedia":[{"embeddable":true,"href":"https:\/\/www.europesays.com\/es\/wp-json\/wp\/v2\/media\/230567"}],"wp:attachment":[{"href":"https:\/\/www.europesays.com\/es\/wp-json\/wp\/v2\/media?parent=230566"}],"wp:term":[{"taxonomy":"category","embeddable":true,"href":"https:\/\/www.europesays.com\/es\/wp-json\/wp\/v2\/categories?post=230566"},{"taxonomy":"post_tag","embeddable":true,"href":"https:\/\/www.europesays.com\/es\/wp-json\/wp\/v2\/tags?post=230566"}],"curies":[{"name":"wp","href":"https:\/\/api.w.org\/{rel}","templated":true}]}}