{"id":230578,"date":"2025-11-11T15:20:13","date_gmt":"2025-11-11T15:20:13","guid":{"rendered":"https:\/\/www.europesays.com\/es\/230578\/"},"modified":"2025-11-11T15:20:13","modified_gmt":"2025-11-11T15:20:13","slug":"el-cometa-interestelar-3i-atlas-sigue-sorprendiendo-a-los-astronomos-nasanet","status":"publish","type":"post","link":"https:\/\/www.europesays.com\/es\/230578\/","title":{"rendered":"El Cometa Interestelar 3I\/ATLAS Sigue Sorprendiendo a los Astr\u00f3nomos :: NASANET"},"content":{"rendered":"<p><a href=\"https:\/\/www.lanasa.net\/download_file\/view\/5662\/2742\" rel=\"nofollow noopener\" target=\"_blank\"><img loading=\"lazy\" decoding=\"async\" src=\"https:\/\/www.europesays.com\/es\/wp-content\/uploads\/2025\/11\/newsCometa_3Iatlas.jpg\" alt=\"El Cometa Interestelar 3I\/ATLAS Sigue Sorprendiendo a los Astr\u00f3nomos\" height=\"981\" width=\"730\"\/><\/a>&#13;<br \/>\n<strong>Credits: Frank Niebling &amp; Michael Buechner<\/strong>&#13;<\/p>\n<p style=\"text-align: justify;\">El cometa 3I\/ATLAS, solo el tercer visitante interestelar conocido que pasa por nuestro sistema solar, contin\u00faa maravillando a cient\u00edficos y aficionados. Desde su descubrimiento en julio, este viajero c\u00f3smico ha mostrado una espectacular actividad mientras se aproxima a la Tierra.<\/p>\n<p style=\"text-align: justify;\">Aunque la NASA a\u00fan no ha publicado sus propias im\u00e1genes, varios astr\u00f3nomos aficionados ya han logrado capturarlo. El 9 de noviembre se capt\u00f3 esta impresionante fotograf\u00eda en la que se muestra una brillante \u201ccola humeante\u201d y una curiosa anticola en el lado opuesto. A pesar de las dif\u00edciles condiciones \u2014baja altura en el cielo y fuerte luz lunar\u2014, la imagen revela una estructura de polvo cambiante que parece transformarse d\u00eda a d\u00eda.<\/p>\n<p style=\"text-align: justify;\">Otros observadores tambi\u00e9n han registrado m\u00faltiples penachos o chorros de gas que salen del n\u00facleo del cometa, indicando una intensa actividad interna.<\/p>\n<p style=\"text-align: justify;\">En los \u00faltimos d\u00edas circularon rumores de que 3I\/ATLAS hab\u00eda cambiado de color, pero los cient\u00edficos aclaran que esto no es cierto. Seg\u00fan el investigador Qicheng Zhang, del Observatorio Lowell (EE.UU.), el cometa mantiene el mismo tono azul verdoso desde que su coma gaseosa \u2014una nube brillante de gas y polvo\u2014 se volvi\u00f3 visible al calentarse cerca del Sol. La confusi\u00f3n se debi\u00f3 a diferencias en la iluminaci\u00f3n y el procesamiento de las im\u00e1genes, no a un cambio real en el cometa.<\/p>\n<p style=\"text-align: justify;\">El 3I\/ATLAS continuar\u00e1 acerc\u00e1ndose a la Tierra en las pr\u00f3ximas semanas, alcanzando su punto m\u00e1s pr\u00f3ximo el 19 de diciembre, a unos 270 millones de kil\u00f3metros de distancia. Los astr\u00f3nomos invitan al p\u00fablico y a los aficionados a seguir observ\u00e1ndolo y compartir sus fotograf\u00edas, mientras este viajero de otro sistema estelar contin\u00faa su fugaz visita.<\/p>\n","protected":false},"excerpt":{"rendered":"&#13; Credits: Frank Niebling &amp; Michael Buechner&#13; El cometa 3I\/ATLAS, solo el tercer visitante interestelar conocido que pasa&hellip;\n","protected":false},"author":2,"featured_media":230579,"comment_status":"","ping_status":"","sticky":false,"template":"","format":"standard","meta":{"footnotes":""},"categories":[81],"tags":[119,123,124,25,24,117,121,122,23,118,120],"class_list":{"0":"post-230578","1":"post","2":"type-post","3":"status-publish","4":"format-standard","5":"has-post-thumbnail","7":"category-ciencia-y-tecnologia","8":"tag-ciencia","9":"tag-ciencia-y-tecnologia","10":"tag-cienciaytecnologia","11":"tag-es","12":"tag-espana","13":"tag-science","14":"tag-science-and-technology","15":"tag-scienceandtechnology","16":"tag-spain","17":"tag-technology","18":"tag-tecnologia"},"share_on_mastodon":{"url":"https:\/\/pubeurope.com\/@es\/115531745200163348","error":""},"_links":{"self":[{"href":"https:\/\/www.europesays.com\/es\/wp-json\/wp\/v2\/posts\/230578","targetHints":{"allow":["GET"]}}],"collection":[{"href":"https:\/\/www.europesays.com\/es\/wp-json\/wp\/v2\/posts"}],"about":[{"href":"https:\/\/www.europesays.com\/es\/wp-json\/wp\/v2\/types\/post"}],"author":[{"embeddable":true,"href":"https:\/\/www.europesays.com\/es\/wp-json\/wp\/v2\/users\/2"}],"replies":[{"embeddable":true,"href":"https:\/\/www.europesays.com\/es\/wp-json\/wp\/v2\/comments?post=230578"}],"version-history":[{"count":0,"href":"https:\/\/www.europesays.com\/es\/wp-json\/wp\/v2\/posts\/230578\/revisions"}],"wp:featuredmedia":[{"embeddable":true,"href":"https:\/\/www.europesays.com\/es\/wp-json\/wp\/v2\/media\/230579"}],"wp:attachment":[{"href":"https:\/\/www.europesays.com\/es\/wp-json\/wp\/v2\/media?parent=230578"}],"wp:term":[{"taxonomy":"category","embeddable":true,"href":"https:\/\/www.europesays.com\/es\/wp-json\/wp\/v2\/categories?post=230578"},{"taxonomy":"post_tag","embeddable":true,"href":"https:\/\/www.europesays.com\/es\/wp-json\/wp\/v2\/tags?post=230578"}],"curies":[{"name":"wp","href":"https:\/\/api.w.org\/{rel}","templated":true}]}}