{"id":230580,"date":"2025-11-11T15:21:09","date_gmt":"2025-11-11T15:21:09","guid":{"rendered":"https:\/\/www.europesays.com\/es\/230580\/"},"modified":"2025-11-11T15:21:09","modified_gmt":"2025-11-11T15:21:09","slug":"el-mercado-del-alquiler-se-esta-desangrando-con-una-rotacion-minima-y-una-competencia-feroz-por-cada-vivienda-disponible","status":"publish","type":"post","link":"https:\/\/www.europesays.com\/es\/230580\/","title":{"rendered":"El mercado del alquiler se est\u00e1 desangrando, con una rotaci\u00f3n m\u00ednima y una competencia feroz por cada vivienda disponible"},"content":{"rendered":"<p>\u00abEl mercado del alquiler se est\u00e1 desangrando\u00bb. As\u00ed de contundente describe Mar\u00eda Matos, jefa de Estudios de Fotocasa, la situaci\u00f3n que vive el sector residencial en Espa\u00f1a. La experta asegura que la <b>tensi\u00f3n que experimenta el mercado est\u00e1 en m\u00e1ximos y la situaci\u00f3n empeorar\u00e1 el pr\u00f3ximo a\u00f1o,<\/b> momento en el que vencer\u00e1n muchos de los contratos de alquiler que se firmaron con la nueva Ley de Arrendamientos Urbanos (LAU) de 2019.<\/p>\n<p>\u00abLe hemos preguntado a los propietarios qu\u00e9 har\u00e1n con sus viviendas cuando finalicen los contratos firmados con la LAU y <b>el 43% nos ha dicho que retirar\u00e1 su vivienda del alquiler de larga duraci\u00f3n\u00bb,<\/b> asegura Matos. Concretamente, el portal inmobiliario estima, en base a su an\u00e1lisis de mercado, que un <b>16% de los propietarios pasar\u00e1 su vivienda al alquiler de temporada; el 11% al tur\u00edstico; y el 6% al alquiler de habitaciones. Adem\u00e1s, un 23% subir\u00e1 los precios.<\/b><\/p>\n<p>Este impacto ya se est\u00e1 empezando a ver en 2025, si bien, \u00abnosotros calculamos que<b> el a\u00f1o del verdadero cambio ser\u00e1 2026<\/b>, ya que en la pandemia muchos contratos se terminaron porque muchos inquilinos regresaron a sus ciudades de origen, por lo que el periodo de estos contratos ha ido de 2021 a 2026&#8243;, explica Matos.<\/p>\n<p>El resultado de esta fuga de pisos es <b>un mercado \u00abdesangrado, con una rotaci\u00f3n m\u00ednima y una competencia feroz por cada vivienda disponible\u00bb,<\/b> apunta Matos, que destaca que \u00abel inquilino se enfrenta cada d\u00eda a m\u00e1s castings imposibles y a precios desorbitados, mientras el propietario busca protegerse frente a impagos, destrozos o la ocupaci\u00f3n ilegal\u00bb.<\/p>\n<blockquote class=\"orange-stripe\"><p>\u00abNo se puede proteger solo al colectivo vulnerable (inquilinos) sin ofrecer garant\u00edas a quienes ponen la oferta (propietarios)\u00bb<\/p><\/blockquote>\n<p>La directiva de Fotocasa se\u00f1ala directamente a la intervenci\u00f3n del mercado del alquiler por parte del Gobierno como la principal causa que ha agravado el problema. <b>\u00abEstamos ante un error de diagn\u00f3stico. No se puede proteger solo al colectivo vulnerable (inquilinos) <\/b><a href=\"https:\/\/www.eleconomista.es\/vivienda-inmobiliario\/noticias\/13599376\/10\/25\/cuando-el-afan-por-proteger-al-inquilino-termina-dejandole-sin-pisos-para-alquilar.html\" title=\"Cuando el af\u00e1n por proteger al inquilino termina dej\u00e1ndole sin pisos para alquilar\" rel=\"nofollow noopener\" target=\"_blank\">sin ofrecer garant\u00edas a quienes ponen la oferta <\/a><b>(propietarios)\u00bb<\/b>, destaca Matos, que recuerda que \u00abel 90% del mercado del alquiler lo forman propietarios particulares, y se les est\u00e1 desincentivando con medidas punitivas y limitaciones de precios\u00bb.<\/p>\n<p>\u00abNecesitamos pol\u00edticas que incentiven, no que castiguen. Si seguimos interviniendo sin entender c\u00f3mo funciona el mercado, lo \u00fanico que lograremos es hacerlo m\u00e1s peque\u00f1o\u00bb, se\u00f1ala Matos.<\/p>\n<p>La consecuencia directa de esta inseguridad es <a href=\"https:\/\/www.eleconomista.es\/vivienda-inmobiliario\/noticias\/13565596\/09\/25\/crisis-sin-precedentes-en-el-alquiler-se-hunde-la-inversion-y-se-destruye-la-oferta-de-vivienda-nueva.html\" title=\"Crisis sin precedentes en el alquiler: se hunde la inversi\u00f3n y se destruye la oferta de vivienda nueva\" rel=\"nofollow noopener\" target=\"_blank\">una ca\u00edda notable de la inversi\u00f3n.<\/a> Entre 2022 y 2024 la intenci\u00f3n de invertir en vivienda, es decir, comprar un piso para despu\u00e9s ponerlo en alquiler, se hab\u00eda casi duplicado, pasando del 7% al 13%. \u00abPero en 2025 cae tres puntos porcentuales, hasta el 10%, una bajada significativa que refleja la falta de confianza y de seguridad jur\u00eddica\u00bb, se\u00f1ala Matos.<\/p>\n<p>Adem\u00e1s, la regulaci\u00f3n de los alquileres de temporada o habitaciones, que el Gobierno estudia extender, podr\u00eda tener efectos similares<b>. \u00abDesde la entrada en vigor de la Ley de Vivienda, el alquiler de temporada se ha disparado un 40% y el tur\u00edstico un 55%.<\/b> En muchas ciudades ya hay m\u00e1s anuncios de habitaciones que de viviendas completas\u00bb, se\u00f1ala Matos.<\/p>\n<p><b>Extender los topes de precios a estos segmentos ser\u00eda \u00abrepetir los mismos errores\u00bb.<\/b> \u00abLas medidas que buscan intervenir el mercado no dan resultados. Lo hemos visto en Berl\u00edn, Par\u00eds o Estocolmo, y lo estamos viendo en Catalu\u00f1a. Cuando se limita el precio, la oferta se contrae. En Barcelona los contratos han ca\u00eddo un 10% en un a\u00f1o, y un 15% en Catalu\u00f1a, seg\u00fan los datos de Incasol\u00bb.<\/p>\n<p>Menos oferta y peor calidad<\/p>\n<p>El panorama se complica todav\u00eda m\u00e1s para los inquilinos, ya que adem\u00e1s de que cada vez hay menos oferta, la que queda est\u00e1 en mal estado o envejecida<b>. \u00abEl 60% de las viviendas que existen en Espa\u00f1a superar\u00e1 los 60 a\u00f1os en la pr\u00f3xima d\u00e9cada. <\/b>Son inmuebles que necesitar\u00e1n reformas profundas, pero la falta de incentivos y la inseguridad hacen que muchos propietarios no las acometan\u00bb, advierte Matos.<\/p>\n<p>A ello se suma <a href=\"https:\/\/www.eleconomista.es\/vivienda-inmobiliario\/noticias\/13599420\/10\/25\/madrid-al-borde-de-una-nueva-crisis-de-vivienda-los-fondos-retiran-del-mercado-miles-de-pisos-de-alquiler.html\" title=\"Madrid, al borde de una nueva crisis de vivienda: los fondos retiran del mercado miles de pisos de alquiler\" rel=\"nofollow noopener\" target=\"_blank\">la retirada del mercado de obra nueva destinada al alquiler por parte de los fondos<\/a> institucionales. \u00abEst\u00e1n huyendo de un mercado intervenido con medidas obligatorias en lugar de incentivos o bonificaciones\u00bb, denuncia Matos.<\/p>\n<p>La directiva observa un cambio de tendencia en la mentalidad de los ciudadanos.<b> \u00abCada vez hay m\u00e1s potenciales compradores. <\/b>El 21% de los espa\u00f1oles prev\u00e9 adquirir una vivienda en los pr\u00f3ximos cinco a\u00f1os, y el 8% lo har\u00e1 en menos de dos. Despu\u00e9s de a\u00f1os considerando el alquiler como la principal opci\u00f3n para emanciparse, vuelve la aspiraci\u00f3n de ser propietario\u00bb, destaca.<\/p>\n<p>El 80% de los encuestados por Fotocasa afirma que busca una primera residencia; un 10% quiere una segunda vivienda; y otro 10% compra para invertir. \u00abSe suele hablar de especuladores, pero la mayor\u00eda busca un hogar. Lo que demuestran estos datos es que el alquiler ya no es una soluci\u00f3n habitacional viable para muchos\u00bb, afirma Matos.<\/p>\n<p>Concretamente, <b>el esfuerzo salarial medio destinado a la renta mensual se sit\u00faa ya en el 47%, <\/b>y quien quiere comprar necesita \u00absiete a\u00f1os de salario \u00edntegro para acceder a una vivienda en propiedad\u00bb. Un desequilibrio que, seg\u00fan Matos, no tiene precedentes, ya que<b> \u00abnunca nos hab\u00edamos enfrentado a precios tan altos ni a una brecha tan grande entre ingresos y vivienda\u00bb.<\/b><\/p>\n<p>WhatsApp<a href=\"https:\/\/api.whatsapp.com\/send?text=https:\/\/www.eleconomista.es\/vivienda-inmobiliario\/noticias\/13636323\/11\/25\/el-alquiler-se-esta-desangrando-un-43-de-los-contratos-que-vecen-en-2026-saldran-del-mercado-de-larga-duracion.html?utm_source%3Dwhatsapp%26utm_medium%3Dshare_button&amp;id=1648118629957_whatsapp\" target=\"_blank\" data-action=\"share\/whatsapp\/share\" aria-label=\"Compartir en Whatsapp\" rel=\"nofollow noopener\"><\/a>Facebook<a id=\"fb-share\" href=\"#\" target=\"_blank\" rel=\"noopener noreferrer\" aria-label=\"Compartir en Facebook\"><\/a>Twitter<a href=\"https:\/\/twitter.com\/share?text=El+alquiler+se+est%C3%A1+%22desangrando%22%3A+un+43%25+de+los+contratos+que+vencen+en+2026+saldr%C3%A1n+del+mercado+de+larga+duraci%C3%B3n&amp;url=https:\/\/www.eleconomista.es\/vivienda-inmobiliario\/noticias\/13636323\/11\/25\/el-alquiler-se-esta-desangrando-un-43-de-los-contratos-que-vecen-en-2026-saldran-del-mercado-de-larga-duracion.html&amp;via=elEconomistaes&amp;id=1648118839245_twitter\" target=\"_blank\" aria-label=\"Compartir en Twitter\" rel=\"nofollow noopener\"><\/a>Linkedin<a href=\"https:\/\/linkedin.com\/share?text=https:\/\/www.eleconomista.es\/vivienda-inmobiliario\/noticias\/13636323\/11\/25\/el-alquiler-se-esta-desangrando-un-43-de-los-contratos-que-vecen-en-2026-saldran-del-mercado-de-larga-duracion.html&amp;via=elEconomistaes\" target=\"_blank\" aria-label=\"Compartir en linkedin\" rel=\"nofollow noopener\"><\/a>Beloud<a href=\"https:\/\/beloud.com\/share?text=El+alquiler+se+est%C3%A1+%22desangrando%22%3A+un+43%25+de+los+contratos+que+vencen+en+2026+saldr%C3%A1n+del+mercado+de+larga+duraci%C3%B3n&amp;url=https:\/\/www.eleconomista.es\/vivienda-inmobiliario\/noticias\/13636323\/11\/25\/el-alquiler-se-esta-desangrando-un-43-de-los-contratos-que-vecen-en-2026-saldran-del-mercado-de-larga-duracion.html&amp;via=elEconomistaes&amp;id=1648118839245_beloud\" target=\"_blank\" aria-label=\"Compartir en beloud\" rel=\"nofollow noopener\"><\/a>Bluesky<a href=\"https:\/\/bsky.app\/intent\/compose?text=https:\/\/bsky.app\/intent\/compose?text=https:\/\/www.eleconomista.es\/vivienda-inmobiliario\/noticias\/13636323\/11\/25\/el-alquiler-se-esta-desangrando-un-43-de-los-contratos-que-vecen-en-2026-saldran-del-mercado-de-larga-duracion.html&amp;url=https:\/\/www.eleconomista.es\/vivienda-inmobiliario\/noticias\/13636323\/11\/25\/el-alquiler-se-esta-desangrando-un-43-de-los-contratos-que-vecen-en-2026-saldran-del-mercado-de-larga-duracion.html&amp;via=elEconomistaes&amp;id=1648118839245_bluesky\" target=\"_blank\" aria-label=\"Compartir en bluesky\" rel=\"nofollow noopener\"><\/a><\/p>\n<p><script async src=\"https:\/\/platform.twitter.com\/widgets.js\" charset=\"utf-8\"><\/script><\/p>\n","protected":false},"excerpt":{"rendered":"\u00abEl mercado del alquiler se est\u00e1 desangrando\u00bb. As\u00ed de contundente describe Mar\u00eda Matos, jefa de Estudios de Fotocasa,&hellip;\n","protected":false},"author":2,"featured_media":230581,"comment_status":"","ping_status":"","sticky":false,"template":"","format":"standard","meta":{"footnotes":""},"categories":[80],"tags":[82,95,94,25,24,23,6218],"class_list":{"0":"post-230580","1":"post","2":"type-post","3":"status-publish","4":"format-standard","5":"has-post-thumbnail","7":"category-economia","8":"tag-business","9":"tag-economia","10":"tag-economy","11":"tag-es","12":"tag-espana","13":"tag-spain","14":"tag-vivienda-inmobiliario"},"share_on_mastodon":{"url":"https:\/\/pubeurope.com\/@es\/115531748825360184","error":""},"_links":{"self":[{"href":"https:\/\/www.europesays.com\/es\/wp-json\/wp\/v2\/posts\/230580","targetHints":{"allow":["GET"]}}],"collection":[{"href":"https:\/\/www.europesays.com\/es\/wp-json\/wp\/v2\/posts"}],"about":[{"href":"https:\/\/www.europesays.com\/es\/wp-json\/wp\/v2\/types\/post"}],"author":[{"embeddable":true,"href":"https:\/\/www.europesays.com\/es\/wp-json\/wp\/v2\/users\/2"}],"replies":[{"embeddable":true,"href":"https:\/\/www.europesays.com\/es\/wp-json\/wp\/v2\/comments?post=230580"}],"version-history":[{"count":0,"href":"https:\/\/www.europesays.com\/es\/wp-json\/wp\/v2\/posts\/230580\/revisions"}],"wp:featuredmedia":[{"embeddable":true,"href":"https:\/\/www.europesays.com\/es\/wp-json\/wp\/v2\/media\/230581"}],"wp:attachment":[{"href":"https:\/\/www.europesays.com\/es\/wp-json\/wp\/v2\/media?parent=230580"}],"wp:term":[{"taxonomy":"category","embeddable":true,"href":"https:\/\/www.europesays.com\/es\/wp-json\/wp\/v2\/categories?post=230580"},{"taxonomy":"post_tag","embeddable":true,"href":"https:\/\/www.europesays.com\/es\/wp-json\/wp\/v2\/tags?post=230580"}],"curies":[{"name":"wp","href":"https:\/\/api.w.org\/{rel}","templated":true}]}}