{"id":230582,"date":"2025-11-11T15:22:09","date_gmt":"2025-11-11T15:22:09","guid":{"rendered":"https:\/\/www.europesays.com\/es\/230582\/"},"modified":"2025-11-11T15:22:09","modified_gmt":"2025-11-11T15:22:09","slug":"la-fiscalia-de-milan-investiga-safaris-humanos-en-sarajevo-viajes-a-la-guerra-en-los-noventa-pagando-por-disparar-a-personas-internacional","status":"publish","type":"post","link":"https:\/\/www.europesays.com\/es\/230582\/","title":{"rendered":"La Fiscal\u00eda de Mil\u00e1n investiga \u2018safaris humanos\u2019 en Sarajevo: viajes a la guerra en los noventa pagando por disparar a personas | Internacional"},"content":{"rendered":"<p class=\"\">La Fiscal\u00eda de Mil\u00e1n ha abierto una investigaci\u00f3n sobre un caso escalofriante, que hace regresar a la tristemente famosa <a href=\"https:\/\/elpais.com\/internacional\/2020-03-22\/en-busca-de-imagenes-para-la-memoria-del-cerco-de-sarajevo.html\" target=\"_self\" rel=\"nofollow noopener\" title=\"https:\/\/elpais.com\/internacional\/2020-03-22\/en-busca-de-imagenes-para-la-memoria-del-cerco-de-sarajevo.html\">avenida de los francotiradores de Sarajevo<\/a>, la ciudad sitiada desde 1992 a 1996 por las milicias serbo-bosnias durante la guerra en Bosnia. Desde las colinas, disparaban a los transe\u00fantes que no ten\u00edan m\u00e1s remedio que pasar por esa calle y exponerse a ser abatidos. Se estima que fueron asesinados de este modo m\u00e1s de 11.000 civiles. La tesis de esta investigaci\u00f3n, revelada por medios italianos y que indaga un presunto delito de homicidio voluntario con la agravante de crueldad y motivos abyectos, es que hubo italianos que pagaban por ir a Sarajevo de fin de semana y poder disparar a personas, como en una cacer\u00eda. <\/p>\n<p class=\"\">Ciudadanos corrientes, pr\u00f3ximos a c\u00edrculos de extrema derecha y apasionados de las armas, que contrataban este servicio como un safari humano en la ciudad asediada. Seg\u00fan la denuncia, iban con vuelo de Trieste a Belgrado de la compa\u00f1\u00eda serbia Aviogenex, que en esa \u00e9poca operaba desde el aeropuerto italiano. Para ser francotiradores de fin de semana pagaban el equivalente a entre 80.000 y 100.000 euros, seg\u00fan las primeras hip\u00f3tesis de la investigaci\u00f3n. Por disparar a ni\u00f1os se pagaba m\u00e1s. En la informaci\u00f3n que ha trascendido, se habla de un empresario milan\u00e9s due\u00f1o de una cl\u00ednica est\u00e9tica privada, y ciudadanos de Tur\u00edn y Trieste.<\/p>\n<p class=\"\">La denuncia, documentada en 17 p\u00e1ginas, ha llegado del escritor y periodista, Ezio Gavazzeni, respaldado por el reputado exmagistrado Guido Salvini y la exalcaldesa de Sarajevo de 2021 a 2024, Benjamina Karic, que ha ido recogiendo informaci\u00f3n sobre algo que se ha rumoreado durante a\u00f1os y que cristaliz\u00f3 en 2023 en Sarajevo Safari, un documental del esloveno Miran Zupanic. Este filme recog\u00eda testimonios y daba pistas sobre la posibilidad de que millonarios extranjeros pagaran por viajar a la ciudad bosnia para poder disparar ellos mismos a seres humanos. <\/p>\n<p class=\"\">La fiscal\u00eda bosnia archiv\u00f3 una investigaci\u00f3n, por la dificultad de indagar sobre el caso en <a href=\"https:\/\/elpais.com\/internacional\/2022-10-03\/la-victoria-de-los-partidos-multietnicos-en-las-elecciones-presidenciales-de-bosnia-aleja-el-fantasma-del-independentismo.html\" target=\"_self\" rel=\"nofollow noopener\" title=\"https:\/\/elpais.com\/internacional\/2022-10-03\/la-victoria-de-los-partidos-multietnicos-en-las-elecciones-presidenciales-de-bosnia-aleja-el-fantasma-del-independentismo.html\">un pa\u00eds a\u00fan muy dividido y roto por la guerra<\/a>, ha relatado este martes Gavazzeni al diario La Repubblica. En cuanto a la justicia serbia, asegura que para los tribunales de este pa\u00eds este asunto es \u201cuna leyenda metropolitana\u201d. Por eso, \u00e9l ha intentado abrir el caso en Italia. \u201cHablamos de gente con dinero, con reputaci\u00f3n, empresarios, que <a href=\"https:\/\/elpais.com\/internacional\/2025-10-13\/los-malos-acuerdos-de-paz-tambien-acaban-con-las-guerras.html\" target=\"_self\" rel=\"nofollow noopener\" title=\"https:\/\/elpais.com\/internacional\/2025-10-13\/los-malos-acuerdos-de-paz-tambien-acaban-con-las-guerras.html\">durante el asedio de Sarajevo<\/a> pagaban por poder matar a civiles desarmados. Sal\u00edan de Trieste para una caza del hombre y luego volv\u00edan y segu\u00edan con su vida de siempre, respetable a los ojos de todos\u201d, sostiene. <\/p>\n<p><img decoding=\"auto\" class=\"_re lazyload a_m-h\" height=\"270\"  width=\"414\"  src=\"https:\/\/www.europesays.com\/es\/wp-content\/uploads\/2025\/11\/ZSSKAECJENGH3NOBSNL7S42OII.jpg\" loading=\"lazy\"\/>Un soldado bosnio con un ni\u00f1o en brazos y otra mujer llevando tambi\u00e9n un ni\u00f1o, cruzan una calle a la carrera para evitar los disparos de los francotiradores, en Sarajevo, el 29 de junio de 1995.<\/p>\n<p class=\"\">El fiscal Alessandro Gobbis tiene una lista de varias personas que pueden aportar a su testimonio y van a ser llamados a declarar. Seg\u00fan el escritor, estos sanguinarios turistas de la guerra pueden ser un centenar. \u201cEspero que puedan localizar al menos a uno o a dos, quiz\u00e1 diez\u201d, avanza.<\/p>\n<p class=\"\">Entre los testigos, afirma Gavazzeni, est\u00e1 un agente de inteligencia bosnio de iniciales E. S. que conoci\u00f3 los hechos y asegura que los servicios secretos italianos, que ten\u00edan personal en Sarajevo, tuvieron informaci\u00f3n sobre ello en 1993 y existir\u00edan archivos clasificados al respecto. \u201cMe ha dicho que la inteligencia bosnia advirti\u00f3 de la presencia de al menos cinco italianos, que estaban en las colinas alrededor de Sarajevo, acompa\u00f1ados para disparar a civiles\u201d, ha asegurado. <\/p>\n<p class=\"\">Tambi\u00e9n cita a un funcionario de los servicios secretos eslovenos, algunas v\u00edctimas y un bombero herido que ya en el proceso contra el l\u00edder serbio Slobodan Milosevic en La Haya habl\u00f3 de \u201ctiradores tur\u00edsticos\u201d con vestimenta y armas distintas que llamaban la atenci\u00f3n entre los soldados serbios. <\/p>\n<p class=\"\">El c\u00f3nsul bosnio en Mil\u00e1n, Dag Dumrukcic, ha garantizado la \u201ctotal colaboraci\u00f3n\u201d del Gobierno de su pa\u00eds. \u201cEstamos impacientes de descubrir la verdad de un asunto tan cruel y cerrar las cuentas con el pasado. Conozco algunas informaciones que aportar\u00e9 a la investigaci\u00f3n\u201d, ha declarado. <\/p>\n<p class=\"\">En el pasado, tambi\u00e9n fueron conocidas y muy controvertidas <a href=\"https:\/\/www.youtube.com\/watch?v=JkjPZvz27mg\" target=\"_self\" rel=\"nofollow noopener\" title=\"https:\/\/www.youtube.com\/watch?v=JkjPZvz27mg\">las im\u00e1genes del escritor ruso Eduard Limonov en las colinas de Sarajevo<\/a>, junto al l\u00edder serbo-bosnio<a href=\"https:\/\/elpais.com\/internacional\/2019\/03\/20\/actualidad\/1553083094_730242.html\" target=\"_self\" rel=\"nofollow noopener\" title=\"https:\/\/elpais.com\/internacional\/2019\/03\/20\/actualidad\/1553083094_730242.html\"> Radovan Karadzic<\/a>. En ellas, le mostraban c\u00f3mo los francotiradores disparaban a la gente, y \u00e9l mismo se colocaba en la ametralladora y disparaba unos tiros.<\/p>\n","protected":false},"excerpt":{"rendered":"La Fiscal\u00eda de Mil\u00e1n ha abierto una investigaci\u00f3n sobre un caso escalofriante, que hace regresar a la tristemente&hellip;\n","protected":false},"author":2,"featured_media":230583,"comment_status":"","ping_status":"","sticky":false,"template":"","format":"standard","meta":{"footnotes":""},"categories":[42],"tags":[60403,17,18,60406,13,14,4767,60404,11,61,62,63,64,628,19,20,9,10,15,16,60405,10791,5389,60407,12,21,22,65,66,67,38895],"class_list":{"0":"post-230582","1":"post","2":"type-post","3":"status-publish","4":"format-standard","5":"has-post-thumbnail","7":"category-internacional","8":"tag-bosnia-herzegovina","9":"tag-breaking-news","10":"tag-breakingnews","11":"tag-eduard-limonov","12":"tag-featured-news","13":"tag-featurednews","14":"tag-fiscalia","15":"tag-guerra-bosnia","16":"tag-headlines","17":"tag-internacional","18":"tag-international","19":"tag-international-news","20":"tag-internationalnews","21":"tag-italia","22":"tag-latest-news","23":"tag-latestnews","24":"tag-news","25":"tag-noticias","26":"tag-noticias-destacadas","27":"tag-noticiasdestacadas","28":"tag-radovan-karadzic","29":"tag-sarajevo","30":"tag-serbia","31":"tag-slobodan-milosevic","32":"tag-titulares","33":"tag-ultimas-noticias","34":"tag-ultimasnoticias","35":"tag-world","36":"tag-world-news","37":"tag-worldnews","38":"tag-yugoslavia"},"share_on_mastodon":{"url":"","error":"Validation failed: Text character limit of 500 exceeded"},"_links":{"self":[{"href":"https:\/\/www.europesays.com\/es\/wp-json\/wp\/v2\/posts\/230582","targetHints":{"allow":["GET"]}}],"collection":[{"href":"https:\/\/www.europesays.com\/es\/wp-json\/wp\/v2\/posts"}],"about":[{"href":"https:\/\/www.europesays.com\/es\/wp-json\/wp\/v2\/types\/post"}],"author":[{"embeddable":true,"href":"https:\/\/www.europesays.com\/es\/wp-json\/wp\/v2\/users\/2"}],"replies":[{"embeddable":true,"href":"https:\/\/www.europesays.com\/es\/wp-json\/wp\/v2\/comments?post=230582"}],"version-history":[{"count":0,"href":"https:\/\/www.europesays.com\/es\/wp-json\/wp\/v2\/posts\/230582\/revisions"}],"wp:featuredmedia":[{"embeddable":true,"href":"https:\/\/www.europesays.com\/es\/wp-json\/wp\/v2\/media\/230583"}],"wp:attachment":[{"href":"https:\/\/www.europesays.com\/es\/wp-json\/wp\/v2\/media?parent=230582"}],"wp:term":[{"taxonomy":"category","embeddable":true,"href":"https:\/\/www.europesays.com\/es\/wp-json\/wp\/v2\/categories?post=230582"},{"taxonomy":"post_tag","embeddable":true,"href":"https:\/\/www.europesays.com\/es\/wp-json\/wp\/v2\/tags?post=230582"}],"curies":[{"name":"wp","href":"https:\/\/api.w.org\/{rel}","templated":true}]}}