{"id":230586,"date":"2025-11-11T15:24:33","date_gmt":"2025-11-11T15:24:33","guid":{"rendered":"https:\/\/www.europesays.com\/es\/230586\/"},"modified":"2025-11-11T15:24:33","modified_gmt":"2025-11-11T15:24:33","slug":"los-graficos-mapas-y-fotos-que-muestran-la-lenta-muerte-de-la-amazonia-y-por-que-el-mundo-deberia-preocuparse","status":"publish","type":"post","link":"https:\/\/www.europesays.com\/es\/230586\/","title":{"rendered":"Los gr\u00e1ficos, mapas y fotos que muestran la lenta muerte de la Amazon\u00eda y por qu\u00e9 el mundo deber\u00eda preocuparse"},"content":{"rendered":"<p><img fetchpriority=\"high\" decoding=\"async\" src=\"https:\/\/www.europesays.com\/es\/wp-content\/uploads\/2025\/11\/33de7680-bb3a-11f0-ba75-093eca1ac29b.png.webp.webp\"   alt=\"Ilustraci\u00f3n de la selva amaz\u00f3nica en la que se aprecia un mapa de Am\u00e9rica del Sur con los pa\u00edses que tienen parte de esta selva\" loading=\"eager\" width=\"1920\" height=\"1080\" style=\"aspect-ratio:1920 \/ 1080\" class=\"css-4ejld5\"\/><\/p>\n<p class=\"css-by8ykd\" role=\"text\">Fuente de la imagen, BBC, Getty Images<\/p>\n<p><strong id=\"article-byline\" aria-hidden=\"true\" class=\"css-m04vo2\">Informaci\u00f3n del art\u00edculo<\/strong><\/p>\n<ul class=\"css-1rvtlej\">\n<li class=\"css-oe8da4\">\n<ul role=\"list\" class=\"css-1rnycnn\">\n<li>Autor, Navin Singh Khadka, Antonio Cubero y el equipo de Periodismo Visual<\/li>\n<li>T\u00edtulo del autor,  BBC World Service<\/li>\n<\/ul>\n<\/li>\n<li class=\"css-1clfxfc\">\n<p>3 horas<\/p>\n<\/li>\n<li class=\"css-1clfxfc\"\/><\/ul>\n<p dir=\"ltr\" class=\"css-1qucyee e17g058b0\"><b>La conferencia de Naciones Unidas sobre el clima de este a\u00f1o (COP30) se celebra en Bel\u00e9n, ciudad del norte de Brasil, a menudo descrita como la puerta de entrada a la Amazon\u00eda, la mayor selva tropical del mundo.<\/b><\/p>\n<p dir=\"ltr\" class=\"css-1qucyee e17g058b0\">Se trata de un lugar simb\u00f3lico, 10 a\u00f1os despu\u00e9s de la COP de Par\u00eds, en la que se alcanz\u00f3 un acuerdo hist\u00f3rico destinado a frenar las emisiones de gases que calientan el planeta hasta umbrales seguros.<\/p>\n<p dir=\"ltr\" class=\"css-1qucyee e17g058b0\">Esos esfuerzos a\u00fan no han dado sus frutos, ya que las emisiones siguen aumentando, y la Amazon\u00eda, que absorbe grandes cantidades de C02 de la atm\u00f3sfera, ser\u00e1 clave en las medidas para dar por fin un giro a la situaci\u00f3n.<\/p>\n<p dir=\"ltr\" class=\"css-1qucyee e17g058b0\">Pero el futuro propio de la Amazon\u00eda no est\u00e1 claro, tras d\u00e9cadas de deforestaci\u00f3n y ahora de impactos clim\u00e1ticos, alertan los cient\u00edficos.<\/p>\n<p dir=\"ltr\" class=\"css-1qucyee e17g058b0\">En el estado de Par\u00e1, cuya capital es Bel\u00e9n, los niveles de destrucci\u00f3n de la selva tropical son de los m\u00e1s altos de la Amazon\u00eda.<\/p>\n<p dir=\"ltr\" class=\"css-1qucyee e17g058b0\">Por ello, la BBC analiza en detalle el estado de la Amazon\u00eda y las amenazas que se ciernen sobre ella.<\/p>\n<p><img decoding=\"async\" src=\"https:\/\/www.europesays.com\/es\/wp-content\/uploads\/2025\/11\/aa49f390-be36-11f0-ae46-bd64331f0fd4.png.webp.webp\"   alt=\"Mapa que muestra la ubicaci\u00f3n de la selva amaz\u00f3nica\" loading=\"lazy\" width=\"800\" height=\"879\" style=\"aspect-ratio:800 \/ 879\" class=\"css-4ejld5\"\/><\/p>\n<p dir=\"ltr\" class=\"css-1qucyee e17g058b0\">Brasil, que ocupa el 60% de la Amazon\u00eda, dice que intentar\u00e1 conseguir un acuerdo que proteja firmemente las selvas tropicales, a menudo situadas cerca del ecuador, con \u00e1rboles altos, en su mayor\u00eda de hoja perenne, y una exuberante vegetaci\u00f3n que se sustenta gracias a las elevadas precipitaciones y a la humedad.<\/p>\n<p dir=\"ltr\" class=\"css-1qucyee e17g058b0\">Pero la Amazon\u00eda tambi\u00e9n contiene llanuras aluviales, pantanos y sabanas.<\/p>\n<p dir=\"ltr\" class=\"css-1qucyee e17g058b0\">Abarca m\u00e1s de 6,7 millones de kil\u00f3metros cuadrados de Am\u00e9rica del Sur, m\u00e1s del doble del tama\u00f1o de India, y es uno de los focos de biodiversidad m\u00e1s ricos del planeta.<\/p>\n<ul class=\"css-1lxq1jn\" role=\"list\">\n<li role=\"listitem\" class=\"css-1maxgwy\">al menos 40.000 especies de plantas<\/li>\n<li role=\"listitem\" class=\"css-1maxgwy\">427 especies de mam\u00edferos, entre ellos osos hormigueros y nutrias gigantes<\/li>\n<li role=\"listitem\" class=\"css-1maxgwy\">1.300 especies de aves, entre ellas el \u00e1guila arp\u00eda y el tuc\u00e1n<\/li>\n<li role=\"listitem\" class=\"css-1maxgwy\">378 especies de reptiles, desde la iguana verde al caim\u00e1n negro<\/li>\n<li role=\"listitem\" class=\"css-1maxgwy\">m\u00e1s de 400 especies de anfibios, entre ellos la rana venenosa y el sapo liso<\/li>\n<li role=\"listitem\" class=\"css-1maxgwy\">y unas 3.000 especies de peces de agua dulce, entre ellos la pira\u00f1a y la enorme arapaima, que puede pesar hasta 200 kilogramos.<\/li>\n<\/ul>\n<p dir=\"ltr\" class=\"css-1qucyee e17g058b0\">Muchas de estas especies no se encuentran en ning\u00fan otro lugar.<\/p>\n<p><img decoding=\"async\" src=\"https:\/\/www.europesays.com\/es\/wp-content\/uploads\/2025\/11\/c0e3a060-be36-11f0-8669-5560f5c90fbe.png.webp.webp\"   alt=\"Gr\u00e1fico que muestra la diversidad de flora y fauna de la selva amaz\u00f3nica\" loading=\"lazy\" width=\"800\" height=\"3182\" style=\"aspect-ratio:800 \/ 3182\" class=\"css-4ejld5\"\/><\/p>\n<p dir=\"ltr\" class=\"css-1qucyee e17g058b0\">Adem\u00e1s, cientos de grupos ind\u00edgenas viven en la regi\u00f3n.<\/p>\n<p><img decoding=\"async\" src=\"https:\/\/www.europesays.com\/es\/wp-content\/uploads\/2025\/11\/e40af480-be36-11f0-ae46-bd64331f0fd4.png.webp.webp\"   alt=\"Gr\u00e1fico que muestra la ubicaci\u00f3n de los pueblos ind\u00edgenas que viven la selva amaz\u00f3nica.\" loading=\"lazy\" width=\"800\" height=\"1067\" style=\"aspect-ratio:800 \/ 1067\" class=\"css-4ejld5\"\/><\/p>\n<p dir=\"ltr\" class=\"css-1qucyee e17g058b0\">El r\u00edo Amazonas es el m\u00e1s caudaloso del mundo y, con sus m\u00e1s de 1.100 afluentes, constituye con diferencia el mayor recurso de agua dulce del planeta.<\/p>\n<p dir=\"ltr\" class=\"css-1qucyee e17g058b0\">Estas aguas desembocan en el oc\u00e9ano Atl\u00e1ntico y desempe\u00f1an un papel importante en el mantenimiento de las corrientes oce\u00e1nicas que pueden influir en los sistemas clim\u00e1ticos regionales y mundiales.<\/p>\n<p dir=\"ltr\" class=\"css-1qucyee e17g058b0\">Y sus bosques son importantes sumideros de carbono, a pesar de que se ha descubierto que algunas zonas degradadas emiten m\u00e1s CO2 del que almacenan.<\/p>\n<p dir=\"ltr\" class=\"css-1qucyee e17g058b0\">La Amazon\u00eda es tambi\u00e9n una importante fuente de alimentos y medicinas. De ella se extraen metales, incluido el oro, y podr\u00eda convertirse en un importante productor de petr\u00f3leo y gas.<\/p>\n<p dir=\"ltr\" class=\"css-1qucyee e17g058b0\">La destrucci\u00f3n de grandes extensiones de bosque tambi\u00e9n ha convertido a la regi\u00f3n en un gran proveedor de madera.<\/p>\n<p>\u00bfQu\u00e9 est\u00e1 pasando hoy?<\/p>\n<p dir=\"ltr\" class=\"css-1qucyee e17g058b0\">Las organizaciones conservacionistas afirman que se ha perdido hasta un 20% de la selva y que una superficie similar se ha degradado a causa de actividades humanas como la agricultura, la ganader\u00eda, la tala y la miner\u00eda, y ahora tambi\u00e9n por la sequ\u00eda y el aumento de las temperaturas inducidos por el clima.<\/p>\n<p dir=\"ltr\" class=\"css-1qucyee e17g058b0\">El \u00faltimo punto \u00e1lgido de deforestaci\u00f3n se produjo en 2022, cuando se talaron casi 20.000 km2 de bosques, un aumento del 21% con respecto a 2021 y el peor a\u00f1o desde 2004, seg\u00fan el Programa de Monitoreo de la Amazon\u00eda Andina (MAAP) de Amazon Conservation.<\/p>\n<p dir=\"ltr\" class=\"css-1qucyee e17g058b0\">Tras un cambio de gobierno en Brasil en 2023, la tasa de deforestaci\u00f3n de la Amazon\u00eda brasile\u00f1a se redujo inmediatamente a la mitad -aunque no en las regiones controladas por otros pa\u00edses- y el mundo se alegr\u00f3.<\/p>\n<p dir=\"ltr\" class=\"css-1qucyee e17g058b0\">Pero pronto se descubri\u00f3 que algunas partes de la Amazon\u00eda hab\u00edan sufrido graves da\u00f1os de los que tal vez no se recupere.<\/p>\n<p dir=\"ltr\" class=\"css-1qucyee e17g058b0\">Esto no es s\u00f3lo producto de a\u00f1os de deforestaci\u00f3n, sino tambi\u00e9n de la crisis clim\u00e1tica, que se perfila como una nueva amenaza para el ecosistema amaz\u00f3nico.<\/p>\n<p><img decoding=\"async\" src=\"https:\/\/www.europesays.com\/es\/wp-content\/uploads\/2025\/11\/398676b0-bb1b-11f0-aa13-0b0479f6f42a.jpg.webp.webp\"   alt=\"Una mujer parada en el lecho seco y resquebrajado de un r\u00edo. \" loading=\"lazy\" width=\"5000\" height=\"3333\" style=\"aspect-ratio:5000 \/ 3333\" class=\"css-4ejld5\"\/><\/p>\n<p class=\"css-by8ykd\" role=\"text\">Fuente de la imagen, Reuters\/Amanda Perobelli<\/p>\n<p>Pie de foto, La sequ\u00eda ha estado afectando a los r\u00edos que atraviesan la Amazon\u00eda, como el Tapaj\u00f3s.<\/p>\n<p dir=\"ltr\" class=\"css-1qucyee e17g058b0\">Un aumento significativo de la temperatura y prolongados episodios de sequ\u00eda han repercutido en su funcionamiento b\u00e1sico, haciendo que el bosque, habitualmente h\u00famedo, sea m\u00e1s seco y susceptible a los incendios forestales.<\/p>\n<p dir=\"ltr\" class=\"css-1qucyee e17g058b0\">En septiembre de 2024, por ejemplo, hubo 41.463 focos de incendio en la Amazon\u00eda brasile\u00f1a, la cifra m\u00e1s alta para ese mes desde 2010, seg\u00fan la agencia espacial brasile\u00f1a, el INPE.<\/p>\n<p dir=\"ltr\" class=\"css-1qucyee e17g058b0\">\u00abCada vez hay m\u00e1s sequ\u00edas e incendios, lo que ha provocado un aumento de la degradaci\u00f3n de varias zonas de la Amazon\u00eda\u00bb, afirma Paulo Brando, profesor asociado de captura de carbono en ecosistemas de la Universidad de Yale (Estados Unidos).<\/p>\n<p dir=\"ltr\" class=\"css-1qucyee e17g058b0\">\u00abEsta degradaci\u00f3n en diferentes partes se perfila como una gran amenaza para la Amazon\u00eda\u00bb, alerta.<\/p>\n<p>Los \u00abr\u00edos voladores\u00bb interrumpidos<\/p>\n<p dir=\"ltr\" class=\"css-1qucyee e17g058b0\">As\u00ed es como surge el problema. La gigantesca regi\u00f3n amaz\u00f3nica tiene sistemas clim\u00e1ticos internos: sus bosques hacen circular la humedad del oc\u00e9ano Atl\u00e1ntico creando lo que se conoce como \u00abr\u00edos voladores\u00bb en el cielo.<\/p>\n<p dir=\"ltr\" class=\"css-1qucyee e17g058b0\">Estos r\u00edos atmosf\u00e9ricos dejan caer primero la lluvia sobre la parte oriental de la Amazon\u00eda, cerca del Atl\u00e1ntico.<\/p>\n<p dir=\"ltr\" class=\"css-1qucyee e17g058b0\">A continuaci\u00f3n, el agua vuelve a elevarse en el aire, desde el suelo y la vegetaci\u00f3n (mediante un proceso de evapotranspiraci\u00f3n), y se desplaza m\u00e1s hacia el oeste antes de caer sobre otra parcela de la selva tropical.<\/p>\n<p dir=\"ltr\" class=\"css-1qucyee e17g058b0\">Esta circulaci\u00f3n de agua de una parcela de selva tropical a otra se produce en toda la Amazon\u00eda y explica en parte c\u00f3mo la inmensa selva ha florecido.<\/p>\n<p><img decoding=\"async\" src=\"https:\/\/www.europesays.com\/es\/wp-content\/uploads\/2025\/11\/9f09a550-bb2c-11f0-ba75-093eca1ac29b.jpg.webp.webp\"   alt=\"Vista a\u00e9rea de la selva amaz\u00f3nica y las nubes que se ven sobre ella.\" loading=\"lazy\" width=\"1024\" height=\"683\" style=\"aspect-ratio:1024 \/ 683\" class=\"css-4ejld5\"\/><\/p>\n<p class=\"css-by8ykd\" role=\"text\">Fuente de la imagen, AFP via Getty Images\/NELSON ALMEIDA<\/p>\n<p>Pie de foto, Los r\u00edos atmosf\u00e9ricos transportan vapor de agua a lo largo de la selva.<\/p>\n<p dir=\"ltr\" class=\"css-1qucyee e17g058b0\">Pero esa circulaci\u00f3n de humedad, advierten los expertos, se ha interrumpido ahora.<\/p>\n<p dir=\"ltr\" class=\"css-1qucyee e17g058b0\">Las zonas amaz\u00f3nicas que han sido deforestadas y degradadas no pueden hacer circular adecuadamente la humedad del oc\u00e9ano y, como resultado, una cantidad mucho menor de \u00e9sta vuelve a entrar en la atm\u00f3sfera a trav\u00e9s de la evapotranspiraci\u00f3n.<\/p>\n<p dir=\"ltr\" class=\"css-1qucyee e17g058b0\">\u00abLos minisistemas de circulaci\u00f3n de la humedad que estaban interconectados en toda la Amazon\u00eda est\u00e1n ahora rotos\u00bb, afirma Matt Finer, cient\u00edfico de Amazon Conservation y coautor de un reciente informe sobre el papel de los r\u00edos voladores y el destino de la Amazon\u00eda.<\/p>\n<p dir=\"ltr\" class=\"css-1qucyee e17g058b0\">La regi\u00f3n m\u00e1s afectada es la Amazon\u00eda occidental, m\u00e1s alejada del Atl\u00e1ntico, sobre todo el sur de Per\u00fa y el norte de Bolivia, dice.<\/p>\n<p dir=\"ltr\" class=\"css-1qucyee e17g058b0\">\u00abLa supervivencia de las selvas tropicales de Per\u00fa y Bolivia depende en realidad de que haya bosques intactos en Brasil, al este, ya que si se destruyen esos bosques, se rompe el ciclo del agua que crea los r\u00edos voladores y no puede llegar a la Amazon\u00eda occidental. Todo est\u00e1 conectado\u00bb, explica.<\/p>\n<p dir=\"ltr\" class=\"css-1qucyee e17g058b0\">Este problema es especialmente grave en la estaci\u00f3n seca, de junio a noviembre.<\/p>\n<p><img decoding=\"async\" src=\"https:\/\/www.europesays.com\/es\/wp-content\/uploads\/2025\/11\/b4fbf920-bb2d-11f0-ba75-093eca1ac29b.jpg.webp.webp\"   alt=\"Vista a\u00e9rea del r\u00edo Aguarico en cuyas riberas se ve una densa vegetaci\u00f3n\" loading=\"lazy\" width=\"1024\" height=\"683\" style=\"aspect-ratio:1024 \/ 683\" class=\"css-4ejld5\"\/><\/p>\n<p class=\"css-by8ykd\" role=\"text\">Fuente de la imagen, AFP via Getty Images\/Pedro Pardo<\/p>\n<p>Pie de foto, En los \u00faltimos a\u00f1os, los r\u00edos de la selva amaz\u00f3nica han registrado niveles de agua inusualmente bajos.<\/p>\n<p>\u00bfPunto de inflexi\u00f3n?<\/p>\n<p dir=\"ltr\" class=\"css-1qucyee e17g058b0\">En el pasado, la selva h\u00fameda ha sido muy resistente a los incendios forestales, pero en las zonas donde no llueve esa resistencia se est\u00e1 debilitando.<\/p>\n<p dir=\"ltr\" class=\"css-1qucyee e17g058b0\">Algunos cient\u00edficos temen que el ecosistema de la selva tropical est\u00e9 llegando a un punto de inflexi\u00f3n del que no podr\u00e1 recuperarse y se perder\u00e1 para siempre.<\/p>\n<p dir=\"ltr\" class=\"css-1qucyee e17g058b0\">\u00abEstos son los primeros signos del punto de inflexi\u00f3n que estamos viendo en algunas partes del Amazonas\u00bb, afirma Finer.<\/p>\n<p dir=\"ltr\" class=\"css-1qucyee e17g058b0\">Erika Berenguer, investigadora asociada del laboratorio de ecosistemas de la Universidad de Oxford (Reino Unido), coincide en que el riesgo es cada vez mayor, pero, al igual que Finer, afirma que algunas zonas se ven m\u00e1s afectadas que otras.<\/p>\n<p dir=\"ltr\" class=\"css-1qucyee e17g058b0\">\u00abEs un proceso muy lento que se est\u00e1 produciendo en ciertas partes\u00bb, explica.<\/p>\n<p><img decoding=\"async\" src=\"https:\/\/www.europesays.com\/es\/wp-content\/uploads\/2025\/11\/954833d0-bb20-11f0-b2a1-6f537f66f9aa.jpg.webp.webp\"   alt=\"Una manada de vacas en una zona deforestada de la selva amaz\u00f3nica.\" loading=\"lazy\" width=\"1024\" height=\"683\" style=\"aspect-ratio:1024 \/ 683\" class=\"css-4ejld5\"\/><\/p>\n<p class=\"css-by8ykd\" role=\"text\">Fuente de la imagen, The Washington Post via Getty Images\/Rafael Vilela<\/p>\n<p>Pie de foto, La agricultura, la cr\u00eda de ganado y la miner\u00eda han arrasado con miles de hect\u00e1reas de selva.<\/p>\n<p>Aguas problem\u00e1ticas<\/p>\n<p dir=\"ltr\" class=\"css-1qucyee e17g058b0\">Una menor circulaci\u00f3n del agua en los cielos de la Amazon\u00eda no s\u00f3lo significa un bosque menos sano, sino que tambi\u00e9n tiene enormes repercusiones en el r\u00edo Amazonas y sus numerosos afluentes, afirman los expertos.<\/p>\n<p dir=\"ltr\" class=\"css-1qucyee e17g058b0\">Varios r\u00edos de la cuenca del Amazonas han registrado niveles r\u00e9cord de estiaje en los \u00faltimos a\u00f1os, y en 2023 se produjo la peor sequ\u00eda de los \u00faltimos 45 a\u00f1os.<\/p>\n<p dir=\"ltr\" class=\"css-1qucyee e17g058b0\">Las condiciones secas de 2023 y la primera mitad de 2024 fueron provocadas en parte por El Ni\u00f1o, un sistema meteorol\u00f3gico natural en el que las temperaturas de la superficie del mar aumentan en el este del oc\u00e9ano Pac\u00edfico, afectando a los patrones de precipitaciones globales, especialmente en Am\u00e9rica del Sur.<\/p>\n<p><img decoding=\"async\" src=\"https:\/\/www.europesays.com\/es\/wp-content\/uploads\/2025\/11\/455842e0-bb2d-11f0-ba75-093eca1ac29b.jpg.webp.webp\"   alt=\"Un grupo de personas, sentadas y de pie en una canoa, que est\u00e1 en la orilla del r\u00edo Amazonas.\" loading=\"lazy\" width=\"1024\" height=\"683\" style=\"aspect-ratio:1024 \/ 683\" class=\"css-4ejld5\"\/><\/p>\n<p class=\"css-by8ykd\" role=\"text\">Fuente de la imagen, NurPhoto via Getty Images\/Rafael Guadeluppe<\/p>\n<p>Pie de foto, Millones de personas, buena parte de ellas ind\u00edgenas, viven en la cuenca del Amazonas.<\/p>\n<p>El desastre minero<\/p>\n<p dir=\"ltr\" class=\"css-1qucyee e17g058b0\">Como si la deforestaci\u00f3n y la crisis clim\u00e1tica no fueran suficientemente perjudiciales, la miner\u00eda ilegal -en particular la del oro- tambi\u00e9n ha causado da\u00f1os incalculables al ecosistema de la selva tropical.<\/p>\n<p dir=\"ltr\" class=\"css-1qucyee e17g058b0\">\u00abY ahora tambi\u00e9n se han empezado a extraer minerales de tierras raras en la regi\u00f3n\u00bb, afirma Berenguer.<\/p>\n<p dir=\"ltr\" class=\"css-1qucyee e17g058b0\">Estos minerales se utilizan en veh\u00edculos el\u00e9ctricos, turbinas e\u00f3licas, tel\u00e9fonos m\u00f3viles y sat\u00e9lites, por lo que son fundamentales para la econom\u00eda moderna.<\/p>\n<p dir=\"ltr\" class=\"css-1qucyee e17g058b0\">Aunque la miner\u00eda no causa mucha deforestaci\u00f3n, contamina los r\u00edos, el suelo y la vegetaci\u00f3n con sustancias qu\u00edmicas como el mercurio, que luego pueden envenenar a animales y seres humanos.<\/p>\n<p dir=\"ltr\" class=\"css-1qucyee e17g058b0\">Seg\u00fan los expertos, tambi\u00e9n existe un v\u00ednculo cada vez mayor entre los mineros ilegales y la delincuencia organizada, incluidas las bandas que trafican con armas.<\/p>\n<p dir=\"ltr\" class=\"css-1qucyee e17g058b0\">\u00abLas redes criminales se est\u00e1n expandiendo por toda la Amazon\u00eda, lo que dificulta mucho el control de las autoridades sobre el terreno\u00bb, se\u00f1ala Matt Finer.<\/p>\n<p><img decoding=\"async\" src=\"https:\/\/www.europesays.com\/es\/wp-content\/uploads\/2025\/11\/cdc3aeb0-bb1b-11f0-ba75-093eca1ac29b.jpg.webp.webp\"   alt=\"Foto a\u00e9rea de un campamento minero ilegal dentro del Amazonas\" loading=\"lazy\" width=\"3350\" height=\"2234\" style=\"aspect-ratio:3350 \/ 2234\" class=\"css-4ejld5\"\/><\/p>\n<p class=\"css-by8ykd\" role=\"text\">Fuente de la imagen, Reuters\/Ueslei Marcelino<\/p>\n<p>Pie de foto, La miner\u00eda ilegal no solamente est\u00e1 destruyendo a\u00e9reas selv\u00e1ticas, sino que tambi\u00e9n est\u00e1 contaminando tierras y r\u00edos de los que dependen los pueblos ind\u00edgenas.<\/p>\n<p dir=\"ltr\" class=\"css-1qucyee e17g058b0\">El hecho de que la Amazon\u00eda se extienda por ocho pa\u00edses, cada uno con su propio sistema jur\u00eddico y su propio r\u00e9gimen de aplicaci\u00f3n de la ley, se suma al reto de hacer frente a la delincuencia transfronteriza.<\/p>\n<p dir=\"ltr\" class=\"css-1qucyee e17g058b0\">Otro posible motivo de alarma es el descubrimiento de grandes cantidades de hidrocarburos enterrados bajo la selva.<\/p>\n<p dir=\"ltr\" class=\"css-1qucyee e17g058b0\">Seg\u00fan InfoAmazonia, entre 2022 y 2024 se descubrieron reservas equivalentes a unos 5.300 millones de barriles de petr\u00f3leo.<\/p>\n<p dir=\"ltr\" class=\"css-1qucyee e17g058b0\">En el reporte se afirma que la regi\u00f3n alberga casi una quinta parte de las reservas recientemente descubiertas en el mundo, lo que la convierte en una nueva frontera para la industria de los combustibles f\u00f3siles.<\/p>\n<p dir=\"ltr\" class=\"css-1qucyee e17g058b0\">Incluso antes de estos descubrimientos y de las \u00faltimas investigaciones sobre los r\u00edos voladores, el Panel Cient\u00edfico para la Amazon\u00eda demostr\u00f3 que m\u00e1s de 10.000 especies de plantas y animales corren un alto riesgo de extinci\u00f3n debido a la destrucci\u00f3n de la selva tropical.<\/p>\n<p>La importancia m\u00e1s all\u00e1 de la regi\u00f3n<\/p>\n<p><img decoding=\"async\" src=\"https:\/\/www.europesays.com\/es\/wp-content\/uploads\/2025\/11\/30195290-be37-11f0-8669-5560f5c90fbe.png.webp.webp\"   alt=\"Gr\u00e1fico que muestra por qu\u00e9 la Amazon\u00eda es importante para el mundo y expone seis razones: Biodiversidad, agua, alimentos, impacto en los oce\u00e1nos, c\u00f3mo enfr\u00eda el planeta y contiene el CO2\" loading=\"lazy\" width=\"1600\" height=\"2727\" style=\"aspect-ratio:1600 \/ 2727\" class=\"css-4ejld5\"\/><\/p>\n<p dir=\"ltr\" class=\"css-1qucyee e17g058b0\">La Amazon\u00eda sigue siendo un potente sumidero de carbono, capaz de absorber grandes cantidades del principal gas que calienta el planeta, el CO2.<\/p>\n<p dir=\"ltr\" class=\"css-1qucyee e17g058b0\">En 2022, se estimaba que conten\u00eda 71.500 millones de toneladas m\u00e9tricas de carbono, por encima y por debajo del suelo, seg\u00fan el informe del Programa de Monitoreo de la Amazonia Andina (MAAP) publicado en 2024.<\/p>\n<p dir=\"ltr\" class=\"css-1qucyee e17g058b0\">Esto equivale a casi dos a\u00f1os de emisiones mundiales de CO2 a los niveles de 2022.<\/p>\n<p dir=\"ltr\" class=\"css-1qucyee e17g058b0\">Pero la deforestaci\u00f3n, en la que se tala y quema la vegetaci\u00f3n, y el impacto del cambio clim\u00e1tico en la selva tropical amenazan con convertir m\u00e1s zonas de la regi\u00f3n en emisores netos, afirman los cient\u00edficos.<\/p>\n<p dir=\"ltr\" class=\"css-1qucyee e17g058b0\">Perder la Amazon\u00eda equivaldr\u00e1 a perder la lucha contra la crisis clim\u00e1tica, a\u00f1aden.<\/p>\n<p><img decoding=\"async\" src=\"https:\/\/www.europesays.com\/es\/wp-content\/uploads\/2025\/11\/04a644d0-bb3d-11f0-b2a1-6f537f66f9aa.jpg.webp.webp\"   alt=\"Una zona deforestada de la Amazon\u00eda.&#10;&#10;\" loading=\"lazy\" width=\"4032\" height=\"2268\" style=\"aspect-ratio:4032 \/ 2268\" class=\"css-4ejld5\"\/><\/p>\n<p class=\"css-by8ykd\" role=\"text\">Fuente de la imagen, REUTERS\/Amanda Perobelli<\/p>\n<p>Pie de foto, Solo en 2022, m\u00e1s de 20.000 kil\u00f3metros cuadrados de selva fueron deforestados.<\/p>\n<p dir=\"ltr\" class=\"css-1qucyee e17g058b0\">Los bosques tropicales tambi\u00e9n producen una cubierta de nubes que refleja la luz solar hacia el espacio y tiene un efecto refrigerante sobre el planeta.<\/p>\n<p dir=\"ltr\" class=\"css-1qucyee e17g058b0\">Mientras esto contin\u00fae, se ralentizar\u00e1 el calentamiento de la Tierra.<\/p>\n<p dir=\"ltr\" class=\"css-1qucyee e17g058b0\">\u00abAs\u00ed como los bosques tropicales como la Amazon\u00eda tienen la capacidad de almacenar carbono y limitar el calentamiento, tambi\u00e9n tienen la capacidad de enfriar el planeta\u00bb, afirma Tasso Azevedo, cient\u00edfico forestal brasile\u00f1o.<\/p>\n<p dir=\"ltr\" class=\"css-1qucyee e17g058b0\">\u00abPor eso llamamos a la Amazon\u00eda el gigantesco aire acondicionado para este mundo que se calienta\u00bb, dice.<\/p>\n<p dir=\"ltr\" class=\"css-1qucyee e17g058b0\">Y, como ya se ha se\u00f1alado, la mayor cuenca de agua dulce del mundo influye notablemente en el clima mundial.<\/p>\n<p dir=\"ltr\" class=\"css-1qucyee e17g058b0\">Los cient\u00edficos afirman que el vertido masivo de agua dulce en el Atl\u00e1ntico ayuda a determinar las corrientes oce\u00e1nicas, y que las alteraciones de este vertido afectar\u00edan tanto a las corrientes como a los patrones meteorol\u00f3gicos regionales y globales que ayudan a modelar.<\/p>\n<p><img decoding=\"async\" src=\"https:\/\/www.europesays.com\/es\/wp-content\/uploads\/2025\/11\/6c8487e0-bcb6-11f0-ae46-bd64331f0fd4.png.webp.webp\"   alt=\"&quot;&quot;\" loading=\"lazy\" width=\"800\" height=\"100\" style=\"aspect-ratio:800 \/ 100\" class=\"css-4ejld5\"\/><\/p>\n<p dir=\"ltr\" class=\"css-1qucyee e17g058b0\"><a href=\"https:\/\/www.bbc.com\/mundo\/send\/u184973209\" class=\"focusIndicatorReducedWidth css-n8oauk e1p3sufg0\" rel=\"nofollow noopener\" target=\"_blank\">Suscr\u00edbete aqu\u00ed<\/a> a nuestro nuevo newsletter para recibir cada viernes una selecci\u00f3n de nuestro mejor contenido de la semana.<\/p>\n<p dir=\"ltr\" class=\"css-1qucyee e17g058b0\">Y recuerda que puedes recibir notificaciones en nuestra app. Descarga la \u00faltima versi\u00f3n y act\u00edvalas.<\/p>\n","protected":false},"excerpt":{"rendered":"Fuente de la imagen, BBC, Getty Images Informaci\u00f3n del art\u00edculo Autor, Navin Singh Khadka, Antonio Cubero y el&hellip;\n","protected":false},"author":2,"featured_media":230587,"comment_status":"","ping_status":"","sticky":false,"template":"","format":"standard","meta":{"footnotes":""},"categories":[5],"tags":[17,18,25,24,13,14,11,19,20,9,10,15,16,23,12,21,22],"class_list":{"0":"post-230586","1":"post","2":"type-post","3":"status-publish","4":"format-standard","5":"has-post-thumbnail","7":"category-titulares","8":"tag-breaking-news","9":"tag-breakingnews","10":"tag-es","11":"tag-espana","12":"tag-featured-news","13":"tag-featurednews","14":"tag-headlines","15":"tag-latest-news","16":"tag-latestnews","17":"tag-news","18":"tag-noticias","19":"tag-noticias-destacadas","20":"tag-noticiasdestacadas","21":"tag-spain","22":"tag-titulares","23":"tag-ultimas-noticias","24":"tag-ultimasnoticias"},"share_on_mastodon":{"url":"https:\/\/pubeurope.com\/@es\/115531760795623020","error":""},"_links":{"self":[{"href":"https:\/\/www.europesays.com\/es\/wp-json\/wp\/v2\/posts\/230586","targetHints":{"allow":["GET"]}}],"collection":[{"href":"https:\/\/www.europesays.com\/es\/wp-json\/wp\/v2\/posts"}],"about":[{"href":"https:\/\/www.europesays.com\/es\/wp-json\/wp\/v2\/types\/post"}],"author":[{"embeddable":true,"href":"https:\/\/www.europesays.com\/es\/wp-json\/wp\/v2\/users\/2"}],"replies":[{"embeddable":true,"href":"https:\/\/www.europesays.com\/es\/wp-json\/wp\/v2\/comments?post=230586"}],"version-history":[{"count":0,"href":"https:\/\/www.europesays.com\/es\/wp-json\/wp\/v2\/posts\/230586\/revisions"}],"wp:featuredmedia":[{"embeddable":true,"href":"https:\/\/www.europesays.com\/es\/wp-json\/wp\/v2\/media\/230587"}],"wp:attachment":[{"href":"https:\/\/www.europesays.com\/es\/wp-json\/wp\/v2\/media?parent=230586"}],"wp:term":[{"taxonomy":"category","embeddable":true,"href":"https:\/\/www.europesays.com\/es\/wp-json\/wp\/v2\/categories?post=230586"},{"taxonomy":"post_tag","embeddable":true,"href":"https:\/\/www.europesays.com\/es\/wp-json\/wp\/v2\/tags?post=230586"}],"curies":[{"name":"wp","href":"https:\/\/api.w.org\/{rel}","templated":true}]}}