{"id":230594,"date":"2025-11-11T15:35:15","date_gmt":"2025-11-11T15:35:15","guid":{"rendered":"https:\/\/www.europesays.com\/es\/230594\/"},"modified":"2025-11-11T15:35:15","modified_gmt":"2025-11-11T15:35:15","slug":"tenia-mucha-mas-sintonia-que-el-actual-de-nikken-sekkei","status":"publish","type":"post","link":"https:\/\/www.europesays.com\/es\/230594\/","title":{"rendered":"Ten\u00eda mucha m\u00e1s sinton\u00eda que el actual de Nikken Sekkei"},"content":{"rendered":"<p>A comienzos de los 2000, el <a href=\"https:\/\/www.arquitecturaydiseno.es\/arquitectura\/descubre-seis-estadios-de-futbol-que-ya-son-iconos-o-lo-seran-pronto-de-la-arquitectura-contemporanea_10267\" rel=\"nofollow noopener\" target=\"_blank\">Camp Nou, hogar del FC Barcelona<\/a> desde su inauguraci\u00f3n en 1957, mostraba signos evidentes de desgaste. <strong>La obra de Francesc Mitjans, ampliada por Soteras y Garc\u00eda Barb\u00f3n y perfeccionada en 1982 y 1994<\/strong>, hab\u00eda alcanzado una capacidad de 99.000 localidades, pero el estadio ya no cumpl\u00eda con los est\u00e1ndares modernos de seguridad, comodidad y tecnolog\u00eda. Ante esta realidad, el club busc\u00f3 proyectar su futuro a trav\u00e9s de propuestas de reforma que marcaran un nuevo rumbo. Una de las m\u00e1s potentes lleg\u00f3 de la mano del estudio de <a href=\"https:\/\/www.arquitecturaydiseno.es\/arquitectura\/norman-foster-sin-planes-jubilacion-a-90-anos-siento-que-me-queda-todo-por-lograr_12450\" rel=\"nofollow noopener\" target=\"_blank\">Norman Foster<\/a>.<\/p>\n<p>&#13;<img loading=\"lazy\" decoding=\"async\"   src=\"https:\/\/www.europesays.com\/es\/wp-content\/uploads\/2025\/11\/detalle-de-la-fachada-del-camp-nou-de-norman-foster_f08dec94_251111150430_1000x293.webp.webp\" alt=\"Detalle de la fachada del Camp Nou de Norman Foster\" class=\"lazyload\" width=\"1000\" height=\"293\" data-aspectratio=\"1000\/293\"\/><\/p>\n<p>La propuesta de Foster conserva la asimetr\u00eda del estadio, que el proyecto actual exterioriza a trav\u00e9s de la envoltura.<\/p>\n<p>&#13;Foster + Partners<br \/>\n El Nou Camp Nou: del proyecto de Norman Foster a las manos de Nikken Sekkei<\/p>\n<p>En 2007, Norman Foster present\u00f3 un proyecto ambicioso, de clara inspiraci\u00f3n gaudiana, que contemplaba una cubierta completa de las gradas y una capacidad m\u00e1xima de 106.000 espectadores, manteniendo la asimetr\u00eda hist\u00f3rica de la tercera grada. La propuesta del arquitecto brit\u00e1nico, <a href=\"https:\/\/www.arquitecturaydiseno.es\/arquitectura\/norman-foster-estadio-manchester-united_12639\" rel=\"nofollow noopener\" target=\"_blank\">que actualmente lidera la renovaci\u00f3n del Old Trafford<\/a>, contaba con el entusiasmo del entonces presidente del FC, Joan Laporta. <strong>La obra se estimaba en tres a\u00f1os, pero el contrato nunca se lleg\u00f3 a firmar.<\/strong><\/p>\n<p>M\u00e1s de una d\u00e9cada despu\u00e9s, <strong>el despacho japon\u00e9s Nikken Sekkei desarroll\u00f3 un proyecto que finalmente se ha materializado<\/strong>, priorizando la modernizaci\u00f3n funcional, la eficiencia, con un enfoque m\u00e1s pragm\u00e1tico que minimiza los riesgos financieros y log\u00edsticos que frenaron la propuesta de Foster. El coraz\u00f3n de la intervenci\u00f3n sigue la l\u00ednea de la propuesta que en 2016 presentaron y ganaron Joan Pascual y Ram\u00f3n Ausi\u00f3; sin embargo, poco despu\u00e9s se retiraron, y fue el estudio japon\u00e9s quien asumi\u00f3 el proyecto, apostando por mantener viva la transparencia y la ligereza del proyecto ganador, con un car\u00e1cter claramente mediterr\u00e1neo.<\/p>\n<p><a href=\"https:\/\/www.arquitecturaydiseno.es\/arquitectura\/norman-foster-estadio-manchester-united_12639\" data-ga4_event=\"custom_event\" data-ga4_event_name=\"click_intext\" data-ga4_link_url=\"https:\/\/www.arquitecturaydiseno.es\/arquitectura\/norman-foster-estadio-manchester-united_12639\" data-ga4_link_text=\"norman_foster_sobre_el_nuevo_estadio_del_manchester_united_uno_de_los_proyectos_mas_apasionantes\" data-ga4_content_type=\"photo\" data-ga4_element=\"related\" rel=\"nofollow noopener\" target=\"_blank\">&#13;&#13;<img loading=\"lazy\" decoding=\"async\" src=\"https:\/\/www.europesays.com\/es\/wp-content\/uploads\/2025\/11\/nuevo-estadio-manchester-united-disenado-por-norman-foster_b2d6edbb_251107122401_600x600.webp.webp\" alt=\"Nuevo estadio Manchester United dise\u00f1ado por Norman Foster.\" class=\"lazyload\" width=\"600\" height=\"600\" data-aspectratio=\"600\/600\"\/>&#13;&#13;<\/p>\n<p class=\"epigraph\">&#13;Noticia relacionada<\/p>\n<p class=\"title\">Norman Foster, sobre el nuevo estadio del Manchester United: \u00abUno de los proyectos m\u00e1s apasionantes\u00bb<\/p>\n<p><\/a>Los arquitectos se ponen de acuerdo: la propuesta de 2007 ten\u00eda m\u00e1s identidad<\/p>\n<p>En la propuesta de Foster, el formalismo se colocaba en el centro: <strong>ven\u00eda impuesto por una envoltura en forma de piel escamada que evocaba al <a href=\"https:\/\/www.arquitecturaydiseno.es\/estilo-de-vida\/andreu-carulla-disenador-trencadis-siglo-xxi-se-hace-porcelana-vateres-roca_12568\" rel=\"nofollow noopener\" target=\"_blank\">ic\u00f3nico trencad\u00eds del modernismo catal\u00e1n<\/a><\/strong>, en un gui\u00f1o a la cultura arquitect\u00f3nica de la ciudad condal. \u00a0Los colores que lo vest\u00edan eran los del club, y el conjunto formaba, para muchos, una aut\u00e9ntica obra de arte en el coraz\u00f3n de Les Corts. M\u00e1s all\u00e1 de la est\u00e9tica, la propuesta del arquitecto brit\u00e1nico se apoya en unos paneles transl\u00facidos de policarbonato coloreado en forma de escamas, que <strong>permiten tanto la ventilaci\u00f3n natural como la protecci\u00f3n contra la lluvia<\/strong>.<\/p>\n<p>&#13;<img loading=\"lazy\" decoding=\"async\"   src=\"https:\/\/www.europesays.com\/es\/wp-content\/uploads\/2025\/11\/detalle-de-la-fachada-del-camp-nou-de-norman-foster_1ef4a1f7_251111151009_676x507.webp.webp\" alt=\"Detalle de la fachada del Camp Nou de Norman Foster\" class=\"lazyload\" width=\"676\" height=\"507\" data-aspectratio=\"676\/507\"\/><\/p>\n<p>Detalle de la fachada del Camp Nou de Norman Foster.<\/p>\n<p>&#13;Foster + Partners<br \/>\n <a href=\"https:\/\/www.arquitecturaydiseno.es\/arquitectura\/arquitecto-analiza-nuevo-camp-nou-es-estadio-que-se-quedara-obsoleto-pocos-anos_12624\" data-ga4_event=\"custom_event\" data-ga4_event_name=\"click_intext\" data-ga4_link_url=\"https:\/\/www.arquitecturaydiseno.es\/arquitectura\/arquitecto-analiza-nuevo-camp-nou-es-estadio-que-se-quedara-obsoleto-pocos-anos_12624\" data-ga4_link_text=\"ignacio_morente_arquitecto_el_nuevo_camp_nou_quedara_obsoleto_en_pocos_anos\" data-ga4_content_type=\"photo\" data-ga4_element=\"related\" rel=\"nofollow noopener\" target=\"_blank\">&#13;&#13;<img loading=\"lazy\" decoding=\"async\" src=\"https:\/\/www.europesays.com\/es\/wp-content\/uploads\/2025\/11\/1762532532_60_nueva-propuesta-del-camp-nou_8b20d49a_251105120039_600x600.webp.webp\" alt=\"Nueva propuesta del Camp Nou\" class=\"lazyload\" width=\"600\" height=\"600\" data-aspectratio=\"600\/600\"\/>&#13;&#13;<\/p>\n<p class=\"epigraph\">&#13;Noticia relacionada<\/p>\n<p class=\"title\">Ignacio Morente, arquitecto: \u00abEl nuevo Camp Nou quedar\u00e1 obsoleto en pocos a\u00f1os\u00bb<\/p>\n<p><\/a><\/p>\n<p>Este es, precisamente, el tal\u00f3n de Aquiles de la propuesta de Nikken Sekkei: el actual Camp Nou, recientemente estrenado en un entrenamiento a puerta abierta, <strong>carece de la fuerte identidad que transmit\u00eda la intervenci\u00f3n de Foster<\/strong>. El arquitecto Nacho Tellado es de esa opini\u00f3n, y as\u00ed lo comparti\u00f3 en el podcast The Wild Project: \u201cEl dise\u00f1o del nuevo Camp Nou no me convence, para m\u00ed es muy b\u00e1sico\u201d, y a\u00f1ade <strong>\u201cconsidero que un estadio debe ser reflejo de su club, y [este] no lo es\u201d<\/strong>. La propuesta del estudio japon\u00e9s se caracteriza por ser abierta, elegante y atemporal: abre la fachada en tres niveles para reforzar la sensaci\u00f3n de ligereza, y la envuelve con lamas azulgranas que visten al estadio con los colores del equipo.<\/p>\n<p><strong>Otros, como <a href=\"https:\/\/www.arquitecturaydiseno.es\/arquitectura\/arquitecto-analiza-nuevo-camp-nou-es-estadio-que-se-quedara-obsoleto-pocos-anos_12624\" rel=\"nofollow noopener\" target=\"_blank\">Ignacio Morente<\/a>, hacen hincapi\u00e9 en la importancia de una buena integraci\u00f3n del estadio en el tejido urbano: el aumento del aforo, a 105.000 espectadores, puede conllevar a saturaciones en las zonas colindantes al estadio.<\/strong> En otros estadios, como el <a href=\"https:\/\/www.arquitecturaydiseno.es\/arquitectura\/jacques-herzog-arquitecto-allianz-arena-munich-a-menudo-comparo-teatro-shakespeariano-por-interaccion-tan-intensa-que-genera-entre-actores-y-publico_12640\" rel=\"nofollow noopener\" target=\"_blank\">Allianz Arena de M\u00fanich<\/a>, esto est\u00e1 contemplado:\u00a0<a href=\"https:\/\/www.arquitecturaydiseno.es\/arquitectura\/entrevista-a-herzog-y-meuron_2632\" rel=\"nofollow noopener\" target=\"_blank\">los arquitectos de Herzog &amp; de Meuron<\/a> crearon una serie de caminos serpenteantes que permiten acceder al estadio por diferentes rutas, permitiendo que el paisaje respire.<\/p>\n","protected":false},"excerpt":{"rendered":"A comienzos de los 2000, el Camp Nou, hogar del FC Barcelona desde su inauguraci\u00f3n en 1957, mostraba&hellip;\n","protected":false},"author":2,"featured_media":230595,"comment_status":"","ping_status":"","sticky":false,"template":"","format":"standard","meta":{"footnotes":""},"categories":[173],"tags":[229,233,231,230,232,234,146,147,25,24,23],"class_list":{"0":"post-230594","1":"post","2":"type-post","3":"status-publish","4":"format-standard","5":"has-post-thumbnail","7":"category-arte-y-diseno","8":"tag-arte","9":"tag-arte-y-diseno","10":"tag-arts","11":"tag-arts-and-design","12":"tag-design","13":"tag-diseno","14":"tag-entertainment","15":"tag-entretenimiento","16":"tag-es","17":"tag-espana","18":"tag-spain"},"share_on_mastodon":{"url":"https:\/\/pubeurope.com\/@es\/115531805476334490","error":""},"_links":{"self":[{"href":"https:\/\/www.europesays.com\/es\/wp-json\/wp\/v2\/posts\/230594","targetHints":{"allow":["GET"]}}],"collection":[{"href":"https:\/\/www.europesays.com\/es\/wp-json\/wp\/v2\/posts"}],"about":[{"href":"https:\/\/www.europesays.com\/es\/wp-json\/wp\/v2\/types\/post"}],"author":[{"embeddable":true,"href":"https:\/\/www.europesays.com\/es\/wp-json\/wp\/v2\/users\/2"}],"replies":[{"embeddable":true,"href":"https:\/\/www.europesays.com\/es\/wp-json\/wp\/v2\/comments?post=230594"}],"version-history":[{"count":0,"href":"https:\/\/www.europesays.com\/es\/wp-json\/wp\/v2\/posts\/230594\/revisions"}],"wp:featuredmedia":[{"embeddable":true,"href":"https:\/\/www.europesays.com\/es\/wp-json\/wp\/v2\/media\/230595"}],"wp:attachment":[{"href":"https:\/\/www.europesays.com\/es\/wp-json\/wp\/v2\/media?parent=230594"}],"wp:term":[{"taxonomy":"category","embeddable":true,"href":"https:\/\/www.europesays.com\/es\/wp-json\/wp\/v2\/categories?post=230594"},{"taxonomy":"post_tag","embeddable":true,"href":"https:\/\/www.europesays.com\/es\/wp-json\/wp\/v2\/tags?post=230594"}],"curies":[{"name":"wp","href":"https:\/\/api.w.org\/{rel}","templated":true}]}}