{"id":230602,"date":"2025-11-11T15:40:09","date_gmt":"2025-11-11T15:40:09","guid":{"rendered":"https:\/\/www.europesays.com\/es\/230602\/"},"modified":"2025-11-11T15:40:09","modified_gmt":"2025-11-11T15:40:09","slug":"como-llegar-al-circuito-ricardo-tormo-durante-el-gran-premio-de-motogp-de-valencia-carreteras-y-transporte-publico","status":"publish","type":"post","link":"https:\/\/www.europesays.com\/es\/230602\/","title":{"rendered":"C\u00f3mo llegar al Circuito Ricardo Tormo durante el Gran Premio de MotoGP de Valencia: carreteras y transporte p\u00fablico"},"content":{"rendered":"<p style=\"\">El <strong>Circuit Ricardo Tormo<\/strong> celebra los d\u00edas 14, 15 y 16 de noviembre el Gran Premio Motul de la <a href=\"https:\/\/www.abc.es\/espana\/comunidad-valenciana\/\" target=\"_blank\" data-voc-vtm-id=\"in-text-traffic\" title=\"Comunidad Valenciana\" data-mrf-link=\"www.abc.es\" rel=\"nofollow noopener\">Comunidad Valenciana<\/a>, un evento para el que se espera una afluencia acumulada de cerca de 200.000 personas durante el fin de semana<\/p>\n<p style=\"\">En  &#8230; total, el Circuit cuenta con <strong>cuatro accesos<\/strong> para este Gran Premio que un a\u00f1o m\u00e1s cerrar\u00e1 el calendario de MotoGP. El acceso principal, desde la autov\u00eda A-3 por la salida 334, se denomina Ruta A y es la m\u00e1s adecuada para llegar en moto y para todos los veh\u00edculos acreditados.<\/p>\n<p class=\"voc-p\" style=\"\">Al Ruta B parte desde la salida 340 de la autov\u00eda y ser\u00e1 exclusiva para taxis y para los autobuses de Bus For Fan que se garantizan as\u00ed evitar cualquier posible atasco.<\/p>\n<p class=\"voc-p\" style=\"\">La Ruta C es la indicada para los aficionados que cuentan con una entrada de Tribuna Verde o Azul y llega desde la salida 332 de la A-3.<\/p>\n<p class=\"voc-p\" style=\"\">Finalmente, la ruta D, tambi\u00e9n desde la salida 332 y es la ideal para los aficionados de las Tribunas Blanca y Roja y da acceso a las zonas de aparcamiento del Parque Empresarial de Cheste.<\/p>\n<p class=\"voc-p\" style=\"\">Con toda esta informaci\u00f3n y mucha m\u00e1s el Circuit ha editado una gu\u00eda para el aficionado, la Fan Guide, que est\u00e1 colgada en la web oficial del Circuit Ricardo Tormo <a href=\"https:\/\/www.circuitricardotormo.com\" target=\"_self\" data-voc-vtm-id=\"in-text-traffic\" title=\"www.circuitricardotormo.com\" data-mrf-link=\"www.circuitricardotormo.com\" rel=\"nofollow noopener\">www.circuitricardotormo.com<\/a>.<\/p>\n<p class=\"voc-p\" style=\"\">La mejor manera para llegar al Circuit es sin duda hacerlo en <strong>moto<\/strong>. Los moteros tendr\u00e1n la oportunidad de llegar c\u00f3modamente a su zona de aparcamiento. El Circuit Ricardo Tormo cuenta con guardacascos y con todas las facilidades para aquellos que vienen sobre dos ruedas especialmente por las rutas A y C.<\/p>\n<p class=\"voc-p\" style=\"\"><strong>Renfe Cercan\u00edas<\/strong> pone a disposici\u00f3n del aficionado transporte p\u00fablico para llegar desde la Estaci\u00f3n del Norte hasta el apeadero de Renfe usando la l\u00ednea C-3 de Renfe Cercan\u00edas, desde all\u00ed y en solo diez minutos andando se llega a la puerta de las instalaciones.<\/p>\n<p class=\"voc-p\" style=\"\">La novedad llega con los trayectos en autob\u00fas. BusForFun operar\u00e1 rutas directas al Circuit Ricardo Tormo desde diferentes localidades de la provincia de Valencia y alrededores, con venta de billetes exclusivamente a trav\u00e9s de su plataforma digital. El servicio se adaptar\u00e1 a la demanda, pudiendo movilizar hasta 400 autobuses a lo largo del fin de semana. Cada veh\u00edculo saldr\u00e1 siempre que se alcance un m\u00ednimo de 50 plazas reservadas, garantizando as\u00ed la eficiencia y sostenibilidad de la operaci\u00f3n.<\/p>\n<p class=\"voc-p\" style=\"\">Los autobuses dispondr\u00e1n de un carril de acceso preferente y de una zona de estacionamiento reservada junto al Circuit, lo que permitir\u00e1 a los aficionados descender a escasos minutos a pie de la entrada principal.<\/p>\n<p class=\"voc-p\" style=\"\">Como es habitual, se ha reservado uno de los accesos para los taxis, as\u00ed que no se ver\u00e1n obligados a entrar en el atasco si este se produjera. En Taxi se puede entrar y salir del Circuit r\u00e1pido, y si se acude con otros tres aficionados y se comparte el precio tampoco te saldr\u00e1 tan caro.<\/p>\n<p class=\"voc-p\" style=\"\">La peor opci\u00f3n es tratar de llegar al Circuit en coche. Si finalmente no hay otra opci\u00f3n hay que tener en cuenta que se prev\u00e9 bastante tr\u00e1fico, as\u00ed que se recomienda salir con tiempo. Por otro lado, hay que tener en cuenta que es mucho mejor para todos si se consiguen llenar todas las plazas del coche.<\/p>\n","protected":false},"excerpt":{"rendered":"El Circuit Ricardo Tormo celebra los d\u00edas 14, 15 y 16 de noviembre el Gran Premio Motul de&hellip;\n","protected":false},"author":2,"featured_media":230603,"comment_status":"","ping_status":"","sticky":false,"template":"","format":"standard","meta":{"footnotes":""},"categories":[93],"tags":[815,3201,168,25,24,3956,660,12143,843,1421,4764,23,167,60408,5535,235],"class_list":{"0":"post-230602","1":"post","2":"type-post","3":"status-publish","4":"format-standard","5":"has-post-thumbnail","7":"category-deportes","8":"tag-carreteras","9":"tag-circuito","10":"tag-deportes","11":"tag-es","12":"tag-espana","13":"tag-gran","14":"tag-llegar","15":"tag-motogp","16":"tag-premio","17":"tag-publico","18":"tag-ricardo","19":"tag-spain","20":"tag-sports","21":"tag-tormo","22":"tag-transporte","23":"tag-valencia"},"share_on_mastodon":{"url":"https:\/\/pubeurope.com\/@es\/115531823551973084","error":""},"_links":{"self":[{"href":"https:\/\/www.europesays.com\/es\/wp-json\/wp\/v2\/posts\/230602","targetHints":{"allow":["GET"]}}],"collection":[{"href":"https:\/\/www.europesays.com\/es\/wp-json\/wp\/v2\/posts"}],"about":[{"href":"https:\/\/www.europesays.com\/es\/wp-json\/wp\/v2\/types\/post"}],"author":[{"embeddable":true,"href":"https:\/\/www.europesays.com\/es\/wp-json\/wp\/v2\/users\/2"}],"replies":[{"embeddable":true,"href":"https:\/\/www.europesays.com\/es\/wp-json\/wp\/v2\/comments?post=230602"}],"version-history":[{"count":0,"href":"https:\/\/www.europesays.com\/es\/wp-json\/wp\/v2\/posts\/230602\/revisions"}],"wp:featuredmedia":[{"embeddable":true,"href":"https:\/\/www.europesays.com\/es\/wp-json\/wp\/v2\/media\/230603"}],"wp:attachment":[{"href":"https:\/\/www.europesays.com\/es\/wp-json\/wp\/v2\/media?parent=230602"}],"wp:term":[{"taxonomy":"category","embeddable":true,"href":"https:\/\/www.europesays.com\/es\/wp-json\/wp\/v2\/categories?post=230602"},{"taxonomy":"post_tag","embeddable":true,"href":"https:\/\/www.europesays.com\/es\/wp-json\/wp\/v2\/tags?post=230602"}],"curies":[{"name":"wp","href":"https:\/\/api.w.org\/{rel}","templated":true}]}}