{"id":230612,"date":"2025-11-11T15:45:09","date_gmt":"2025-11-11T15:45:09","guid":{"rendered":"https:\/\/www.europesays.com\/es\/230612\/"},"modified":"2025-11-11T15:45:09","modified_gmt":"2025-11-11T15:45:09","slug":"alemania-no-suspende-cientos-de-mercados-navidenos-es-falso","status":"publish","type":"post","link":"https:\/\/www.europesays.com\/es\/230612\/","title":{"rendered":"Alemania no suspende \u00abcientos\u00bb de mercados navide\u00f1os, es falso"},"content":{"rendered":"<p>En redes sociales circulan publicaciones que afirman que Alemania suspender\u00e1 \u00abcientos\u00bb de mercados navide\u00f1os por problemas de seguridad. <strong>Es falso.<\/strong> La Asociaci\u00f3n de Feriantes en Alemania (DSB) ha explicado a VerificaRTVE que no se est\u00e1n produciendo cancelaciones masivas de estos espacios en el pa\u00eds y que la mayor\u00eda se celebrar\u00e1n seg\u00fan lo previsto.<\/p>\n<p>\u00abALEMANIA: se va a cancelar la gran mayor\u00eda de Weihnachtsm\u00e4rkte (mercados de Navidad) por &#8216;costos de seguridad demasiado altos'\u00bb, leemos en un mensaje, <strong>compartido m\u00e1s de 2.000 veces en X <\/strong>desde el 13 de octubre. El texto a\u00f1ade que \u00abas\u00ed la gente no es atropellada por un asesino, mientras compra sus regalos de Navidad. La polic\u00eda y las autoridades son incapaces de evitar estos ataques. Est\u00e1n &#8216;desbordadas'\u00bb. La publicaci\u00f3n se acompa\u00f1a de una imagen de la feria de Navidad en Frankfurt, con un r\u00f3tulo en alem\u00e1n en el que podemos leer: \u00abLos mercados navide\u00f1os de Alemania se enfrentan a la extinci\u00f3n\u00bb. Otro mensaje en ingl\u00e9s <strong>compartido m\u00e1s de 7.000 veces afirma: <\/strong>\u00abCientos de mercados navide\u00f1os en Alemania cancelados\u00bb.<\/p>\n<p><strong>La Asociaci\u00f3n de Feriantes de Alemania desmiente la cancelaci\u00f3n de los mercados <\/strong><\/p>\n<p>En VerificaRTVE hemos contactado con la <a href=\"https:\/\/www.dsbev.de\/\" target=\"_blank\" rel=\"nofollow noopener\">Asociaci\u00f3n de Feriantes en Alemania (DSB)<\/a>, y su departamento de prensa nos ha remitido un comunicado en el que expresan que <strong>los mercados navide\u00f1os de 2025 se celebrar\u00e1n seg\u00fan lo previsto<\/strong>. \u00abContrariamente a lo que afirman algunos medios de comunicaci\u00f3n y publicaciones en redes sociales, <strong>no se est\u00e1n produciendo cancelaciones masivas de mercados navide\u00f1os<\/strong>. No se observa una amenaza generalizada para la cultura de los mercados navide\u00f1os debido al aumento de los costes de seguridad o a las alertas terroristas\u00bb, asegura la organizaci\u00f3n.<\/p>\n<p><strong>Hemos consultado, adem\u00e1s, con los organizadores de varios mercados relevantes del pa\u00eds.<\/strong> El responsable de prensa de los <a href=\"https:\/\/www.stuttgarter-weihnachtsmarkt.de\/de\/home\/\" target=\"_blank\" rel=\"nofollow noopener\">mercados navide\u00f1os de Stuttgart<\/a>, Dennis Hamann, nos explica que<strong> no han recibido ninguna indicaci\u00f3n oficial para cancelar el mercadillo y \u00abno esperan recibirla\u00bb.<\/strong> Por su parte, el departamento de comunicaci\u00f3n del <a href=\"https:\/\/frankfurt.de\/frankfurt-entdecken-und-erleben\/stadtportrait\/frankfurter-feste\/weihnachtsmarkt\" target=\"_blank\" rel=\"nofollow noopener\">mercado navide\u00f1o de Fr\u00e1ncfort<\/a> sostiene que, en su caso, \u00abel evento se celebrar\u00e1 seg\u00fan lo previsto\u00bb. Desde el departamento de Trabajo y Econom\u00eda de la <a href=\"https:\/\/stadt.muenchen.de\/rathaus.html\" target=\"_blank\" rel=\"nofollow noopener\">Ciudad de M\u00fanich<\/a>, tambi\u00e9n nos confirman que el Mercado de Navidad de M\u00fanich en Marienplatz tendr\u00e1 lugar en 2025 \u00abseg\u00fan lo previsto. \u00abSe desconocen cancelaciones o cancelaciones inminentes de otros mercados navide\u00f1os en M\u00fanich. No hay instrucciones oficiales que ordenen la cancelaci\u00f3n de los mercados navide\u00f1os\u00bb, se\u00f1alan.<\/p>\n<p><strong>Cancelaciones aisladas por obras y motivos econ\u00f3micos<\/strong><\/p>\n<p>Seg\u00fan la Asociaci\u00f3n de Feriantes, <strong>Alemania cuenta con m\u00e1s de 3.250 mercadillos navide\u00f1os<\/strong>. Hasta la fecha de publicaci\u00f3n de este art\u00edculo, se ha confirmado la <strong>cancelaci\u00f3n de cinco mercados<\/strong> de Adviento. En el barrio hamburgu\u00e9s de Rahlstedt, <a href=\"https:\/\/www.focus.de\/panorama\/welt\/weihnachtsmarkt-wird-abgesagt-umsaetze-der-standbetreiber-im-letzten-jahr-waren-zu-gering_d0d3fae5-cdc5-4132-8134-85aeeed839a7.html\" target=\"_blank\" rel=\"nofollow noopener\">los comerciantes decidieron suspenderlo<\/a> <strong>tras las escasas ventas en la pasada edici\u00f3n<\/strong>; en Rostock, <a href=\"https:\/\/www.moin.de\/norddeutschland\/ostsee-historischer-weihnachtsmarkt-iga-park-rostock-abgesagt-warnemuende-id300781762.html\" target=\"_blank\" rel=\"nofollow noopener\">el tradicional mercado medieval se ha pospuesto hasta mayo de 2026<\/a>. En este caso, todav\u00eda no han trascendido los motivos, aunque el a\u00f1o pasado ya se cancel\u00f3 debido a la \u00ab<a href=\"https:\/\/www.moin.de\/norddeutschland\/ostsee-historischer-weihnachtsmarkt-iga-park-rostock-abgesagt-warnemuende-id300781762.html#:~:text=debido%20a%20la%20falta%20de%20ingresos\" target=\"_blank\" rel=\"nofollow noopener\">falta de ingresos<\/a>\u00ab; y en el castillo Bodelschwingh, en Dortmund, el evento no se retomar\u00e1 hasta 2027 <a href=\"https:\/\/schlossbodelschwingherleben.de\/weihnachtsflair\/\" target=\"_blank\" rel=\"nofollow noopener\">debido a las obras de renovaci\u00f3n<\/a> que se est\u00e1n llevando a cabo en el recinto. La ciudad de <a href=\"https:\/\/rp-online.de\/nrw\/panorama\/overath-weihnachtsmarkt-wegen-terrorabwehr-abgesagt_aid-138250225\" target=\"_blank\" rel=\"nofollow noopener\">Averath<\/a> tambi\u00e9n ha anunciado el cierre de su mercadillo. En este caso, por motivos financieros relacionados con los costes de seguridad. <\/p>\n<p>El presidente de la DSB, Albert Ritter, insiste en que en la Asociaci\u00f3n de Feriantes de Alemania est\u00e1n \u00abmuy bien informados en todas las regiones del pa\u00eds. Si se hubieran producido cancelaciones generalizadas, lo sabr\u00edamos\u00bb, subraya. \u00abSeg\u00fan nuestra propia investigaci\u00f3n, solo tenemos constancia de cancelaciones aisladas de peque\u00f1os mercados navide\u00f1os en todo el territorio federal\u00bb, explica Ritter. \u00abLa gran mayor\u00eda de los mercados se celebrar\u00e1n, bien preparados, seguros y con el ambiente festivo que tanto gusta a todos\u00bb, concluye.<\/p>\n<p><strong>No hay cancelaciones masivas, pero s\u00ed m\u00e1s medidas de seguridad<\/strong><\/p>\n<p><strong>Ninguna autoridad federal o regional ha anunciado la suspensi\u00f3n de estos eventos y la mayor\u00eda de las ciudades mantiene su programaci\u00f3n habitual. <\/strong>Hemos hecho una b\u00fasqueda en los canales oficiales del Gobierno federal y de los estados federados y no encontramos comunicados sobre la cancelaci\u00f3n de los mercadillos navide\u00f1os en Alemania. S\u00ed existe, sin embargo, cierto malestar entre los organizadores privados y los ayuntamientos por el incremento de los costes derivados de las nuevas medidas de seguridad. Estas exigencias incluyen una reducci\u00f3n de los espacios para controles de acceso m\u00e1s estrictos, per\u00edmetros reforzados y la contrataci\u00f3n adicional de personal.<\/p>\n<p>Una b\u00fasqueda en alem\u00e1n con t\u00e9rminos como \u00abWeihnachtsmarkt\u00bb, \u00abDeutschland\u00bb y \u00abSicherheit\u00bb (mercado navide\u00f1o, Alemania y seguridad) lleva a una <a href=\"https:\/\/www.bild.de\/politik\/inland\/dresden-kosten-explodieren-terrorschutz-ruiniert-weihnachtsmaerkte-68dce57bacd2ac3541a0c3d2\" target=\"_blank\" rel=\"nofollow noopener\">noticia<\/a> publicada por el diario Bild el 4 de octubre y a <a href=\"https:\/\/kommunal.de\/weihnachtsmaerkte-gefahr-warum-unsere-adventskultur-zu-sterben-droht\" target=\"_blank\" rel=\"nofollow noopener\">una entrevista<\/a> en la revista Kommunal el 15 de octubre. En esos textos se recoge la preocupaci\u00f3n de algunos organizadores por el encarecimiento de las medidas de seguridad, pero solo se menciona el caso concreto del mercado navide\u00f1o de Dresde, una de las ferias m\u00e1s grandes del pa\u00eds.<strong> En ning\u00fan momento Bild ni Kommunal informan de una decisi\u00f3n general de cancelar los mercados<\/strong>. Ambos medios reflejan un debate local sobre el aumento en los requisitos en seguridad. <\/p>\n<p>Las autoridades justifican este refuerzo de la seguridad por los antecedentes vividos en algunos mercadillos del pa\u00eds. En especial por el <a href=\"https:\/\/www.rtve.es\/noticias\/20161220\/camion-arrolla-a-gente-mercadillo-navideno-berlin-mata-menos-a-persona\/1456840.shtml\" target=\"_blank\" rel=\"nofollow noopener\">atentado ocurrido en el mercado navide\u00f1o de Berl\u00edn en 2016<\/a>, en el que murieron doce personas, y por el <a href=\"https:\/\/www.rtve.es\/noticias\/20241220\/coche-atropella-varias-personas-mercadillo-navideno-este-alemania\/16381961.shtml\" target=\"_blank\" rel=\"nofollow noopener\">ataque en Magdeburgo en 2024<\/a>, donde fallecieron cinco personas. A pesar de la preocupaci\u00f3n por los costes, <strong>no hay constancia de cancelaciones generalizadas<\/strong> ni de una orden oficial que limite la celebraci\u00f3n de los mercados navide\u00f1os, uno de los principales atractivos tur\u00edsticos y culturales del pa\u00eds durante diciembre. <\/p>\n<p>\u00abCada mercado cuenta con un concepto de seguridad acordado por las autoridades, que se revisa y, en caso necesario, se adapta anualmente por las autoridades competentes, la polic\u00eda, los servicios de emergencia, los organizadores y los feriantes\u00bb. En esta l\u00ednea, desde la Asociaci\u00f3n de Feriantes indican que <strong>los conceptos de seguridad de los mercados navide\u00f1os se desarrollan continuamente y se adaptan peri\u00f3dicamente<\/strong> a los requisitos actuales en colaboraci\u00f3n con las autoridades competentes. \u00abEsto da lugar a unos est\u00e1ndares m\u00e1s elevados en todo el pa\u00eds en cuanto a medidas de seguridad visibles e invisibles\u00bb, se\u00f1alan.<\/p>\n","protected":false},"excerpt":{"rendered":"En redes sociales circulan publicaciones que afirman que Alemania suspender\u00e1 \u00abcientos\u00bb de mercados navide\u00f1os por problemas de seguridad.&hellip;\n","protected":false},"author":2,"featured_media":230613,"comment_status":"","ping_status":"","sticky":false,"template":"","format":"standard","meta":{"footnotes":""},"categories":[42],"tags":[17,18,13,14,11,61,62,63,64,19,20,9,10,15,16,12,21,22,65,66,67],"class_list":{"0":"post-230612","1":"post","2":"type-post","3":"status-publish","4":"format-standard","5":"has-post-thumbnail","7":"category-internacional","8":"tag-breaking-news","9":"tag-breakingnews","10":"tag-featured-news","11":"tag-featurednews","12":"tag-headlines","13":"tag-internacional","14":"tag-international","15":"tag-international-news","16":"tag-internationalnews","17":"tag-latest-news","18":"tag-latestnews","19":"tag-news","20":"tag-noticias","21":"tag-noticias-destacadas","22":"tag-noticiasdestacadas","23":"tag-titulares","24":"tag-ultimas-noticias","25":"tag-ultimasnoticias","26":"tag-world","27":"tag-world-news","28":"tag-worldnews"},"share_on_mastodon":{"url":"https:\/\/pubeurope.com\/@es\/115531843383372031","error":""},"_links":{"self":[{"href":"https:\/\/www.europesays.com\/es\/wp-json\/wp\/v2\/posts\/230612","targetHints":{"allow":["GET"]}}],"collection":[{"href":"https:\/\/www.europesays.com\/es\/wp-json\/wp\/v2\/posts"}],"about":[{"href":"https:\/\/www.europesays.com\/es\/wp-json\/wp\/v2\/types\/post"}],"author":[{"embeddable":true,"href":"https:\/\/www.europesays.com\/es\/wp-json\/wp\/v2\/users\/2"}],"replies":[{"embeddable":true,"href":"https:\/\/www.europesays.com\/es\/wp-json\/wp\/v2\/comments?post=230612"}],"version-history":[{"count":0,"href":"https:\/\/www.europesays.com\/es\/wp-json\/wp\/v2\/posts\/230612\/revisions"}],"wp:featuredmedia":[{"embeddable":true,"href":"https:\/\/www.europesays.com\/es\/wp-json\/wp\/v2\/media\/230613"}],"wp:attachment":[{"href":"https:\/\/www.europesays.com\/es\/wp-json\/wp\/v2\/media?parent=230612"}],"wp:term":[{"taxonomy":"category","embeddable":true,"href":"https:\/\/www.europesays.com\/es\/wp-json\/wp\/v2\/categories?post=230612"},{"taxonomy":"post_tag","embeddable":true,"href":"https:\/\/www.europesays.com\/es\/wp-json\/wp\/v2\/tags?post=230612"}],"curies":[{"name":"wp","href":"https:\/\/api.w.org\/{rel}","templated":true}]}}