{"id":230623,"date":"2025-11-11T15:59:08","date_gmt":"2025-11-11T15:59:08","guid":{"rendered":"https:\/\/www.europesays.com\/es\/230623\/"},"modified":"2025-11-11T15:59:08","modified_gmt":"2025-11-11T15:59:08","slug":"todo-el-mundo-lo-sabe","status":"publish","type":"post","link":"https:\/\/www.europesays.com\/es\/230623\/","title":{"rendered":"&#8216;Todo el mundo lo sabe&#8217;"},"content":{"rendered":"<p><a href=\"https:\/\/www.huffingtonpost.es\/entry\/criticas-a-la-influencer-marta-pombo-por-su-comentario-sobre-este-partido-politico_es_5e9f0291c5b63c5b5874d3c3.html\" rel=\"nofollow noopener\" target=\"_blank\">Marta Pombo, hermana de Mar\u00eda Pombo<\/a>, con 1,1 millones de seguidores en Instagram, ha concedido una entrevista al podcast de Ac2ality donde ha respondido a una de las preguntas cl\u00e1sicas del programa: <b>a qui\u00e9n vot\u00f3 en las \u00faltimas elecciones.<\/b>\u00a0<\/p>\n<p>La influencer <a href=\"https:\/\/www.huffingtonpost.es\/virales\/maria-pombo-no-sois-mejores-guste-leer.html\" rel=\"nofollow noopener\" target=\"_blank\">no se lo ha pensado ni dos veces<\/a>: <b>\u00abAl PP. O sea, no voy a ir de lo que no soy.<\/b> Todo el mundo lo sabe\u00bb. Le han preguntado, adem\u00e1s, si cree que la pol\u00edtica es como ser de un equipo de f\u00fatbol, que nadie suele cambiar de equipo y \u00absi naces del PP, o de derechas, vas a ser de derechas toda la vida y si naces de izquierdas&#8230;\u00bb.\u00a0<\/p>\n<p>\u00abS\u00ed. Un poco s\u00ed. Es verdad que yo de repente un d\u00eda&#8230; c\u00f3mo se llama&#8230; Albert Rivera. Claro, que de repente Ciudadanos me parec\u00eda salir un poquito de&#8230; pero no funcion\u00f3\u00bb, ha se\u00f1alado la hermana mediana del clan Pombo.\u00a0<\/p>\n<p>Mar\u00eda Pombo y su l\u00edo en &#8216;La Resistencia&#8217;<\/p>\n<p>Mar\u00eda Pombo, la jefa del clan, estuvo en La Resistencia, es decir cuando La Revuelta se emit\u00eda en Movistar, <a href=\"https:\/\/www.huffingtonpost.es\/entry\/maria-pombo-sorprende-a-todos-al-hacer-este-revelacion-sobre-su-ideologia-politica_es_637484bbe4b08013a8b0cbf9.html\" rel=\"nofollow noopener\" target=\"_blank\">y se meti\u00f3 en un l\u00edo por hablar de pol\u00edtica<\/a>:\u00a0\u00abPara los muy fachas, soy muy roja. Y para los muy rojos, soy facha\u00bb.\u00a0<\/p>\n<p>\u00abEstoy en un nivel intermedio para todo. Para los muy fachas, soy roja, y para los muy rojos, soy facha. Hay gente de mi entorno, no mis amigos, que piensa que soy rojilla. Siempre estoy como en un nivel intermedio\u00bb, dijo concretamente despu\u00e9s de pedir entrar al programa con el himno de Espa\u00f1a.\u00a0<\/p>\n<p>Broncano, que no sali\u00f3 de su asombro durante toda la entrevista, le pregunt\u00f3 que qui\u00e9nes eran sus amigos rojos: \u00abIgual piensas que los que los m\u00e1s rojos son Albert Rivera y otro. Me gustar\u00eda ver a tus amigos comunistas, no s\u00e9, un concejal del PP que le gustan los gais\u00bb.\u00a0<\/p>\n<p>De hecho, poco despu\u00e9s de esta entrevista, Mar\u00eda Pombo confes\u00f3 que esta entrevista no fue de su agrado y que se arrepinti\u00f3 de c\u00f3mo se comport\u00f3 y algunas de sus frases y comentarios durante la grabaci\u00f3n. El propio Broncano acab\u00f3 llamando a Mar\u00eda Pombo cuando se enter\u00f3 de que ella lo hab\u00eda pasado mal y zanjaron el asunto hablando.\u00a0<\/p>\n","protected":false},"excerpt":{"rendered":"Marta Pombo, hermana de Mar\u00eda Pombo, con 1,1 millones de seguidores en Instagram, ha concedido una entrevista al&hellip;\n","protected":false},"author":2,"featured_media":230624,"comment_status":"","ping_status":"","sticky":false,"template":"","format":"standard","meta":{"footnotes":""},"categories":[174],"tags":[255,146,147,25,24,256,2183,9127,952,23],"class_list":{"0":"post-230623","1":"post","2":"type-post","3":"status-publish","4":"format-standard","5":"has-post-thumbnail","7":"category-famosos","8":"tag-celebrities","9":"tag-entertainment","10":"tag-entretenimiento","11":"tag-es","12":"tag-espana","13":"tag-famosos","14":"tag-influencers","15":"tag-maria-pombo","16":"tag-politica","17":"tag-spain"},"share_on_mastodon":{"url":"https:\/\/pubeurope.com\/@es\/115531898261948819","error":""},"_links":{"self":[{"href":"https:\/\/www.europesays.com\/es\/wp-json\/wp\/v2\/posts\/230623","targetHints":{"allow":["GET"]}}],"collection":[{"href":"https:\/\/www.europesays.com\/es\/wp-json\/wp\/v2\/posts"}],"about":[{"href":"https:\/\/www.europesays.com\/es\/wp-json\/wp\/v2\/types\/post"}],"author":[{"embeddable":true,"href":"https:\/\/www.europesays.com\/es\/wp-json\/wp\/v2\/users\/2"}],"replies":[{"embeddable":true,"href":"https:\/\/www.europesays.com\/es\/wp-json\/wp\/v2\/comments?post=230623"}],"version-history":[{"count":0,"href":"https:\/\/www.europesays.com\/es\/wp-json\/wp\/v2\/posts\/230623\/revisions"}],"wp:featuredmedia":[{"embeddable":true,"href":"https:\/\/www.europesays.com\/es\/wp-json\/wp\/v2\/media\/230624"}],"wp:attachment":[{"href":"https:\/\/www.europesays.com\/es\/wp-json\/wp\/v2\/media?parent=230623"}],"wp:term":[{"taxonomy":"category","embeddable":true,"href":"https:\/\/www.europesays.com\/es\/wp-json\/wp\/v2\/categories?post=230623"},{"taxonomy":"post_tag","embeddable":true,"href":"https:\/\/www.europesays.com\/es\/wp-json\/wp\/v2\/tags?post=230623"}],"curies":[{"name":"wp","href":"https:\/\/api.w.org\/{rel}","templated":true}]}}