{"id":230629,"date":"2025-11-11T16:03:09","date_gmt":"2025-11-11T16:03:09","guid":{"rendered":"https:\/\/www.europesays.com\/es\/230629\/"},"modified":"2025-11-11T16:03:09","modified_gmt":"2025-11-11T16:03:09","slug":"dani-martin-rompe-su-silencio-tras-la-polemica-por-su-dardo-a-rosalia-y-aitana-quiero-dejar-claro","status":"publish","type":"post","link":"https:\/\/www.europesays.com\/es\/230629\/","title":{"rendered":"Dani Mart\u00edn rompe su silencio tras la pol\u00e9mica por su &#8216;dardo&#8217; a Rosal\u00eda y Aitana: \u00abQuiero dejar claro&#8230;\u00bb"},"content":{"rendered":"<p><a class=\"v-mdl-ath__fig-a\" href=\"https:\/\/www.elcorreo.com\/autor\/marina-leon-6788.html\" title=\"Marina Le\u00f3n\" rel=\"nofollow noopener\" target=\"_blank\"><br \/>\n<img decoding=\"async\" class=\"v-mdl-ath__img\" src=\"https:\/\/www.europesays.com\/es\/wp-content\/uploads\/2025\/09\/autor-6788-foto-1.jpeg\" alt=\"Marina Le\u00f3n\"\/><br \/>\n<\/a><\/p>\n<p class=\"v-mdl-ath__p v-mdl-ath__p--6\">\nMartes, 11 de noviembre 2025, 16:29<\/p>\n<p>| Actualizado 16:51h.<\/p>\n<p class=\"v-p\">El discurso de <a href=\"https:\/\/www.elcorreo.com\/gente-estilo\/feo-gesto-dani-martin-rosalia-aitana-gala-20251108122710-nt.html\" target=\"_blank\" title=\"El feo gesto de Dani Mart\u00edn con Rosal\u00eda y Aitana en una gala: \u00abEs un placer tenerlas como artistas, pero...\u00bb\" data-voc-vtm-id=\"in-text-traffic\" data-mrf-link=\"www.elcorreo.com\" rel=\"nofollow noopener\">Dani Mart\u00edn en gala de Los40 Music Awards<\/a> celebrada el pasado viernes, no dej\u00f3 indiferente a nadie. Y menos a\u00fan a los fans de Rosal\u00eda y Aitana, que se tomaron muy mal las palabras del exl\u00edder de &#8216;El Canto del Loco&#8217;. El cantante subi\u00f3 al escenario para recoger el premio a mejor artista en directo y mejor canci\u00f3n. Durante su intervenci\u00f3n asegur\u00f3 que \u00aben nuestro pa\u00eds es un placer tener a artistas como Rosal\u00eda, Aitana, Ed Sheeran&#8230; Pero para m\u00ed lo m\u00e1s importante es ver en el escenario a gente como Dani Fern\u00e1ndez, que tienen ese ADN que me representa, que llevo dentro y que tenemos esperanza. Un aplauso para \u00e9l\u00bb, dijo. Tras este &#8216;palo&#8217;, el artista madrile\u00f1o ha recibido un aluvi\u00f3n de cr\u00edticas en redes sociales a las que no ha dudado en responder.<\/p>\n<p class=\"v-p\">\u00ab\u00bfC\u00f3mo es posible que haya tanta gente dispuesta a encontrar enfrentamientos donde solo hay admiraci\u00f3n?\u00bb, escribe en un post de Instagram. Dani Mart\u00edn cuenta que hace tiempo que decidi\u00f3 hacer o\u00eddos sordos \u00aba las noticias falsas porque habr\u00eda necesitado de toda una oficina para poder desmentir, d\u00eda tras d\u00eda, el c\u00famulo de torpezas con las que a mucha gente le gusta levantarse\u00bb, a\u00f1ade. Sin embargo, hoy ha decidido pronunciarse para \u00abdejar clara y meridiana la admiraci\u00f3n y el respeto que tengo por dos artistas excepcionales como son Rosal\u00eda y Aitana\u00bb. <\/p>\n<p class=\"v-p\">Sobre la primera, el artista recuerda que durante una entrevista en &#8216;El Hormiguero&#8217; compar\u00f3 su capacidad art\u00edstica con la de John Lennon. \u00abDe verdad, \u00bfdespu\u00e9s de ese comentario es posible que haya gente que pretenda que yo haya dicho algo indebido sobre ella?\u00bb, pregunta. \u00abCon Aitana colabor\u00e9 hace pocos a\u00f1os en su especial de Navidad y hemos compuesto juntos en mi estudio\u00bb, a\u00f1ade. <\/p>\n<p class=\"v-p\">\u00abDesde aqu\u00ed hago este manifiesto y reconocimiento p\u00fablico de todo el cari\u00f1o respeto y admiraci\u00f3n que profeso a estas dos grandes artistas\u00bb, insiste y agradece tambi\u00e9n la labor de los periodistas \u00abque d\u00eda a d\u00eda se esfuerzan por contar las cosas como son\u00bb. Sobre sus palabras, est\u00e1 seguro de que \u00aba ellas no les sorprender\u00e1n porque me han visto ovacionarlas de pie y me han escuchado cuando me he acercado a darles mi enhorabuena\u00bb, a\u00f1ade antes de terminar el post con un, \u00abcada uno a lo suyo\u00bb.<\/p>\n<p>Reporta un error<\/p>\n","protected":false},"excerpt":{"rendered":"Martes, 11 de noviembre 2025, 16:29 | Actualizado 16:51h. El discurso de Dani Mart\u00edn en gala de Los40&hellip;\n","protected":false},"author":2,"featured_media":230630,"comment_status":"","ping_status":"","sticky":false,"template":"","format":"standard","meta":{"footnotes":""},"categories":[170],"tags":[3519,7807,1996,14233,17692,146,147,25,24,1730,184,185,1526,10474,60412,4147,2807,23,575],"class_list":{"0":"post-230629","1":"post","2":"type-post","3":"status-publish","4":"format-standard","5":"has-post-thumbnail","7":"category-musica","8":"tag-aitana","9":"tag-claro","10":"tag-dani","11":"tag-dardo","12":"tag-dejar","13":"tag-entertainment","14":"tag-entretenimiento","15":"tag-es","16":"tag-espana","17":"tag-martin","18":"tag-music","19":"tag-musica","20":"tag-polemica","21":"tag-quiero","22":"tag-rope","23":"tag-rosalia","24":"tag-silencio","25":"tag-spain","26":"tag-tras"},"share_on_mastodon":{"url":"https:\/\/pubeurope.com\/@es\/115531914101062041","error":""},"_links":{"self":[{"href":"https:\/\/www.europesays.com\/es\/wp-json\/wp\/v2\/posts\/230629","targetHints":{"allow":["GET"]}}],"collection":[{"href":"https:\/\/www.europesays.com\/es\/wp-json\/wp\/v2\/posts"}],"about":[{"href":"https:\/\/www.europesays.com\/es\/wp-json\/wp\/v2\/types\/post"}],"author":[{"embeddable":true,"href":"https:\/\/www.europesays.com\/es\/wp-json\/wp\/v2\/users\/2"}],"replies":[{"embeddable":true,"href":"https:\/\/www.europesays.com\/es\/wp-json\/wp\/v2\/comments?post=230629"}],"version-history":[{"count":0,"href":"https:\/\/www.europesays.com\/es\/wp-json\/wp\/v2\/posts\/230629\/revisions"}],"wp:featuredmedia":[{"embeddable":true,"href":"https:\/\/www.europesays.com\/es\/wp-json\/wp\/v2\/media\/230630"}],"wp:attachment":[{"href":"https:\/\/www.europesays.com\/es\/wp-json\/wp\/v2\/media?parent=230629"}],"wp:term":[{"taxonomy":"category","embeddable":true,"href":"https:\/\/www.europesays.com\/es\/wp-json\/wp\/v2\/categories?post=230629"},{"taxonomy":"post_tag","embeddable":true,"href":"https:\/\/www.europesays.com\/es\/wp-json\/wp\/v2\/tags?post=230629"}],"curies":[{"name":"wp","href":"https:\/\/api.w.org\/{rel}","templated":true}]}}