{"id":230631,"date":"2025-11-11T16:04:08","date_gmt":"2025-11-11T16:04:08","guid":{"rendered":"https:\/\/www.europesays.com\/es\/230631\/"},"modified":"2025-11-11T16:04:08","modified_gmt":"2025-11-11T16:04:08","slug":"critica-de-la-pelicula-predator-badlands-la-compania-del-cazador","status":"publish","type":"post","link":"https:\/\/www.europesays.com\/es\/230631\/","title":{"rendered":"Cr\u00edtica de la pel\u00edcula &#8216;Predator. Badlands&#8217;: La compa\u00f1\u00eda del cazador"},"content":{"rendered":"<p>            Cr\u00edtica de la pel\u00edcula &#8216;Predator. Badlands&#8217;: La compa\u00f1\u00eda del cazador                <\/p>\n<p>Cr\u00edtica de la pel\u00edcula &#8216;Predator. Badlands&#8217;: La compa\u00f1\u00eda del cazador<\/p>\n<p class=\"epigraph\">El tratamiento chirr\u00ede en t\u00e9rminos conceptuales.<\/p>\n<p>Exclusivo suscriptoresOPINI\u00d3N<\/p>\n<p class=\"paragraph\">Depredador, la m\u00edtica pel\u00edcula de 1987 en la que <a href=\"https:\/\/www.heraldo.es\/noticias\/aragon\/zaragoza\/2016\/05\/22\/arnold-schwarzenegger-rueda-anuncio-viejo-belchite-rodeado-secretismo-872078-2261126.html\" title=\"Schwarzenegger rueda un anuncio en el viejo Belchite rodeado de secretismo\" rel=\"nofollow noopener\" target=\"_blank\">Arnold Schwarzenegger<\/a> se med\u00eda a un cazador extraterrestre en la selva, inaugur\u00f3 un imaginario lleno de cambios y virajes. Tras la secuela urbana de 1990, la figura del predator repos\u00f3 hasta el doble enfrentamiento con los aliens en 2004 y 2007. En 2010 llegar\u00eda la entrega con Adrien Brody, y en 2018 la impulsada por Shane Black. <b>La saga se encuentra en la fase de reactivaci\u00f3n<\/b> y ampliaci\u00f3n de elementos emprendida de la mano de Dan Trachtenberg, director de Calle Cloverfield 10, a ra\u00edz del buen funcionamiento de Predator. La presa (2022), su interesante precuela con la criatura diezmando a una tribu comanche en el siglo XVIII.\u00a0<\/p>\n<p>            Conforme a los criterios de<br \/>\n            <a class=\"trustproject_img\" id=\"trustproject_img\" href=\"https:\/\/thetrustproject.org\/\" target=\"_blank\" rel=\"nofollow noopener\" aria-label=\"Trust Project\"><img decoding=\"async\" loading=\"lazy\" src=\"https:\/\/www.heraldo.es\/images\/Trust-Logo-Horizontal.svg\" alt=\"Logo Trust Project\" width=\"200\" height=\"34\"\/><\/a><\/p>\n<p>        <a href=\"https:\/\/www.henneo.com\/\" title=\"Grupo Henneo\" class=\"logo\" rel=\"nofollow noopener\" target=\"_blank\"><br \/>\n            <img decoding=\"async\" src=\"https:\/\/www.heraldo.es\/images\/logo_henneo_gris.svg\" alt=\"Logo Henneo\" width=\"559\" height=\"389\" loading=\"lazy\"\/><br \/>\n        <\/a><\/p>\n<p>\u00a9 HERALDO DE ARAGON EDITORA, S.L.U.<br \/>Tel\u00e9fono 976 765 000 \/ &#8211; P\u00ba. Independencia, 29, 50001 Zaragoza &#8211; CIF: B99288763 &#8211; Inscrita en el Registro Mercantil de Zaragoza al Tomo 3796, Libro 0, Folio 177, Secci\u00f3n 8, Hoja Z-50564<br \/>Queda prohibida toda reproducci\u00f3n sin permiso escrito de la empresa a los efectos del art\u00edculo 32.1, p\u00e1rrafo segundo, de la Ley de Propiedad Intelectual<\/p>\n<p>\n                P\u00ba Independencia, 29, 50001 Zaragoza<br \/> Tel\u00e9fono 976 765 000\n            <\/p>\n<p>                    Actualmente tu navegador no permite ejecutar JavaScript. Para poder disfrutar de nuestro contenido es necesario que lo permita.<br \/>\n                                        <img decoding=\"async\" loading=\"lazy\" alt=\"Heraldo logo\" src=\"https:\/\/dkumiip2e9ary.cloudfront.net\/xalok\/heraldo\/especiales\/hola-de-nuevo\/logo-heraldo.svg\" width=\"215\" height=\"43\"\/><\/p>\n","protected":false},"excerpt":{"rendered":"Cr\u00edtica de la pel\u00edcula &#8216;Predator. Badlands&#8217;: La compa\u00f1\u00eda del cazador Cr\u00edtica de la pel\u00edcula &#8216;Predator. Badlands&#8217;: La compa\u00f1\u00eda&hellip;\n","protected":false},"author":2,"featured_media":230632,"comment_status":"","ping_status":"","sticky":false,"template":"","format":"standard","meta":{"footnotes":""},"categories":[169],"tags":[177,60413,146,147,25,24,176,175,44226,23],"class_list":{"0":"post-230631","1":"post","2":"type-post","3":"status-publish","4":"format-standard","5":"has-post-thumbnail","7":"category-cine","8":"tag-cine","9":"tag-cine-pelicula","10":"tag-entertainment","11":"tag-entretenimiento","12":"tag-es","13":"tag-espana","14":"tag-film","15":"tag-movies","16":"tag-predator","17":"tag-spain"},"share_on_mastodon":{"url":"https:\/\/pubeurope.com\/@es\/115531918373251778","error":""},"_links":{"self":[{"href":"https:\/\/www.europesays.com\/es\/wp-json\/wp\/v2\/posts\/230631","targetHints":{"allow":["GET"]}}],"collection":[{"href":"https:\/\/www.europesays.com\/es\/wp-json\/wp\/v2\/posts"}],"about":[{"href":"https:\/\/www.europesays.com\/es\/wp-json\/wp\/v2\/types\/post"}],"author":[{"embeddable":true,"href":"https:\/\/www.europesays.com\/es\/wp-json\/wp\/v2\/users\/2"}],"replies":[{"embeddable":true,"href":"https:\/\/www.europesays.com\/es\/wp-json\/wp\/v2\/comments?post=230631"}],"version-history":[{"count":0,"href":"https:\/\/www.europesays.com\/es\/wp-json\/wp\/v2\/posts\/230631\/revisions"}],"wp:featuredmedia":[{"embeddable":true,"href":"https:\/\/www.europesays.com\/es\/wp-json\/wp\/v2\/media\/230632"}],"wp:attachment":[{"href":"https:\/\/www.europesays.com\/es\/wp-json\/wp\/v2\/media?parent=230631"}],"wp:term":[{"taxonomy":"category","embeddable":true,"href":"https:\/\/www.europesays.com\/es\/wp-json\/wp\/v2\/categories?post=230631"},{"taxonomy":"post_tag","embeddable":true,"href":"https:\/\/www.europesays.com\/es\/wp-json\/wp\/v2\/tags?post=230631"}],"curies":[{"name":"wp","href":"https:\/\/api.w.org\/{rel}","templated":true}]}}