{"id":230633,"date":"2025-11-11T16:05:10","date_gmt":"2025-11-11T16:05:10","guid":{"rendered":"https:\/\/www.europesays.com\/es\/230633\/"},"modified":"2025-11-11T16:05:10","modified_gmt":"2025-11-11T16:05:10","slug":"andres-iniesta-investigado-por-una-estafa-en-peru-de-la-filial-de-su-empresa-nsn","status":"publish","type":"post","link":"https:\/\/www.europesays.com\/es\/230633\/","title":{"rendered":"Andr\u00e9s Iniesta, investigado por una estafa en Per\u00fa de la filial de su empresa NSN"},"content":{"rendered":"<p class=\"\">La \u00fanica Copa del Mundo que la selecci\u00f3n masculina de Espa\u00f1a exhibe en sus vitrinas se la debe al pie derecho de <a href=\"https:\/\/elpais.com\/noticias\/andres-iniesta\/\" target=\"_self\" rel=\"nofollow noopener\" title=\"https:\/\/elpais.com\/noticias\/andres-iniesta\/\">Andr\u00e9s Iniesta<\/a>, un futbolista que acostumbr\u00f3 a los hinchas del Barcelona a levantarse de las gradas con su repertorio de lujos y regates. En las \u00faltimas horas, la reputaci\u00f3n del centrocampista, retirado en 2024, se ha visto empa\u00f1ada por una acusaci\u00f3n que proviene desde Per\u00fa. La Fiscal\u00eda lo investiga por su supuesto papel en una cadena de estafas a empresarios peruanos por una suma que asciende a 600.000 d\u00f3lares. <\/p>\n<p class=\"\">En el 2023, <a href=\"https:\/\/elpais.com\/deportes\/futbol\/2025-04-23\/andres-iniesta-no-dejaba-salir-el-dolor-lo-intentaba-tapar-y-el-futbol-me-consolaba.html\" target=\"_self\" rel=\"nofollow noopener\" title=\"https:\/\/elpais.com\/deportes\/futbol\/2025-04-23\/andres-iniesta-no-dejaba-salir-el-dolor-lo-intentaba-tapar-y-el-futbol-me-consolaba.html\">Iniesta comunic\u00f3 a trav\u00e9s de las redes sociales <\/a>que abrir\u00eda una delegaci\u00f3n en Per\u00fa de su empresa multinacional Never Say Never (NSN) Barcelona. La compa\u00f1\u00eda NSN Sudam\u00e9rica SAC contar\u00eda con varias l\u00edneas de negocio y presencia en pa\u00edses como Espa\u00f1a, Jap\u00f3n, M\u00e9xico y Estados Unidos. \u201cNos hace mucha ilusi\u00f3n estar presentes en un pa\u00eds como Per\u00fa y un continente como Sudam\u00e9rica para seguir creciendo e impulsando nuestros valores en todo el mundo. Nos encanta la pasi\u00f3n con la que viven los peruanos el deporte\u201d, dijo aquella vez. <\/p>\n<p>M\u00e1s informaci\u00f3n<\/p>\n<p class=\"\">En enero de ese a\u00f1o, un grupo de empresarios peruanos y espa\u00f1oles dedicados a la organizaci\u00f3n de eventos musicales y deportivos constituyeron la empresa NSN Sudam\u00e9rica S.A.C como filial de la empresa de Andr\u00e9s Iniesta. Seg\u00fan el expediente fiscal, en un inicio el objetivo comercial consist\u00eda en crear escuelas de f\u00fatbol en alianza con clubes y gobiernos regionales y, adem\u00e1s, llevar a cabo eventos de entretenimiento relacionados con el deporte. El aval de Iniesta era la mejor garant\u00eda. <\/p>\n<p class=\"\">El peruano Ricardo Paul Valderrama Rubio y el espa\u00f1ol Carlos G\u00f3mez Pintor, cabezas de NSN Sudam\u00e9rica S.A.C, buscaron inversores para organizar una serie de acontecimientos de alto impacto. Se asociaron con una empresa denominada Gucho Entertaiment S.A.C. para sacar adelante un partido de leyendas <a href=\"https:\/\/elpais.com\/deportes\/2008\/06\/01\/actualidad\/1212304912_850215.html?outputType=amp\" target=\"_self\" rel=\"nofollow noopener\" title=\"https:\/\/elpais.com\/deportes\/2008\/06\/01\/actualidad\/1212304912_850215.html?outputType=amp\">entre las selecciones de Espa\u00f1a y Per\u00fa<\/a>, un amistoso entre el club Cienciano del Cusco y el club Nacional de Ecuador, as\u00ed como un festival de K-pop y otro relacionado tambi\u00e9n con el deporte. Pero seg\u00fan los denunciantes, solo se realiz\u00f3 el Upa Upa Fest, y con cuantiosas p\u00e9rdidas econ\u00f3micas. De los otros no hubo rastro.<\/p>\n<p class=\"\">\u201cLuego de haberse apropiado de las sumas de dinero que inyectamos a NSN, declararon en quiebra a su empresa, someti\u00e9ndola en junio de 2024 a un proceso de liquidaci\u00f3n, revelando sus verdaderas intenciones\u201d, se lee en el expediente. Los empresarios de Gucho Entertaiment sostienen que, tanto Valderrama Rubio como G\u00f3mez Pintor, actuaron bajo el prestigio de una empresa internacional para conseguir inversiones y apoderarse de dinero ajeno con total impunidad. Con la ventaja, adem\u00e1s, de no residir en Per\u00fa.<\/p>\n<p class=\"\">En el documento fiscal se remarca que \u201cvali\u00e9ndose de su prestigio\u201d, Andr\u00e9s Iniesta \u201cautoriz\u00f3 y respald\u00f3 la fundaci\u00f3n de NSN Sudam\u00e9rica S.A.C.\u201d. Los investigadores estudian si el dinero captado en Per\u00fa fue transferido a la empresa matriz e insertado a nuevos mercados. El perjuicio econ\u00f3mico asciende a 602.500 d\u00f3lares. Por tal motivo, el Ministerio P\u00fablico ha iniciado las diligencias preliminares por un plazo de cincuenta d\u00edas contra <a href=\"https:\/\/elpais.com\/deportes\/futbol\/2024-10-09\/andres-iniesta-el-nino-abuson.html\" target=\"_self\" rel=\"nofollow noopener\" title=\"https:\/\/elpais.com\/deportes\/futbol\/2024-10-09\/andres-iniesta-el-nino-abuson.html\">Andr\u00e9s Iniesta, Ricardo Paul Valderrama Rubio y Carlos G\u00f3mez Pintor <\/a>por el presunto delito contra el patrimonio en la modalidad de estafa agravada. Los fiscales deber\u00e1n determinar la complicidad entre los tres implicados, quienes aparentemente eran socios. <\/p>\n<p class=\"\">El equipo de trabajo de Andr\u00e9s Iniesta respondi\u00f3 ante las imputaciones con un comunicado donde niegan rotundamente las acusaciones y lamentan que \u201cestas informaciones se hayan publicado malintencionadamente con el objetivo de aprovechar la imagen de un personaje p\u00fablico\u201d. \u201cConfiamos que la justicia peruana aclare muy pronto esta situaci\u00f3n. Nos reservamos el derecho a interponer las acciones pertinentes en la defensa de nuestro trabajo y nuestro honor, rogando, adem\u00e1s, el m\u00e1ximo rigor en todas las informaciones que se publiquen referentes a este caso\u201d, se\u00f1alan. <\/p>\n<p class=\"\">En otro apartado se detalla que en el 2024, Carlos G\u00f3mez Pintor, gerente de NSN Sudam\u00e9rica, solicit\u00f3 un pr\u00e9stamo para la realizaci\u00f3n de un partido amistoso entre el Sporting Cristal de Per\u00fa y el Barcelona de Ecuador, que se celebr\u00f3 el 20 de enero de aquel a\u00f1o, en Miami. Se le acusa de no haber devuelto un monto que supera los 81.000 d\u00f3lares. Cinco meses despu\u00e9s del evento, NSN Sudam\u00e9rica S.A.C entr\u00f3 en proceso de liquidaci\u00f3n Los acreedores enviaron una carta notarial en octubre del a\u00f1o pasado a Espa\u00f1a, denunciando que hasta la fecha no ha habido ninguna acci\u00f3n de pago. <\/p>\n","protected":false},"excerpt":{"rendered":"La \u00fanica Copa del Mundo que la selecci\u00f3n masculina de Espa\u00f1a exhibe en sus vitrinas se la debe&hellip;\n","protected":false},"author":2,"featured_media":230634,"comment_status":"","ping_status":"","sticky":false,"template":"","format":"standard","meta":{"footnotes":""},"categories":[93],"tags":[889,26823,8186,168,25,24,4806,4767,282,1804,994,60414,705,23,167],"class_list":{"0":"post-230633","1":"post","2":"type-post","3":"status-publish","4":"format-standard","5":"has-post-thumbnail","7":"category-deportes","8":"tag-america","9":"tag-andres-iniesta","10":"tag-copa-del-mundo","11":"tag-deportes","12":"tag-es","13":"tag-espana","14":"tag-eventos","15":"tag-fiscalia","16":"tag-futbol","17":"tag-latinoamerica","18":"tag-lima","19":"tag-mundial-2010","20":"tag-peru","21":"tag-spain","22":"tag-sports"},"share_on_mastodon":{"url":"https:\/\/pubeurope.com\/@es\/115531922343493121","error":""},"_links":{"self":[{"href":"https:\/\/www.europesays.com\/es\/wp-json\/wp\/v2\/posts\/230633","targetHints":{"allow":["GET"]}}],"collection":[{"href":"https:\/\/www.europesays.com\/es\/wp-json\/wp\/v2\/posts"}],"about":[{"href":"https:\/\/www.europesays.com\/es\/wp-json\/wp\/v2\/types\/post"}],"author":[{"embeddable":true,"href":"https:\/\/www.europesays.com\/es\/wp-json\/wp\/v2\/users\/2"}],"replies":[{"embeddable":true,"href":"https:\/\/www.europesays.com\/es\/wp-json\/wp\/v2\/comments?post=230633"}],"version-history":[{"count":0,"href":"https:\/\/www.europesays.com\/es\/wp-json\/wp\/v2\/posts\/230633\/revisions"}],"wp:featuredmedia":[{"embeddable":true,"href":"https:\/\/www.europesays.com\/es\/wp-json\/wp\/v2\/media\/230634"}],"wp:attachment":[{"href":"https:\/\/www.europesays.com\/es\/wp-json\/wp\/v2\/media?parent=230633"}],"wp:term":[{"taxonomy":"category","embeddable":true,"href":"https:\/\/www.europesays.com\/es\/wp-json\/wp\/v2\/categories?post=230633"},{"taxonomy":"post_tag","embeddable":true,"href":"https:\/\/www.europesays.com\/es\/wp-json\/wp\/v2\/tags?post=230633"}],"curies":[{"name":"wp","href":"https:\/\/api.w.org\/{rel}","templated":true}]}}