{"id":230639,"date":"2025-11-11T16:08:17","date_gmt":"2025-11-11T16:08:17","guid":{"rendered":"https:\/\/www.europesays.com\/es\/230639\/"},"modified":"2025-11-11T16:08:17","modified_gmt":"2025-11-11T16:08:17","slug":"paco-leon-y-miren-ibarguren-celebran-el-11-11-con-aliexpress","status":"publish","type":"post","link":"https:\/\/www.europesays.com\/es\/230639\/","title":{"rendered":"Paco Le\u00f3n y Miren Ibarguren celebran el 11.11 con Aliexpress"},"content":{"rendered":"<p><strong>La plataforma refuerza su conexi\u00f3n con el p\u00fablico espa\u00f1ol con una campa\u00f1a que combina humor, autenticidad y grandes descuentos de hasta el 80%<\/strong><\/p>\n<p>AliExpress celebra su gran cita anual, el 11.11, con una campa\u00f1a protagonizada por Paco Le\u00f3n y Miren Ibarguren, dos de los rostros m\u00e1s reconocidos del cine y la televisi\u00f3n espa\u00f1ola. Los actores lideran la acci\u00f3n como embajadores de marca, en una iniciativa que busca acercar el marketplace internacional al consumidor local con una propuesta centrada en la cercan\u00eda, la naturalidad y el humor.<\/p>\n<p>Bajo el concepto \u201cPresume, presume\u201d, la campa\u00f1a -presente en televisi\u00f3n, medios digitales, exteriores y redes sociales-\u00a0juega con la complicidad entre los int\u00e9rpretes en una historia que celebra la autenticidad, la diversidad y la amistad, en tono divertido y con un mensaje claro: \u201cPresumir cuesta muy poco\u201d.<\/p>\n<p>\u201cEstamos muy emocionados de contar con Paco Le\u00f3n y Miren Ibarguren en nuestra campa\u00f1a m\u00e1s importante del a\u00f1o. Su autenticidad refleja lo que queremos transmitir: una marca cercana, con sentido del humor y conectada con el consumidor espa\u00f1ol\u201d, explica Sara Zheng, directora de marketing de AliExpress para Espa\u00f1a e Italia.<\/p>\n<p>Adem\u00e1s de la campa\u00f1a, AliExpress refuerza su apuesta por la calidad y la rapidez con descuentos de hasta el 80% y env\u00edos en cinco d\u00edas en art\u00edculos seleccionados.<\/p>\n<p>La plataforma ampl\u00eda tambi\u00e9n su canal Marcas+, que re\u00fane productos de marcas reconocidas y certificadas como iLife, Chuwi o Vevor, reforzando su posicionamiento en tecnolog\u00eda, hogar y estilo de vida.<\/p>\n<p>\u00a0<\/p>\n<p>\u00a0<\/p>\n","protected":false},"excerpt":{"rendered":"La plataforma refuerza su conexi\u00f3n con el p\u00fablico espa\u00f1ol con una campa\u00f1a que combina humor, autenticidad y grandes&hellip;\n","protected":false},"author":2,"featured_media":230640,"comment_status":"","ping_status":"","sticky":false,"template":"","format":"standard","meta":{"footnotes":""},"categories":[81],"tags":[9613,9616,229,1924,119,123,124,5262,3213,9618,9610,234,25,24,9611,244,1294,9614,2736,1827,9609,9612,9608,6371,9617,117,121,122,23,118,120,9615],"class_list":{"0":"post-230639","1":"post","2":"type-post","3":"status-publish","4":"format-standard","5":"has-post-thumbnail","7":"category-ciencia-y-tecnologia","8":"tag-advertainment","9":"tag-anuncios","10":"tag-arte","11":"tag-branded-content","12":"tag-ciencia","13":"tag-ciencia-y-tecnologia","14":"tag-cienciaytecnologia","15":"tag-comunicacion","16":"tag-consumo","17":"tag-control-de-publici","18":"tag-creatividad","19":"tag-diseno","20":"tag-es","21":"tag-espana","22":"tag-estrategia-publicitaria","23":"tag-fotografia","24":"tag-investigacion","25":"tag-marcas","26":"tag-marketing","27":"tag-medios","28":"tag-mobile","29":"tag-planner","30":"tag-produccion","31":"tag-publicidad","32":"tag-publicistas","33":"tag-science","34":"tag-science-and-technology","35":"tag-scienceandtechnology","36":"tag-spain","37":"tag-technology","38":"tag-tecnologia","39":"tag-transmedia"},"share_on_mastodon":{"url":"https:\/\/pubeurope.com\/@es\/115531933476795120","error":""},"_links":{"self":[{"href":"https:\/\/www.europesays.com\/es\/wp-json\/wp\/v2\/posts\/230639","targetHints":{"allow":["GET"]}}],"collection":[{"href":"https:\/\/www.europesays.com\/es\/wp-json\/wp\/v2\/posts"}],"about":[{"href":"https:\/\/www.europesays.com\/es\/wp-json\/wp\/v2\/types\/post"}],"author":[{"embeddable":true,"href":"https:\/\/www.europesays.com\/es\/wp-json\/wp\/v2\/users\/2"}],"replies":[{"embeddable":true,"href":"https:\/\/www.europesays.com\/es\/wp-json\/wp\/v2\/comments?post=230639"}],"version-history":[{"count":0,"href":"https:\/\/www.europesays.com\/es\/wp-json\/wp\/v2\/posts\/230639\/revisions"}],"wp:featuredmedia":[{"embeddable":true,"href":"https:\/\/www.europesays.com\/es\/wp-json\/wp\/v2\/media\/230640"}],"wp:attachment":[{"href":"https:\/\/www.europesays.com\/es\/wp-json\/wp\/v2\/media?parent=230639"}],"wp:term":[{"taxonomy":"category","embeddable":true,"href":"https:\/\/www.europesays.com\/es\/wp-json\/wp\/v2\/categories?post=230639"},{"taxonomy":"post_tag","embeddable":true,"href":"https:\/\/www.europesays.com\/es\/wp-json\/wp\/v2\/tags?post=230639"}],"curies":[{"name":"wp","href":"https:\/\/api.w.org\/{rel}","templated":true}]}}