{"id":230654,"date":"2025-11-11T16:24:10","date_gmt":"2025-11-11T16:24:10","guid":{"rendered":"https:\/\/www.europesays.com\/es\/230654\/"},"modified":"2025-11-11T16:24:10","modified_gmt":"2025-11-11T16:24:10","slug":"una-obra-monumental-sobre-el-aeropuerto-nazi-de-berlin-aterriza-en-el-centro-de-arte-de-la-vicepresidenta-de-mercadona-cultura","status":"publish","type":"post","link":"https:\/\/www.europesays.com\/es\/230654\/","title":{"rendered":"Una obra monumental sobre el aeropuerto nazi de Berl\u00edn aterriza en el centro de arte de la vicepresidenta de Mercadona | Cultura"},"content":{"rendered":"<p class=\"\">Una espectacular obra que recrea el interior de la inacabable terminal de pasajeros del aeropuerto de Tempelhof en Berl\u00edn, proyectada por los nazis, ser\u00e1 la estrella de la primera exposici\u00f3n temporal del <a href=\"https:\/\/elpais.com\/cultura\/2023-11-10\/la-vicepresidenta-de-mercadona-abre-su-centro-grandes-artistas-en-un-palacio-que-cuenta-la-historia-de-valencia.html\" target=\"_self\" rel=\"nofollow noopener\" title=\"https:\/\/elpais.com\/cultura\/2023-11-10\/la-vicepresidenta-de-mercadona-abre-su-centro-grandes-artistas-en-un-palacio-que-cuenta-la-historia-de-valencia.html\">Centro de Arte Hortensia Herrero (CAHH)<\/a>, que estar\u00e1 dedicada a <a href=\"https:\/\/elpais.com\/noticias\/anselm-kiefer\/\" target=\"_self\" rel=\"nofollow noopener\" title=\"https:\/\/elpais.com\/noticias\/anselm-kiefer\/\">Anselm Kiefer<\/a> (Donaueschingen, 80 a\u00f1os 1945). Dana\u00eb es el t\u00edtulo de la pieza de m\u00e1s de 13 metros de ancho, solo exhibido con anterioridad en Nueva York, que ocupar\u00e1 la sala noble del antiguo palacio de Valeriola, situado en pleno centro de Valencia.\u200b<\/p>\n<p class=\"\">Junto a ella, se exhibir\u00e1n otras obras de gran formato del <a href=\"https:\/\/elpais.com\/cultura\/2022-05-11\/anselm-kiefer-un-nuevo-titan-de-la-pintura-en-el-palacio-ducal-de-venecia.html\" target=\"_self\" rel=\"nofollow noopener\" title=\"https:\/\/elpais.com\/cultura\/2022-05-11\/anselm-kiefer-un-nuevo-titan-de-la-pintura-en-el-palacio-ducal-de-venecia.html\">cotizado creador<\/a>, la mayor\u00eda in\u00e9ditas, salidas de su estudio, que ser\u00e1n distribuidas en seis galer\u00edas del centro privado de 3.500 metros cuadrados, desde 28 abril y hasta finales de octubre de 2026. El recorrido ahondar\u00e1 en la tem\u00e1tica centrada en el paisaje que, junto con la historia, la mitolog\u00eda y la literatura constituyen el n\u00facleo central de la inspiraci\u00f3n del veterano artista, con obras presente en las colecciones de algunos de los principales museos del mundo. \u201cYo pienso en im\u00e1genes. Los poemas me ayudan. Son como boyas en el mar. Nado hacia ellas, de una a la otra; entre ellas, sin ellas, me perder\u00eda\u201d, explica el propio artista. Tambi\u00e9n se pretende proyectar <a href=\"https:\/\/elpais.com\/cultura\/2024-12-13\/anselm-el-cineasta-wenders-y-el-pintor-kiefer-meditan-sobre-el-arte-y-la-herida-nazi.html\" target=\"_self\" rel=\"nofollow noopener\" title=\"https:\/\/elpais.com\/cultura\/2024-12-13\/anselm-el-cineasta-wenders-y-el-pintor-kiefer-meditan-sobre-el-arte-y-la-herida-nazi.html\">el documental que Wim Wenders<\/a> realiz\u00f3 en 2023 sobre la figura del pintor y escultor. <\/p>\n<p class=\"\">Ser\u00e1 la primera muestra en Valencia del creador alem\u00e1n, uno de los pilares de la colecci\u00f3n de arte contempor\u00e1neo de <a href=\"https:\/\/elpais.com\/noticias\/hortensia-herrero-chacon\/\" target=\"_self\" rel=\"nofollow noopener\" title=\"https:\/\/elpais.com\/noticias\/hortensia-herrero-chacon\/\">Hortensia Herrero<\/a>, vicepresidenta de Mercadona y esposa de <a href=\"https:\/\/elpais.com\/noticias\/juan-jose-roig-alfonso\/\" target=\"_self\" rel=\"nofollow noopener\" title=\"https:\/\/elpais.com\/noticias\/juan-jose-roig-alfonso\/\">Juan Roig<\/a>, presidente de la cadena de supermercados. Herrero ha sido incluida por segundo a\u00f1o consecutivo en la Lista Top 200, de la revista ARTnews, que re\u00fane a los coleccionistas de arte m\u00e1s relevantes del mundo. Es la \u00fanica espa\u00f1ola presente. <\/p>\n<p><img decoding=\"auto\" class=\"_re lazyload a_m-h\" height=\"277\"  width=\"414\"  src=\"https:\/\/imagenes.elpais.com\/resizer\/v2\/22K424DF7RMXPESC2EXVXJQ4QY.jpg?auth=9cea45c311a70d296bd1d5b60e93f0710352ec4bddbd6cd7c4c029e2d491ca77&amp;width=414\" loading=\"lazy\"\/>El asesor art\u00edstico del Centro de Arte Hortensia Herrero de Valencia (CAHH) y comisario de la exposici\u00f3n, Javier Molins, junto con las obras de Kiefer, que se exhiben en el espacioAna Escobar (EFE)<\/p>\n<p class=\"\">La selecci\u00f3n de la muestra, en la que se lleva trabajando un lustro, se realiza \u201cen estrecha colaboraci\u00f3n\u201d con el artista \u2014que prev\u00e9 visitar a Valencia\u2014, con la \u201cimplicaci\u00f3n personal\u201d de Hortensia Herrero y un dise\u00f1o ad hoc para el espacio valenciano, que ha llamado la atenci\u00f3n del creador por su car\u00e1cter hist\u00f3rico y los vestigios hallados, como los de un circo romano, seg\u00fan ha explicado este martes el comisario de la muestra y asesor de la colecci\u00f3n, Javier Molins. La relaci\u00f3n con Kiefer empez\u00f3 hace casi diez a\u00f1os cuando la coleccionista adquiri\u00f3 el cuadro Las flores del mal, que form\u00f3 parte de la Summer Exhibition de la Royal Academy of Arts de 2016. <\/p>\n<p class=\"\">Esta obra se puede contemplar ahora en la sala principal del centro junto a otros dos trabajos m\u00e1s del autor expuestos de forma permanente. El centro re\u00fane obras de otros artistas, tambi\u00e9n muy cotizados en el mercado del arte, todas ellas pertenecientes a la colecci\u00f3n privada de la mecenas valenciana, como David Hockney, <a href=\"https:\/\/elpais.com\/noticias\/olafur-eliasson\/\" target=\"_self\" rel=\"nofollow noopener\" title=\"https:\/\/elpais.com\/noticias\/olafur-eliasson\/\">Olafur Eliason<\/a>, Anish Kapoor, Jaume Plensa o <a href=\"https:\/\/elpais.com\/noticias\/eduardo-chillida\/\" target=\"_self\" rel=\"nofollow noopener\" title=\"https:\/\/elpais.com\/noticias\/eduardo-chillida\/\">Eduardo Chillida<\/a>. <\/p>\n<p class=\"\">El CAHH pretende \u201cconsolidar\u201d con esta exposici\u00f3n temporal su creciente p\u00fablico internacional y, tambi\u00e9n, brindar a los aficionados valencianos la oportunidad de \u201credescubrir\u201d este espacio, en palabras de su directora, Alejandra Silvestre. El centro acaba de cumplir dos a\u00f1os, un periodo en el que ha alcanzado 400.000 visitantes acumulados y se ha vencido al llamado \u201cefecto descorche\u201d que se produce cuando un museo deja de ser novedad. El 70% del p\u00fablico es valenciano, un 9% del resto de Espa\u00f1a y un 21% internacional. <\/p>\n<p class=\"\">El pintor y escultor Anselm Kiefer estudi\u00f3 Derecho, Literatura y Ling\u00fc\u00edstica antes de ingresar en la Academia de Bellas Artes de Karlsruhe, y m\u00e1s tarde en la de D\u00fcsseldorf, donde fue alumno de <a href=\"https:\/\/elpais.com\/noticias\/joseph-beuys\/\" target=\"_self\" rel=\"nofollow noopener\" title=\"https:\/\/elpais.com\/noticias\/joseph-beuys\/\">Joseph Beuys<\/a>. En 1980 fue seleccionado para representar al Pabell\u00f3n de Alemania Occidental en la 39\u00aa Bienal de Venecia, y desde entonces sus obras se han mostrado en destacadas exposiciones individuales internacionales, en prestigiosos museos del mundo. Desde 1992 vive en Francia, entre Par\u00eds y Barjac, cerca de Avi\u00f1\u00f3n. En 2007 se convirti\u00f3 en el primer artista desde <a href=\"https:\/\/elpais.com\/noticias\/georges-braque\/\" target=\"_self\" rel=\"nofollow noopener\" title=\"https:\/\/elpais.com\/noticias\/georges-braque\/\">Georges Braque<\/a> en recibir un encargo para una instalaci\u00f3n permanente en el <a href=\"https:\/\/elpais.com\/noticias\/museo-louvre\/\" target=\"_self\" rel=\"nofollow noopener\" title=\"https:\/\/elpais.com\/noticias\/museo-louvre\/\">Museo del Louvre de Par\u00eds<\/a>.<\/p>\n","protected":false},"excerpt":{"rendered":"Una espectacular obra que recrea el interior de la inacabable terminal de pasajeros del aeropuerto de Tempelhof en&hellip;\n","protected":false},"author":2,"featured_media":230655,"comment_status":"","ping_status":"","sticky":false,"template":"","format":"standard","meta":{"footnotes":""},"categories":[173],"tags":[229,1799,233,231,230,209,232,234,146,147,25,24,60417,4973,23,235],"class_list":{"0":"post-230654","1":"post","2":"type-post","3":"status-publish","4":"format-standard","5":"has-post-thumbnail","7":"category-arte-y-diseno","8":"tag-arte","9":"tag-arte-conceptual","10":"tag-arte-y-diseno","11":"tag-arts","12":"tag-arts-and-design","13":"tag-cultura","14":"tag-design","15":"tag-diseno","16":"tag-entertainment","17":"tag-entretenimiento","18":"tag-es","19":"tag-espana","20":"tag-hortensia-herrero","21":"tag-mercadona","22":"tag-spain","23":"tag-valencia"},"share_on_mastodon":{"url":"https:\/\/pubeurope.com\/@es\/115531996442187378","error":""},"_links":{"self":[{"href":"https:\/\/www.europesays.com\/es\/wp-json\/wp\/v2\/posts\/230654","targetHints":{"allow":["GET"]}}],"collection":[{"href":"https:\/\/www.europesays.com\/es\/wp-json\/wp\/v2\/posts"}],"about":[{"href":"https:\/\/www.europesays.com\/es\/wp-json\/wp\/v2\/types\/post"}],"author":[{"embeddable":true,"href":"https:\/\/www.europesays.com\/es\/wp-json\/wp\/v2\/users\/2"}],"replies":[{"embeddable":true,"href":"https:\/\/www.europesays.com\/es\/wp-json\/wp\/v2\/comments?post=230654"}],"version-history":[{"count":0,"href":"https:\/\/www.europesays.com\/es\/wp-json\/wp\/v2\/posts\/230654\/revisions"}],"wp:featuredmedia":[{"embeddable":true,"href":"https:\/\/www.europesays.com\/es\/wp-json\/wp\/v2\/media\/230655"}],"wp:attachment":[{"href":"https:\/\/www.europesays.com\/es\/wp-json\/wp\/v2\/media?parent=230654"}],"wp:term":[{"taxonomy":"category","embeddable":true,"href":"https:\/\/www.europesays.com\/es\/wp-json\/wp\/v2\/categories?post=230654"},{"taxonomy":"post_tag","embeddable":true,"href":"https:\/\/www.europesays.com\/es\/wp-json\/wp\/v2\/tags?post=230654"}],"curies":[{"name":"wp","href":"https:\/\/api.w.org\/{rel}","templated":true}]}}