{"id":230676,"date":"2025-11-11T16:36:16","date_gmt":"2025-11-11T16:36:16","guid":{"rendered":"https:\/\/www.europesays.com\/es\/230676\/"},"modified":"2025-11-11T16:36:16","modified_gmt":"2025-11-11T16:36:16","slug":"la-alcaldesa-subraya-el-refuerzo-que-supone-para-jerez2031-la-celebracion-del-foro-de-ciudades-creativas","status":"publish","type":"post","link":"https:\/\/www.europesays.com\/es\/230676\/","title":{"rendered":"La alcaldesa subraya el refuerzo que supone para #Jerez2031 la celebraci\u00f3n del Foro de Ciudades Creativas"},"content":{"rendered":"<p class=\"xwestern\">La alcaldesa de Jerez, Mar\u00eda Jos\u00e9 Garc\u00eda-Pelayo, junto al teniente de alcaldesa de Transformaci\u00f3n Digital, Jose Ignacio Mart\u00ednez, y a la delegada de Educaci\u00f3n, Nela Garc\u00eda Jarillo, ha subrayado en la inauguraci\u00f3n del <strong>Foro de Ciudades Creativas,<\/strong> que llega en un momento id\u00f3neo, en la cuenta atr\u00e1s para la presentaci\u00f3n del Bid Book de \u2018Jerez 2031: Capital Europea de la Cultura\u2019 y<strong> viene a fortalecer precisamente y a complementar todo el proceso de participaci\u00f3n <\/strong>desde la escucha activa y la aportaci\u00f3n de los expertos con las aportaciones de ponentes de gran prestigio\u201d.<\/p>\n<p class=\"xwestern\">El Foro se celebra hasta el jueves, 13 de noviembre, en el Coworking CYEC, un espacio \u00fanico reci\u00e9n recuperado por la C\u00e1mara de Comercio de Jerez, que ha organizado este Foro con la financiaci\u00f3n del programa \u2018Plan Estrat\u00e9gico de Subvenciones 2025\u2019 del Ayuntamiento de Jerez y la ideaci\u00f3n y desarrollo del Espacio CYEC con la colaboraci\u00f3n de la Fundaci\u00f3n Kreanta.<\/p>\n<p class=\"xwestern\"><strong>La alcaldesa ha felicitado al presidente de la C\u00e1mara de Comercio de Jerez, Javier S\u00e1nchez Rojas<\/strong>, y a su equipo de trabajo \u201cpor el nivel tan importante de estas jornadas ya que van a ser tres d\u00edas escuchando y aprendiendo de personas que tienen una experiencia tan importante acumulada. Tres d\u00edas reflexionando sobre c\u00f3mo podemos hacerlo lo mejor posible, sobre la experiencia de otras ciudades y territorios en esa misi\u00f3n de ser capitalidad\u201d.<\/p>\n<p class=\"xwestern\">Garc\u00eda-Pelayo ha incidido <strong>en la importancia \u201cdel Foro de Ciudades Creativas, en d\u00edas previos a la presentaci\u00f3n del Bid Book<\/strong>, que ser\u00e1 el 19 de diciembre. Lo haremos antes de tiempo porque hasta el 28 de diciembre se puede presentar, y no queremos ajustar los plazos hasta el final\u201d.<\/p>\n<p class=\"xwestern\">En este sentido, la alcaldesa ha recordado que \u201cdesde el primer momento, desde el Gobierno de Jerez <strong>hemos querido hacer part\u00edcipes a toda la ciudadan\u00eda de la candidatura, <\/strong>y ah\u00ed est\u00e1 el trabajo que se est\u00e1 desarrollando desde la Oficina de Jerez 2031. El Bid Book de Jerez no es un documento de laboratorio, realizado en \u2018mesa camilla\u2019 por parte de expertos. Se hace contando con los expertos, porque es un documento serio, pero se est\u00e1 haciendo con un proceso de escucha activa previa para darle forma, contando con las propuestas de la ciudadan\u00eda para que la candidatura sea la mejor\u201d.<\/p>\n<p class=\"xwestern\">El proceso de escucha activa \u201ces importante porque <strong>a trav\u00e9s de la Cultura podemos transformar nuestro territorio.<\/strong> No s\u00f3lo nuestra ciudad, sino el sur de Europa. Un territorio que est\u00e1 d\u00e1ndose la mano desde tiempo inmemorial con \u00c1frica, somos el territorio que est\u00e1 m\u00e1s al sur de Europa, y desde aqu\u00ed, de la mano de toda la ciudadan\u00eda queremos decir a Europa que el sur puede ser el centro de Europa y puede y debe ser capital\u201d, ha remarcado Garc\u00eda-Pelayo.<\/p>\n<p class=\"xwestern\">As\u00ed \u201cpodemos ser un instrumento imprescindible <strong>para defender y salvaguardar todos los valores que Europa simboliza: la igualdad<\/strong>, la integraci\u00f3n, la solidaridad, la inclusi\u00f3n, el del progreso de todas y de todos, y el poder de la Cultura como eje transformador de las ciudades y del bienestar de las personas\u201d.<\/p>\n<p class=\"xwestern\">Por su parte, el presidente de la C\u00e1mara de Comercio de Jerez, Javier S\u00e1nchez Rojas, <strong>ha agradecido a la alcaldesa \u201cpor su permanente compa\u00f1\u00eda y apoyo,<\/strong> al equipo de Gobierno de Jerez, as\u00ed como al equipo de la C\u00e1mara de Comercio y socios\u201d y ha explicado que \u201ces un foro que invita al debate, al planteamiento de una ciudadan\u00eda din\u00e1mica, que intenta trabajar y c<strong>recer, con un discurso sustentado en la cultura de la creatividad<\/strong> y del intercambio de experiencias. Hoy inauguramos algo m\u00e1s que un ciclo de ponencias de primer nivel, es una alianza de trabajo colectivo y de alianzas estrat\u00e9gicas. Contamos con ponentes de prestigio y es un verdadero honor que est\u00e9n en Jerez con nosotros\u201d.<\/p>\n<p class=\"xwestern\">En cuanto a los contenidos del foro, cabe destacar que se alternar\u00e1n conferencias magistrales, micro-presentaciones locales (\u2018Despacho de tipos\u2019, Enrique Guill\u00e9n; \u2018Nuevas Redes\u2019, de Miguel Gonz\u00e1lez M\u00e1rquez y \u2018Mirapordonde\u2019, de Anna Recansens y Elena Mart\u00edn), as\u00ed como actividades paralelas como visitas culturales y din\u00e1micas de networking dise\u00f1adas para facilitar la creaci\u00f3n de redes profesionales e institucionales.<\/p>\n<p class=\"xwestern\">El foro queda articulado bajo cinco grandes l\u00edneas de trabajo que abordar\u00e1n los principales retos de la ciudad contempor\u00e1nea: Derechos Culturales y Ciudadan\u00eda; Urbanismo t\u00e1ctico e impacto cultural; Identidades, narrativas y marca ciudad; Educaci\u00f3n expandida y ciudadan\u00eda activa y Barrios creativos y regeneraci\u00f3n urbana.<\/p>\n<p class=\"xwestern\">La apertura del foro ha estado a cargo de Jes\u00fas Prieto de Pedro (catedr\u00e1tico de Derecho Administrativo de la UNED y titular de la C\u00e1tedra Andr\u00e9s Bello de Derechos Culturales que est\u00e1 considerado el principal experto espa\u00f1ol en derechos culturales y ha participado en la redacci\u00f3n de numerosas leyes, siendo autor de referencia en pol\u00edticas de cultura y ciudadan\u00eda).<\/p>\n<p class=\"xwestern\">\u00a0<\/p>\n<p class=\"xwestern\">\u00a0<\/p>\n","protected":false},"excerpt":{"rendered":"La alcaldesa de Jerez, Mar\u00eda Jos\u00e9 Garc\u00eda-Pelayo, junto al teniente de alcaldesa de Transformaci\u00f3n Digital, Jose Ignacio Mart\u00ednez,&hellip;\n","protected":false},"author":2,"featured_media":230677,"comment_status":"","ping_status":"","sticky":false,"template":"","format":"standard","meta":{"footnotes":""},"categories":[5],"tags":[17,18,25,24,13,14,11,19,20,9,10,15,16,23,12,21,22],"class_list":{"0":"post-230676","1":"post","2":"type-post","3":"status-publish","4":"format-standard","5":"has-post-thumbnail","7":"category-titulares","8":"tag-breaking-news","9":"tag-breakingnews","10":"tag-es","11":"tag-espana","12":"tag-featured-news","13":"tag-featurednews","14":"tag-headlines","15":"tag-latest-news","16":"tag-latestnews","17":"tag-news","18":"tag-noticias","19":"tag-noticias-destacadas","20":"tag-noticiasdestacadas","21":"tag-spain","22":"tag-titulares","23":"tag-ultimas-noticias","24":"tag-ultimasnoticias"},"share_on_mastodon":{"url":"https:\/\/pubeurope.com\/@es\/115532043580450936","error":""},"_links":{"self":[{"href":"https:\/\/www.europesays.com\/es\/wp-json\/wp\/v2\/posts\/230676","targetHints":{"allow":["GET"]}}],"collection":[{"href":"https:\/\/www.europesays.com\/es\/wp-json\/wp\/v2\/posts"}],"about":[{"href":"https:\/\/www.europesays.com\/es\/wp-json\/wp\/v2\/types\/post"}],"author":[{"embeddable":true,"href":"https:\/\/www.europesays.com\/es\/wp-json\/wp\/v2\/users\/2"}],"replies":[{"embeddable":true,"href":"https:\/\/www.europesays.com\/es\/wp-json\/wp\/v2\/comments?post=230676"}],"version-history":[{"count":0,"href":"https:\/\/www.europesays.com\/es\/wp-json\/wp\/v2\/posts\/230676\/revisions"}],"wp:featuredmedia":[{"embeddable":true,"href":"https:\/\/www.europesays.com\/es\/wp-json\/wp\/v2\/media\/230677"}],"wp:attachment":[{"href":"https:\/\/www.europesays.com\/es\/wp-json\/wp\/v2\/media?parent=230676"}],"wp:term":[{"taxonomy":"category","embeddable":true,"href":"https:\/\/www.europesays.com\/es\/wp-json\/wp\/v2\/categories?post=230676"},{"taxonomy":"post_tag","embeddable":true,"href":"https:\/\/www.europesays.com\/es\/wp-json\/wp\/v2\/tags?post=230676"}],"curies":[{"name":"wp","href":"https:\/\/api.w.org\/{rel}","templated":true}]}}