{"id":230678,"date":"2025-11-11T16:40:08","date_gmt":"2025-11-11T16:40:08","guid":{"rendered":"https:\/\/www.europesays.com\/es\/230678\/"},"modified":"2025-11-11T16:40:08","modified_gmt":"2025-11-11T16:40:08","slug":"esta-seria-su-posicion-si-los-torneos-del-liv-recibieran-puntos","status":"publish","type":"post","link":"https:\/\/www.europesays.com\/es\/230678\/","title":{"rendered":"esta ser\u00eda su posici\u00f3n si los torneos del LIV recibieran puntos"},"content":{"rendered":"<p data-mrf-recirculation=\"Links P\u00e1rrafos\" class=\"ue-c-article__paragraph paragraph ue-c-article--first-letter-highlighted\">La semana pasada fue crucial para el futuro del LIV Golf. La liga anunci\u00f3 que <a href=\"https:\/\/www.marca.com\/golf\/liv-golf\/2025\/11\/04\/bombazo-liv-golf-cambia-formato-torneos-jugaran-72-hoyos-2026.html\" rel=\"nofollow noopener\" target=\"_blank\">cambiaba a un formato de torneo de 72 hoyos<\/a> en lugar de 54 y que <a href=\"https:\/\/www.marca.com\/golf\/liv-golf\/2025\/11\/03\/liv-golf-aumenta-vias-acceso-circuito-2026.html\" rel=\"nofollow noopener\" target=\"_blank\">abr\u00eda nuevas v\u00edas de acceso a su circuito<\/a> de cara a la pr\u00f3xima temporada. Se trata de un giro radical del nuevo CEO, <strong>Scott O&#8217;Neil<\/strong>, para que <strong>los eventos del LIV sean incluidos en el Ranking Mundial Oficial de Golf (OWGR)<\/strong> y a su vez esto lo convierta en un Tour mucho m\u00e1s atractivo.<\/p>\n<p data-mrf-recirculation=\"Links P\u00e1rrafos\" class=\"ue-c-article__paragraph paragraph\">Desde entonces se ha debatido bastante sobre este asunto. <strong>Rory McIlroy<\/strong> se\u00f1al\u00f3 antes de comenzar el torneo de Abu Dhabi que probablemente <strong>no era el formato de tres rondas lo que imped\u00eda al LIV obtener puntos<\/strong>, pero que estar\u00eda atento a lo que suced\u00eda. En cualquier caso, avis\u00f3: \u201cSupongamos que obtienen puntos para el ranking mundial. Debido a que la calidad de sus participantes va a ser muy baja porque muchos de los chicos ya han ca\u00eddo en el ranking, porque no han tenido puntos durante mucho tiempo, no s\u00e9 si los puntos realmente les van a beneficiar\u201d.<\/p>\n<p data-mrf-recirculation=\"Links P\u00e1rrafos\" class=\"ue-c-article__paragraph paragraph\">Actualmente, el jugador mejor clasificado de LIV es <strong>Tyrrell Hatton, quien se encuentra en el puesto 21<\/strong> despu\u00e9s de su segundo puesto en el Alfred Dunhill Links Championship y su quinto \u2013empatado- en el BMW PGA Championship. <strong>Bryson DeChambeau ocupa el puesto n\u00famero 24<\/strong> gracias a tres &#8216;top 10&#8217; en los cuatro Majors de 2025. <strong>Jon Rahm se sit\u00faa en el puesto 74.<\/strong><\/p>\n<p data-mrf-recirculation=\"Links P\u00e1rrafos\" class=\"ue-c-article__paragraph paragraph\">El <strong>usuario de \u2018X\u2019<\/strong>, @Robopz, experto en estad\u00edsticas de golf, ha simulado una clasificaci\u00f3n teniendo en cuenta los <strong>a\u00f1os 2024 y 2025<\/strong>, estimando que <strong>los torneos de LIV hubieran obtenido entre 26 y 28 puntos<\/strong>. Basa tal puntuaci\u00f3n en la estad\u00edstica de golpes ganados (SG) de ese circuito, que establece la calidad de los participantes. Es decir, estar\u00edamos hablando de eventos que <strong>en el PGA Tour ser\u00edan de los m\u00e1s bajos en puntuaci\u00f3n<\/strong>, entre el Barracuda Championship y el Myrtle Beach One Classic; extrapolado al DP World Tour, <strong>28 puntos ha tenido este a\u00f1o el Open de Espa\u00f1a debido a su gran elenco de participantes<\/strong>. 100 s\u00f3lo tienen los Majors y 80 The Players; despu\u00e9s estar\u00eda un torneo elevado del PGA como el AT&amp;T Pebble Beach.<\/p>\n<p data-mrf-recirculation=\"Links P\u00e1rrafos\" class=\"ue-c-article__paragraph paragraph\">Hay que tener en cuenta que <strong>la clasificaci\u00f3n de @Robopz se cerr\u00f3 al terminar la temporada del LIV y el PGA Tour a finales de agosto,<\/strong> por lo que no tiene en cuenta que por ejemplo es el espectacular ascenso de McKibbin, que ahora es el 84 del mundo. Se trata s\u00f3lo una estimaci\u00f3n y se intenta tener en cuenta el n\u00famero limitado de participantes en los eventos de este del LIV. Hay que contar tambi\u00e9n con el hecho de que s\u00f3lo el 85% sumar\u00edan puntos en cada torneo (46 de los 54). Tambi\u00e9n queda reflejado, l\u00f3gicamente, que <strong>los golfistas disputan Majors, as\u00ed como algunos torneos del Asian Tour o el DP World Tour que s\u00ed que computan para el OWGR.<\/strong><\/p>\n<p>PUESTO EN EL RANKING MUNDIAL\u00a0SIMULADO A FECHA DEL 24 DE AGOSTO DE 2025\u00a0(con el LIV y el PGA Tour finalizados)<\/p>\n<ul class=\"ue-c-article__list ue-c-article__ ue-c-article__list--unordered\">\n<li>5\u00ba Bryson DeChambeau (24 actual)<\/li>\n<li>6\u00ba Joaqu\u00edn Niemann (126 actual)<\/li>\n<li>10\u00ba Jon Rahm (74 actual)<\/li>\n<li>21\u00ba Tyrrell Hatton (21 actual)<\/li>\n<li>30\u00ba Patrick Reed (44 actual)<\/li>\n<li>36\u00ba Carlos Ortiz (36 actual)<\/li>\n<li>45\u00ba Sergio Garc\u00eda (464 actual)<\/li>\n<li>67\u00ba Brooks Koepka (233 actual)<\/li>\n<li>77\u00ba Sebasti\u00e1n Mu\u00f1oz (1007 actual)<\/li>\n<li>81\u00ba Talor Gooch (1555 actual)<\/li>\n<li>89\u00ba Cameron Smith (321 actual)<\/li>\n<li>92\u00ba David Puig (166 actual)<\/li>\n<li>95\u00ba Marc Leishman (432 actual)<\/li>\n<li>100\u00ba Lucas Herbert (276 actual)<\/li>\n<\/ul>\n","protected":false},"excerpt":{"rendered":"La semana pasada fue crucial para el futuro del LIV Golf. La liga anunci\u00f3 que cambiaba a un&hellip;\n","protected":false},"author":2,"featured_media":230679,"comment_status":"","ping_status":"","sticky":false,"template":"","format":"standard","meta":{"footnotes":""},"categories":[275],"tags":[168,25,24,329,23,167],"class_list":{"0":"post-230678","1":"post","2":"type-post","3":"status-publish","4":"format-standard","5":"has-post-thumbnail","7":"category-golf","8":"tag-deportes","9":"tag-es","10":"tag-espana","11":"tag-golf","12":"tag-spain","13":"tag-sports"},"share_on_mastodon":{"url":"https:\/\/pubeurope.com\/@es\/115532059415967450","error":""},"_links":{"self":[{"href":"https:\/\/www.europesays.com\/es\/wp-json\/wp\/v2\/posts\/230678","targetHints":{"allow":["GET"]}}],"collection":[{"href":"https:\/\/www.europesays.com\/es\/wp-json\/wp\/v2\/posts"}],"about":[{"href":"https:\/\/www.europesays.com\/es\/wp-json\/wp\/v2\/types\/post"}],"author":[{"embeddable":true,"href":"https:\/\/www.europesays.com\/es\/wp-json\/wp\/v2\/users\/2"}],"replies":[{"embeddable":true,"href":"https:\/\/www.europesays.com\/es\/wp-json\/wp\/v2\/comments?post=230678"}],"version-history":[{"count":0,"href":"https:\/\/www.europesays.com\/es\/wp-json\/wp\/v2\/posts\/230678\/revisions"}],"wp:featuredmedia":[{"embeddable":true,"href":"https:\/\/www.europesays.com\/es\/wp-json\/wp\/v2\/media\/230679"}],"wp:attachment":[{"href":"https:\/\/www.europesays.com\/es\/wp-json\/wp\/v2\/media?parent=230678"}],"wp:term":[{"taxonomy":"category","embeddable":true,"href":"https:\/\/www.europesays.com\/es\/wp-json\/wp\/v2\/categories?post=230678"},{"taxonomy":"post_tag","embeddable":true,"href":"https:\/\/www.europesays.com\/es\/wp-json\/wp\/v2\/tags?post=230678"}],"curies":[{"name":"wp","href":"https:\/\/api.w.org\/{rel}","templated":true}]}}