{"id":230680,"date":"2025-11-11T16:41:07","date_gmt":"2025-11-11T16:41:07","guid":{"rendered":"https:\/\/www.europesays.com\/es\/230680\/"},"modified":"2025-11-11T16:41:07","modified_gmt":"2025-11-11T16:41:07","slug":"resumen-y-resultado-del-alcaraz-fritz-alcaraz-pone-pie-y-medio-en-semifinales","status":"publish","type":"post","link":"https:\/\/www.europesays.com\/es\/230680\/","title":{"rendered":"Resumen y resultado del Alcaraz &#8211; Fritz: Alcaraz pone pie y medio en semifinales"},"content":{"rendered":"<p class=\"ev-title\">Alcaraz: \u00abHe aprovechado lo poco que me ha concedido\u00bb<\/p>\n<p>\u00abNo he sido capaz de devolver bien con ese saque que tiene y lo he pasado mal. <strong>Pero ha estado muy igualado. Siempre se mantiene en el partido<\/strong>. Con el 6-5 en el segundo set he conseguido bolas de break y ten\u00eda que aprovechar. Tengo confianza y fortaleza mental y he jugado un gran tercer set. He aprovechado lo poco que me ha concedido en el segundo. Estoy muy feliz, he sabido volver y encontrar mi buen tenis. Ha habido un momento en el que estaba muy cansado y que no sab\u00eda qu\u00e9 ten\u00eda que hacer. Taylor estaba sacando muy bien, jugando muy bien. Solo pod\u00eda aprovechar las oportunidaeds que me daban. Ha sido un nivel alto, f\u00edsicamente, creo que la gente se ha divertido. Fue un partido muy igualado. Creo que corr\u00ed m\u00e1s que \u00e9l y sufr\u00ed m\u00e1s que \u00e9l; despu\u00e9s de un primer set en el que no jugu\u00e9 ni saque bien, en el que \u00e9l jug\u00f3 muy c\u00f3modo desde el fondo y en todo. As\u00ed que fue un alivi\u00f3 ganar, por todo lo que hab\u00eda pasado, f\u00edsicamente y sin tener buena sensaci\u00f3n de bola, igual que en la primera jornada. Estoy muy contento por encontrar la manera de remontar y ganar al final\u00bb, dice Carlitos en pista.\u00a0<\/p>\n","protected":false},"excerpt":{"rendered":"Alcaraz: \u00abHe aprovechado lo poco que me ha concedido\u00bb \u00abNo he sido capaz de devolver bien con ese&hellip;\n","protected":false},"author":2,"featured_media":230681,"comment_status":"","ping_status":"","sticky":false,"template":"","format":"standard","meta":{"footnotes":""},"categories":[274],"tags":[168,25,24,23,167,327,326],"class_list":{"0":"post-230680","1":"post","2":"type-post","3":"status-publish","4":"format-standard","5":"has-post-thumbnail","7":"category-tenis","8":"tag-deportes","9":"tag-es","10":"tag-espana","11":"tag-spain","12":"tag-sports","13":"tag-tenis","14":"tag-tennis"},"share_on_mastodon":{"url":"https:\/\/pubeurope.com\/@es\/115532063272610043","error":""},"_links":{"self":[{"href":"https:\/\/www.europesays.com\/es\/wp-json\/wp\/v2\/posts\/230680","targetHints":{"allow":["GET"]}}],"collection":[{"href":"https:\/\/www.europesays.com\/es\/wp-json\/wp\/v2\/posts"}],"about":[{"href":"https:\/\/www.europesays.com\/es\/wp-json\/wp\/v2\/types\/post"}],"author":[{"embeddable":true,"href":"https:\/\/www.europesays.com\/es\/wp-json\/wp\/v2\/users\/2"}],"replies":[{"embeddable":true,"href":"https:\/\/www.europesays.com\/es\/wp-json\/wp\/v2\/comments?post=230680"}],"version-history":[{"count":0,"href":"https:\/\/www.europesays.com\/es\/wp-json\/wp\/v2\/posts\/230680\/revisions"}],"wp:featuredmedia":[{"embeddable":true,"href":"https:\/\/www.europesays.com\/es\/wp-json\/wp\/v2\/media\/230681"}],"wp:attachment":[{"href":"https:\/\/www.europesays.com\/es\/wp-json\/wp\/v2\/media?parent=230680"}],"wp:term":[{"taxonomy":"category","embeddable":true,"href":"https:\/\/www.europesays.com\/es\/wp-json\/wp\/v2\/categories?post=230680"},{"taxonomy":"post_tag","embeddable":true,"href":"https:\/\/www.europesays.com\/es\/wp-json\/wp\/v2\/tags?post=230680"}],"curies":[{"name":"wp","href":"https:\/\/api.w.org\/{rel}","templated":true}]}}