{"id":230687,"date":"2025-11-11T16:47:18","date_gmt":"2025-11-11T16:47:18","guid":{"rendered":"https:\/\/www.europesays.com\/es\/230687\/"},"modified":"2025-11-11T16:47:18","modified_gmt":"2025-11-11T16:47:18","slug":"centro-ismaelita-en-houston-farshid-moussavi","status":"publish","type":"post","link":"https:\/\/www.europesays.com\/es\/230687\/","title":{"rendered":"Centro Ismaelita en Houston &#8211; Farshid Moussavi\u00a0"},"content":{"rendered":"<p class=\"mdm_block\">Houston ha inaugurado el primer Centro Ismaelita de Estados Unidos y el s\u00e9ptimo en el mundo. El complejo forma parte de la red internacional de instituciones impulsadas por Karim al-Hussaini, Aga Khan IV (1936\u20132025), creador de un prestigioso <a href=\"https:\/\/arquitecturaviva.com\/etiqueta\/premio-aga-khan\" rel=\"nofollow noopener\" target=\"_blank\">premio trienal de arquitectura<\/a>. Su legado contin\u00faa bajo la direcci\u00f3n de su hijo, el pr\u00edncipe Rahim al-Hussaini, Aga Khan V. Concebido como un espacio de oraci\u00f3n, encuentro y entendimiento entre diferentes comunidades, el edificio expresa un di\u00e1logo entre tradici\u00f3n y modernidad.<\/p>\n<p class=\"mdm_block\">Obra de la arquitecta Farshid Moussavi, con la colaboraci\u00f3n de Nelson Byrd Woltz Landscape Architects, el complejo abarca cerca de 14.000 metros cuadrados. Su arquitectura se organiza en vol\u00famenes interconectados, revestidos con piedra caliza, que combinan superficies s\u00f3lidas y paneles porosos. Las celos\u00edas perforadas, reinterpretadas con un lenguaje contempor\u00e1neo, filtran la luz natural y generan un juego entre lo visible y lo velado, evocando la espiritualidad impl\u00edcita en la arquitectura isl\u00e1mica.<\/p>\n<p class=\"mdm_block\">El interior se organiza en torno a un gran atrio central de cinco niveles, ba\u00f1ado por luz que desciende desde un \u00f3culo. A su alrededor se distribuyen una sala de oraci\u00f3n para la comunidad musulmana chiita ismaelita, galer\u00edas de exposici\u00f3n, aulas, un auditorio y una cafeter\u00eda. Los espacios se abren al exterior mediante galer\u00edas cubiertas sostenidas por columnas esbeltas de color azul, inspiradas en los palacios persas de Isfah\u00e1n. <\/p>\n<p class=\"mdm_block\">El paisajismo, dise\u00f1ado por Thomas Woltz, aprovecha la pendiente hacia el parque Buffalo Bayou mediante un sistema de terrazas, estanques y jardines que conforman un ecosistema resiliente ante el clima h\u00famedo y las inundaciones. La propuesta reinterpreta el simbolismo de los jardines isl\u00e1micos tradicionales a trav\u00e9s del sonido del agua, la escala de los parterres y el ritmo de la geometr\u00eda.<\/p>\n<p><img decoding=\"async\" class=\"graf-image\" src=\"https:\/\/www.europesays.com\/es\/wp-content\/uploads\/2025\/11\/av_medium__av_303870.jpeg\" data-db-id=\"303870\" src-normal=\"\/assets\/uploads\/obras\/58306\/av_medium__av_303870.jpeg\" src-full=\"\/assets\/uploads\/obras\/58306\/av_303870.jpeg\" style=\"\" data-fotografo=\"Iwan Baan\" title=\"Centro Ismaelita en Houston\"\/><img decoding=\"async\" class=\"graf-image\" src=\"https:\/\/www.europesays.com\/es\/wp-content\/uploads\/2025\/11\/av_medium__av_303875.jpeg\" data-db-id=\"303875\" src-normal=\"\/assets\/uploads\/obras\/58306\/av_medium__av_303875.jpeg\" src-full=\"\/assets\/uploads\/obras\/58306\/av_303875.jpeg\" style=\"\" data-fotografo=\"Iwan Baan\" title=\"Centro Ismaelita en Houston\"\/><img decoding=\"async\" class=\"graf-image\" src=\"https:\/\/www.europesays.com\/es\/wp-content\/uploads\/2025\/11\/av_medium__av_303873.jpeg\" data-db-id=\"303873\" src-normal=\"\/assets\/uploads\/obras\/58306\/av_medium__av_303873.jpeg\" src-full=\"\/assets\/uploads\/obras\/58306\/av_303873.jpeg\" style=\"\" data-fotografo=\"Iwan Baan\" title=\"Centro Ismaelita en Houston\"\/><img decoding=\"async\" class=\"graf-image\" src=\"https:\/\/www.europesays.com\/es\/wp-content\/uploads\/2025\/11\/av_medium__av_303878.jpeg\" data-db-id=\"303878\" src-normal=\"\/assets\/uploads\/obras\/58306\/av_medium__av_303878.jpeg\" src-full=\"\/assets\/uploads\/obras\/58306\/av_303878.jpeg\" style=\"\" data-fotografo=\"Iwan Baan\" title=\"Centro Ismaelita en Houston\"\/><img decoding=\"async\" class=\"graf-image\" src=\"https:\/\/www.europesays.com\/es\/wp-content\/uploads\/2025\/11\/av_medium__av_303864.jpeg\" data-db-id=\"303864\" src-normal=\"\/assets\/uploads\/obras\/58306\/av_medium__av_303864.jpeg\" src-full=\"\/assets\/uploads\/obras\/58306\/av_303864.jpeg\" style=\"\" data-fotografo=\"Iwan Baan\" title=\"Centro Ismaelita en Houston\"\/><img decoding=\"async\" class=\"graf-image\" src=\"https:\/\/www.europesays.com\/es\/wp-content\/uploads\/2025\/11\/av_medium__av_303865.jpeg\" data-db-id=\"303865\" src-normal=\"\/assets\/uploads\/obras\/58306\/av_medium__av_303865.jpeg\" src-full=\"\/assets\/uploads\/obras\/58306\/av_303865.jpeg\" style=\"\" data-fotografo=\"Iwan Baan\" title=\"Centro Ismaelita en Houston\"\/><img decoding=\"async\" class=\"graf-image\" src=\"https:\/\/www.europesays.com\/es\/wp-content\/uploads\/2025\/11\/av_medium__av_303877.jpeg\" data-db-id=\"303877\" src-normal=\"\/assets\/uploads\/obras\/58306\/av_medium__av_303877.jpeg\" src-full=\"\/assets\/uploads\/obras\/58306\/av_303877.jpeg\" style=\"\" data-fotografo=\"Iwan Baan\" title=\"Centro Ismaelita en Houston\"\/><img decoding=\"async\" class=\"graf-image\" src=\"https:\/\/www.europesays.com\/es\/wp-content\/uploads\/2025\/11\/av_medium__av_303866.jpeg\" data-db-id=\"303866\" src-normal=\"\/assets\/uploads\/obras\/58306\/av_medium__av_303866.jpeg\" src-full=\"\/assets\/uploads\/obras\/58306\/av_303866.jpeg\" style=\"\" data-fotografo=\"Iwan Baan\" title=\"Centro Ismaelita en Houston\"\/><img decoding=\"async\" class=\"graf-image\" src=\"https:\/\/www.europesays.com\/es\/wp-content\/uploads\/2025\/11\/av_medium__av_303874.jpeg\" data-db-id=\"303874\" src-normal=\"\/assets\/uploads\/obras\/58306\/av_medium__av_303874.jpeg\" src-full=\"\/assets\/uploads\/obras\/58306\/av_303874.jpeg\" style=\"\" data-fotografo=\"Iwan Baan\" title=\"Centro Ismaelita en Houston\"\/><img decoding=\"async\" class=\"graf-image\" src=\"https:\/\/www.europesays.com\/es\/wp-content\/uploads\/2025\/11\/av_medium__av_303869.jpeg\" data-db-id=\"303869\" src-normal=\"\/assets\/uploads\/obras\/58306\/av_medium__av_303869.jpeg\" src-full=\"\/assets\/uploads\/obras\/58306\/av_303869.jpeg\" style=\"\" data-fotografo=\"Iwan Baan\" title=\"Centro Ismaelita en Houston\"\/><img decoding=\"async\" class=\"graf-image\" src=\"https:\/\/www.europesays.com\/es\/wp-content\/uploads\/2025\/11\/av_medium__av_303879.jpeg\" data-db-id=\"303879\" src-normal=\"\/assets\/uploads\/obras\/58306\/av_medium__av_303879.jpeg\" src-full=\"\/assets\/uploads\/obras\/58306\/av_303879.jpeg\" style=\"\" data-fotografo=\"Iwan Baan\" title=\"Centro Ismaelita en Houston\"\/><img decoding=\"async\" class=\"graf-image\" src=\"https:\/\/www.europesays.com\/es\/wp-content\/uploads\/2025\/11\/av_medium__av_303876.jpeg\" data-db-id=\"303876\" src-normal=\"\/assets\/uploads\/obras\/58306\/av_medium__av_303876.jpeg\" src-full=\"\/assets\/uploads\/obras\/58306\/av_303876.jpeg\" style=\"\" data-fotografo=\"Iwan Baan\" title=\"Centro Ismaelita en Houston\"\/><img decoding=\"async\" class=\"graf-image\" src=\"https:\/\/www.europesays.com\/es\/wp-content\/uploads\/2025\/11\/av_medium__av_303871.jpeg\" data-db-id=\"303871\" src-normal=\"\/assets\/uploads\/obras\/58306\/av_medium__av_303871.jpeg\" src-full=\"\/assets\/uploads\/obras\/58306\/av_303871.jpeg\" style=\"\" data-fotografo=\"Iwan Baan\" title=\"Centro Ismaelita en Houston\"\/><img decoding=\"async\" class=\"graf-image\" src=\"https:\/\/www.europesays.com\/es\/wp-content\/uploads\/2025\/11\/av_medium__av_303868.jpeg\" data-db-id=\"303868\" src-normal=\"\/assets\/uploads\/obras\/58306\/av_medium__av_303868.jpeg\" src-full=\"\/assets\/uploads\/obras\/58306\/av_303868.jpeg\" style=\"\" data-fotografo=\"Iwan Baan\" title=\"Centro Ismaelita en Houston\"\/><img decoding=\"async\" class=\"graf-image\" src=\"https:\/\/www.europesays.com\/es\/wp-content\/uploads\/2025\/11\/av_medium__av_303863.jpeg\" data-db-id=\"303863\" src-normal=\"\/assets\/uploads\/obras\/58306\/av_medium__av_303863.jpeg\" src-full=\"\/assets\/uploads\/obras\/58306\/av_303863.jpeg\" style=\"\" data-fotografo=\"Iwan Baan\" title=\"Centro Ismaelita en Houston\"\/><img decoding=\"async\" class=\"graf-image\" src=\"https:\/\/www.europesays.com\/es\/wp-content\/uploads\/2025\/11\/av_medium__av_303872.jpeg\" data-db-id=\"303872\" src-normal=\"\/assets\/uploads\/obras\/58306\/av_medium__av_303872.jpeg\" src-full=\"\/assets\/uploads\/obras\/58306\/av_303872.jpeg\" style=\"\" data-fotografo=\"Iwan Baan\" title=\"Centro Ismaelita en Houston\"\/><img decoding=\"async\" class=\"graf-image\" src=\"https:\/\/www.europesays.com\/es\/wp-content\/uploads\/2025\/11\/av_medium__av_303880.jpeg\" data-db-id=\"303880\" src-normal=\"\/assets\/uploads\/obras\/58306\/av_medium__av_303880.jpeg\" src-full=\"\/assets\/uploads\/obras\/58306\/av_303880.jpeg\" style=\"\" data-fotografo=\"Nic Lehoux\" title=\"Centro Ismaelita en Houston\"\/><img decoding=\"async\" class=\"graf-image\" src=\"https:\/\/www.europesays.com\/es\/wp-content\/uploads\/2025\/11\/av_medium__av_303867.jpeg\" data-db-id=\"303867\" src-normal=\"\/assets\/uploads\/obras\/58306\/av_medium__av_303867.jpeg\" src-full=\"\/assets\/uploads\/obras\/58306\/av_303867.jpeg\" style=\"\" data-fotografo=\"Iwan Baan\" title=\"Centro Ismaelita en Houston\"\/><\/p>\n","protected":false},"excerpt":{"rendered":"Houston ha inaugurado el primer Centro Ismaelita de Estados Unidos y el s\u00e9ptimo en el mundo. El complejo&hellip;\n","protected":false},"author":2,"featured_media":230688,"comment_status":"","ping_status":"","sticky":false,"template":"","format":"standard","meta":{"footnotes":""},"categories":[173],"tags":[229,233,231,230,232,234,146,147,25,24,23],"class_list":{"0":"post-230687","1":"post","2":"type-post","3":"status-publish","4":"format-standard","5":"has-post-thumbnail","7":"category-arte-y-diseno","8":"tag-arte","9":"tag-arte-y-diseno","10":"tag-arts","11":"tag-arts-and-design","12":"tag-design","13":"tag-diseno","14":"tag-entertainment","15":"tag-entretenimiento","16":"tag-es","17":"tag-espana","18":"tag-spain"},"share_on_mastodon":{"url":"https:\/\/pubeurope.com\/@es\/115532087354647707","error":""},"_links":{"self":[{"href":"https:\/\/www.europesays.com\/es\/wp-json\/wp\/v2\/posts\/230687","targetHints":{"allow":["GET"]}}],"collection":[{"href":"https:\/\/www.europesays.com\/es\/wp-json\/wp\/v2\/posts"}],"about":[{"href":"https:\/\/www.europesays.com\/es\/wp-json\/wp\/v2\/types\/post"}],"author":[{"embeddable":true,"href":"https:\/\/www.europesays.com\/es\/wp-json\/wp\/v2\/users\/2"}],"replies":[{"embeddable":true,"href":"https:\/\/www.europesays.com\/es\/wp-json\/wp\/v2\/comments?post=230687"}],"version-history":[{"count":0,"href":"https:\/\/www.europesays.com\/es\/wp-json\/wp\/v2\/posts\/230687\/revisions"}],"wp:featuredmedia":[{"embeddable":true,"href":"https:\/\/www.europesays.com\/es\/wp-json\/wp\/v2\/media\/230688"}],"wp:attachment":[{"href":"https:\/\/www.europesays.com\/es\/wp-json\/wp\/v2\/media?parent=230687"}],"wp:term":[{"taxonomy":"category","embeddable":true,"href":"https:\/\/www.europesays.com\/es\/wp-json\/wp\/v2\/categories?post=230687"},{"taxonomy":"post_tag","embeddable":true,"href":"https:\/\/www.europesays.com\/es\/wp-json\/wp\/v2\/tags?post=230687"}],"curies":[{"name":"wp","href":"https:\/\/api.w.org\/{rel}","templated":true}]}}