{"id":230691,"date":"2025-11-11T16:50:09","date_gmt":"2025-11-11T16:50:09","guid":{"rendered":"https:\/\/www.europesays.com\/es\/230691\/"},"modified":"2025-11-11T16:50:09","modified_gmt":"2025-11-11T16:50:09","slug":"sergio-ramos-presentara-los-latin-grammys","status":"publish","type":"post","link":"https:\/\/www.europesays.com\/es\/230691\/","title":{"rendered":"Sergio Ramos presentar\u00e1 los Latin Grammys"},"content":{"rendered":"<p class=\"voc-p\" style=\"\">El <strong>jugador de f\u00fatbol<\/strong> nacido en Camas salt\u00f3 a la fama mundial con su fichaje por el Real Madrid en 2006, durante la \u00e9poca de los conocidos como &#8216;Los Gal\u00e1cticos&#8217;. Su estancia en el club blanco estuvo marcada por jugar con algunos de los  &#8230; mejores jugadores de su tiempo, como Cristiano Ronaldo o \u00cdker Casillas, no solo como compa\u00f1ero sino tambi\u00e9n, como <strong>capit\u00e1n<\/strong>. Hasta su salida del club blanco con destino al Paris Saint-Germain, el sevillano cosech\u00f3 momentos inolvidables como su c\u00e9lebre gol en la <strong>final de la Champions League en 2014<\/strong> o sus muchas jugadas defensivas que lo consolidaron como uno de los <strong>mejores defensas<\/strong> en este deporte.<\/p>\n<p class=\"voc-p\" style=\"\">Tras su salida al club parisino y su fugaz vuelta al Sevilla FC, <strong>Sergio Ramos<\/strong> dio a conocer una de sus facetas escondidas que han dado mucho que hablar sobre todo en redes sociales, una <strong>faceta musical<\/strong>. Aunque ya particip\u00f3 en otras canciones creadas por otros artistas como &#8216;Otra Estrella en tu Coraz\u00f3n&#8217; o &#8216;La Roja Baila&#8217;, de Demarco Flamenco y Ni\u00f1a Pastori respectivamente, ha sido en la etapa final del verano de 2025 cuando se estren\u00f3 <strong>en solitario<\/strong> con un nuevo tema llamado &#8216;<strong>Cibeles<\/strong>&#8216;.<\/p>\n<p>\nLatin Grammys 2025\n<\/p>\n<p class=\"voc-p\" style=\"\">Para estrenarse a lo grande en su nueva etapa como artista en el sector de la m\u00fasica, ha sido seleccionado como uno de los <strong>presentadores de la gala<\/strong> de los <strong>Latin Grammys 2025<\/strong>. Por lo tanto el ex del Sevilla FC y del Real Madrid compartir\u00e1 escenario con artistas tan conocidos como Yandel, Trueno o la argentina Nicki Nicole en esta edici\u00f3n celebrada en <strong>Las Vegas<\/strong>, en Estados Unidos.<\/p>\n<p class=\"voc-p\" style=\"\">Estos reconocidos <strong>premios musicales<\/strong> son dedicados exclusivamente para <strong>artistas iberoamericanos<\/strong> con el fin de reconocer y poner de manifiesto a los cantantes de esta procedencia a una escala mundial. Esta edici\u00f3n ser\u00e1 la n\u00famero 26, que regresa al continente americano despu\u00e9s de la primera edici\u00f3n en suelo europea, como fue en 2024 siendo Sevilla como la ciudad donde se realizar\u00e1n estos premios.<\/p>\n<p>\nArt\u00edculo solo para suscriptores\n<\/p>\n<p>Reportar un error<\/p>\n","protected":false},"excerpt":{"rendered":"El jugador de f\u00fatbol nacido en Camas salt\u00f3 a la fama mundial con su fichaje por el Real&hellip;\n","protected":false},"author":2,"featured_media":230692,"comment_status":"","ping_status":"","sticky":false,"template":"","format":"standard","meta":{"footnotes":""},"categories":[170],"tags":[146,147,25,24,5952,6950,184,185,17178,14030,2139,23],"class_list":{"0":"post-230691","1":"post","2":"type-post","3":"status-publish","4":"format-standard","5":"has-post-thumbnail","7":"category-musica","8":"tag-entertainment","9":"tag-entretenimiento","10":"tag-es","11":"tag-espana","12":"tag-grammys","13":"tag-latin","14":"tag-music","15":"tag-musica","16":"tag-presentara","17":"tag-ramos","18":"tag-sergio","19":"tag-spain"},"share_on_mastodon":{"url":"https:\/\/pubeurope.com\/@es\/115532098826777489","error":""},"_links":{"self":[{"href":"https:\/\/www.europesays.com\/es\/wp-json\/wp\/v2\/posts\/230691","targetHints":{"allow":["GET"]}}],"collection":[{"href":"https:\/\/www.europesays.com\/es\/wp-json\/wp\/v2\/posts"}],"about":[{"href":"https:\/\/www.europesays.com\/es\/wp-json\/wp\/v2\/types\/post"}],"author":[{"embeddable":true,"href":"https:\/\/www.europesays.com\/es\/wp-json\/wp\/v2\/users\/2"}],"replies":[{"embeddable":true,"href":"https:\/\/www.europesays.com\/es\/wp-json\/wp\/v2\/comments?post=230691"}],"version-history":[{"count":0,"href":"https:\/\/www.europesays.com\/es\/wp-json\/wp\/v2\/posts\/230691\/revisions"}],"wp:featuredmedia":[{"embeddable":true,"href":"https:\/\/www.europesays.com\/es\/wp-json\/wp\/v2\/media\/230692"}],"wp:attachment":[{"href":"https:\/\/www.europesays.com\/es\/wp-json\/wp\/v2\/media?parent=230691"}],"wp:term":[{"taxonomy":"category","embeddable":true,"href":"https:\/\/www.europesays.com\/es\/wp-json\/wp\/v2\/categories?post=230691"},{"taxonomy":"post_tag","embeddable":true,"href":"https:\/\/www.europesays.com\/es\/wp-json\/wp\/v2\/tags?post=230691"}],"curies":[{"name":"wp","href":"https:\/\/api.w.org\/{rel}","templated":true}]}}