{"id":230711,"date":"2025-11-11T17:03:10","date_gmt":"2025-11-11T17:03:10","guid":{"rendered":"https:\/\/www.europesays.com\/es\/230711\/"},"modified":"2025-11-11T17:03:10","modified_gmt":"2025-11-11T17:03:10","slug":"noe-y-amancio-cortinas-al-mundial-de-footgolf-tras-conquistar-espana","status":"publish","type":"post","link":"https:\/\/www.europesays.com\/es\/230711\/","title":{"rendered":"No\u00e9 y Amancio Corti\u00f1as, al Mundial de footgolf tras conquistar Espa\u00f1a"},"content":{"rendered":"<p class=\"ft-text\">Teme el pionero que nadie quiera recorrer despu\u00e9s el camino que \u00e9l, con tanta esfuerzo, ha desbrozado. Y que el tiempo, sin el tr\u00e1nsito que lo consolide, acabe borrando sus huellas como si nada de aquello hubiese existido. A <a class=\"ft-link ft-link--decoration\" href=\"https:\/\/www.farodevigo.es\/deportes\/2022\/03\/10\/gran-paso-footgolf-gallego-63633485.html\" rel=\"nofollow noopener\" target=\"_blank\">No\u00e9 Corti\u00f1as<\/a> se le ha disipado ese miedo. El gran adelantado del <strong>footgolf <\/strong>en Galicia, su primer presidente y campe\u00f3n, ya tiene herederos. Los que \u00e9l sigue sembrando con su apostolado. Tambi\u00e9n el de su sangre. No\u00e9 y su hijo, <strong>Amancio<\/strong>, acaban de conquistar los<a class=\"ft-link ft-link--decoration\" href=\"https:\/\/fefgspain.com\/\" rel=\"nofollow noopener\" target=\"_blank\"> t\u00edtulos nacionales masculino y j\u00fanior<\/a>. En 2026 estos dos rosaleiros acudir\u00e1n a los <strong>Mundiales <\/strong>de sus respectivas categor\u00edas. \u00abTodo un logro\u00bb, celebra.<\/p>\n<p class=\"ft-text\">La idea se condensa en el t\u00e9rmino. El footgolf se juega sobre campos y con reglas de golf sustituyendo el golpe de palo por el de pierna y la bola, por el bal\u00f3n. Aunque hubo amagos previos, la modalidad hoy reglada y con federaci\u00f3n internacional propia, la <a class=\"ft-link ft-link--decoration\" href=\"https:\/\/www.footgolf.sport\/\" rel=\"nofollow noopener\" target=\"_blank\">FIFG<\/a>, naci\u00f3 en Pa\u00edses Bajos en 2009. En Espa\u00f1a no se ha podido castellanizar a futgolf porque el empresario y exazulgrana <strong>Asensi <\/strong>lo hab\u00eda registrado como suyo y ha intentado difundir su propia versi\u00f3n.<\/p>\n<p class=\"ft-text\">No\u00e9 (15-10-82) descubri\u00f3 y se apasion\u00f3 por el footgolf mientras buscaba alternativas a un f\u00fatbol convencional que una lesi\u00f3n contumaz del tend\u00f3n aqu\u00edleo no le dejaba disfrutar.<\/p>\n<p class=\"ft-text\">\u2013Algo me tengo que buscar\u2013 pens\u00f3 y lo encontr\u00f3.<\/p>\n<p class=\"ft-text\">En 2019 fund\u00f3 la<a class=\"ft-link ft-link--decoration\" href=\"https:\/\/fggalicia.com\/\" rel=\"nofollow noopener\" target=\"_blank\"> Asociaci\u00f3n Gallega de Footgolf<\/a>. Ha conquistado las seis ediciones del certamen auton\u00f3mico (en 2020 no se disput\u00f3) y ha capitaneado su selecci\u00f3n en el <strong>Campeonato de Espa\u00f1a<\/strong> y la <strong>Champions Ib\u00e9rica<\/strong>, en la que quedaron segundos, o en el <strong>Challenge Transfronterizo<\/strong>, cuyas dos primeras ediciones ganaron a los lusos del norte.<\/p>\n<p><img decoding=\"async\" src=\"https:\/\/www.europesays.com\/es\/wp-content\/uploads\/2025\/11\/055b3602-0911-44de-9270-feb60cf003a2_alta-libre-aspect-ratio_default_0.jpg\" width=\"1200\" height=\"800\" alt=\"No\u00e9 Corti\u00f1as.\" class=\"ft-helper-img-rd\" loading=\"lazy\"\/><\/p>\n<p class=\"ft-helper-fontColor-quaternary ft-helper-fontSize-body-S ft-helper-spacer-t-xxs\">No\u00e9 Corti\u00f1as.  \/ Cedida<\/p>\n<p class=\"ft-text\">En estos a\u00f1os ha acumulado tambi\u00e9n experiencias internacionales: 4\u00ba con Espa\u00f1a en el <strong>Eurofootgolf <\/strong>2021 de Hungr\u00eda, 21\u00ba a nivel individual y 4\u00ba por equipos en el <strong>Campeonato del Mundo<\/strong> 2023 de Orlando&#8230; Tambi\u00e9n lider\u00f3 los rankings continental y mundial en los primeros meses de 2022, 2023, 2024 y 2025. Le faltaba, sin embargo, coronarse como el mejor especialista espa\u00f1ol. Acaba de culminar ese empe\u00f1o creciente (3\u00ba en 2023, 2\u00ba en 2024). Y con la felicidad a\u00f1adida del doblete familiar.<\/p>\n<p>Un ni\u00f1o que observa<\/p>\n<p class=\"ft-text\">Amancio (30-6-2014), aquel ni\u00f1o diminuto que estudiaba desde los m\u00e1rgenes c\u00f3mo su padre evaluaba y ejecutaba cada golpe, se ha convertido en el gran talento espa\u00f1ol. \u00ab\u00c9l ten\u00eda 4 o 5 a\u00f1os cuando yo empec\u00e9 a jugar. Siempre estaba viendo, observando. Luego empez\u00f3 a practicar. Pero tiene algo a\u00f1adido que el tiempo le ha ido reconociendo\u00bb, distingue No\u00e9.<\/p>\n<p class=\"ft-text\">En Espa\u00f1a, Amancio reina desde 2023. As\u00ed que en realidad es No\u00e9 el que ha aportado ahora su propio cetro espa\u00f1ol al tesoro. Los dos, \u00abzurdos aunque con dominio de ambas piernas\u00bb, han asegurado matem\u00e1ticamente su \u00e9xito en el campo toledano de Los Layos a falta de una prueba para completar las 16 del circuito. El padre ha tenido que competir con m\u00e1s rivales, alrededor de un <strong>centenar<\/strong>; el hijo ha superado su d\u00e9ficit f\u00edsico con respecto a alguno de los <strong>25 <\/strong>asiduos. La categor\u00eda j\u00fanior incluye a todos los menores de edad y \u00e9l apenas ha cumplido 11.<\/p>\n<p class=\"ft-text\">Amancio compagina el footgolf con el f\u00fatbol ocho. Hoy milita en el <strong>Val Mi\u00f1or <\/strong>como antes en las escuelas del <strong>Celta<\/strong>. A No\u00e9 se le antoja una compatibilidad f\u00e9rtil. \u00abUn jugador con buena t\u00e9cnica de golpeo tiene ventaja\u00bb, advierte. \u00abLuego necesitas la destreza y el saber estar de un golfista. Son partidos de hasta cuatro horas y es dif\u00edcil mantener la calma y la concentraci\u00f3n, sobre todo cuando fallas. Conocemos a exfutbolistas profesionales que han necesitado un par de a\u00f1os de rodaje\u00bb. Lo certifica <strong>Carlos Calvo<\/strong>, ex de C\u00e1diz, Udinese, Granada o Almer\u00eda, que hoy preside la federaci\u00f3n espa\u00f1ola.<\/p>\n<p>Ovaci\u00f3n en el Masters<\/p>\n<p class=\"ft-text\">A Amancio, se\u00f1ala No\u00e9, lo distingue precisamente ese temple. \u00abAunque nosotros venimos del f\u00fatbol y no del golf, absorbi\u00f3 esa parte con mucha rapidez\u00bb. Lo demostr\u00f3 entre el 24 y el 26 agosto en el <a class=\"ft-link ft-link--decoration\" href=\"https:\/\/www.farodevigo.es\/deportes\/2025\/08\/28\/amancio-noe-cortinas-masters-2025-footgolf-120993193.html\" rel=\"nofollow noopener\" target=\"_blank\">Masters FIFG<\/a>, en el Golf <strong>Ashbury Resort<\/strong> ingl\u00e9s. Mientras No\u00e9 quedaba sexto, Amancio lograba la victoria. Todos los participantes lo recibieron con una gran ovaci\u00f3n a su llegada a la casa club. \u00abSupo estar ah\u00ed, con mucho viento, sin una mala palabra o un mal gesto. Actu\u00f3 como un adulto siendo un ni\u00f1o que no sab\u00eda ni la magnitud del logro. Fue surrealista, tremendo, fuera de lo normal\u00bb, elogia.<\/p>\n<p class=\"ft-text\">\u00abCon \u00e9l estamos m\u00e1s enfocados a nivel internacional\u00bb, especifica No\u00e9. Amancio figura en el cuarto puesto del ranking mundial pese a su menor disponibilidad para frecuentar las grandes citas planetarias. \u00abHay un parte econ\u00f3mica, de medios&#8230; Nosotros asumimos los gastos por nuestra cuenta y riesgo. Hay ni\u00f1os arriba con m\u00e1s posibilidades de participaci\u00f3n\u00bb.<\/p>\n<p><img decoding=\"async\" src=\"https:\/\/www.europesays.com\/es\/wp-content\/uploads\/2025\/11\/fb2a4af2-9dae-434c-b827-cece78307073_alta-libre-aspect-ratio_default_0_x392y325.jpg\" width=\"1200\" height=\"1658\" alt=\"Amancio Corti\u00f1as.\" class=\"ft-helper-img-rd\" loading=\"lazy\"\/><\/p>\n<p class=\"ft-helper-fontColor-quaternary ft-helper-fontSize-body-S ft-helper-spacer-t-xxs\">Amancio Corti\u00f1as.  \/ Cedida<\/p>\n<p class=\"ft-text\">Al Mundial, el primero j\u00fanior, acudir\u00e1, por tanto, siendo un candidato s\u00f3lido <strong>entre los 200 o 300<\/strong> que la FIFG calcula reunir. A\u00fan no se ha concretado la sede pero ser\u00e1 en Europa, donde proliferan las licencias. El de adultos \u2013masculino, femenino y s\u00e9nior para mayores de 45 a\u00f1os\u2013 se celebrar\u00e1 en Acapulco. <strong>M\u00e1s de un millar <\/strong>de jugadores se congregar\u00e1n en la tur\u00edstica localidad mexicana durante una docena de d\u00edas, entre finales de mayo y comienzos de junio.<\/p>\n<p class=\"ft-text\">Los Corti\u00f1as fomentan desde su ejemplo un deporte que terquea en expandirse. No\u00e9, tambi\u00e9n seleccionador espa\u00f1ol, desde esa atalaya, relata: \u00abComo actividad al aire libre, tuvimos un pico de crecimiento durante el COVID. Pasamos de bases de datos de 50 o 100 jugadores a superar los 1.000. Lo hemos impulsado mediante todas las herramientas. Cuesta porque la gente que viene del f\u00fatbol debe adaptar sus horarios y en los campos de golf regidos por el voto de los socios nos ponen m\u00e1s trabas. Utilizamos los fines de semana que hacen el pinchado de los greenes y otras f\u00f3rmulas. En Galicia estamos trabajando bien, con actividad constante. Aunque hay gente que llega y se va, aparecen reemplazos siempre\u00bb. Ese ciclo de la vida que en los propios Corti\u00f1as se encarna.<\/p>\n","protected":false},"excerpt":{"rendered":"Teme el pionero que nadie quiera recorrer despu\u00e9s el camino que \u00e9l, con tanta esfuerzo, ha desbrozado. Y&hellip;\n","protected":false},"author":2,"featured_media":230712,"comment_status":"","ping_status":"","sticky":false,"template":"","format":"standard","meta":{"footnotes":""},"categories":[275],"tags":[18243,5926,60421,168,25,24,29069,282,260,329,3368,10666,60420,23,167],"class_list":{"0":"post-230711","1":"post","2":"type-post","3":"status-publish","4":"format-standard","5":"has-post-thumbnail","7":"category-golf","8":"tag-amancio","9":"tag-campeones","10":"tag-cortinas","11":"tag-deportes","12":"tag-es","13":"tag-espana","14":"tag-footgolf","15":"tag-futbol","16":"tag-gente","17":"tag-golf","18":"tag-junior","19":"tag-masculino","20":"tag-noe","21":"tag-spain","22":"tag-sports"},"share_on_mastodon":{"url":"https:\/\/pubeurope.com\/@es\/115532150217045795","error":""},"_links":{"self":[{"href":"https:\/\/www.europesays.com\/es\/wp-json\/wp\/v2\/posts\/230711","targetHints":{"allow":["GET"]}}],"collection":[{"href":"https:\/\/www.europesays.com\/es\/wp-json\/wp\/v2\/posts"}],"about":[{"href":"https:\/\/www.europesays.com\/es\/wp-json\/wp\/v2\/types\/post"}],"author":[{"embeddable":true,"href":"https:\/\/www.europesays.com\/es\/wp-json\/wp\/v2\/users\/2"}],"replies":[{"embeddable":true,"href":"https:\/\/www.europesays.com\/es\/wp-json\/wp\/v2\/comments?post=230711"}],"version-history":[{"count":0,"href":"https:\/\/www.europesays.com\/es\/wp-json\/wp\/v2\/posts\/230711\/revisions"}],"wp:featuredmedia":[{"embeddable":true,"href":"https:\/\/www.europesays.com\/es\/wp-json\/wp\/v2\/media\/230712"}],"wp:attachment":[{"href":"https:\/\/www.europesays.com\/es\/wp-json\/wp\/v2\/media?parent=230711"}],"wp:term":[{"taxonomy":"category","embeddable":true,"href":"https:\/\/www.europesays.com\/es\/wp-json\/wp\/v2\/categories?post=230711"},{"taxonomy":"post_tag","embeddable":true,"href":"https:\/\/www.europesays.com\/es\/wp-json\/wp\/v2\/tags?post=230711"}],"curies":[{"name":"wp","href":"https:\/\/api.w.org\/{rel}","templated":true}]}}