{"id":230715,"date":"2025-11-11T17:07:11","date_gmt":"2025-11-11T17:07:11","guid":{"rendered":"https:\/\/www.europesays.com\/es\/230715\/"},"modified":"2025-11-11T17:07:11","modified_gmt":"2025-11-11T17:07:11","slug":"el-exblaugrana-pierre-oriola-sonrie-en-mexico-es-un-ganador","status":"publish","type":"post","link":"https:\/\/www.europesays.com\/es\/230715\/","title":{"rendered":"El exblaugrana Pierre Oriola sonr\u00ede en M\u00e9xico: \u00abEs un ganador\u00bb"},"content":{"rendered":"<p class=\"ft-text\">En agosto, <a class=\"ft-link ft-link--decoration\" href=\"https:\/\/www.sport.es\/es\/noticias\/baloncesto\/pierre-oriola-explica-salida-lleida-120351956\" rel=\"nofollow noopener\" target=\"_blank\"><strong>Pierre Oriola<\/strong><\/a><strong> decidi\u00f3 dar un paso importante en su carrera y en su vida.<\/strong> Despu\u00e9s de muchos a\u00f1os en el baloncesto europeo,<strong> sobre todo en Espa\u00f1a<\/strong>, opt\u00f3 por iniciar una nueva aventura fuera del Viejo Continente. Cruzar el charco y probar suerte en otro ambiente. Y as\u00ed fue como <strong>fich\u00f3 por el Fuerza Regia<\/strong>, equipo de la Liga mexicana, y se ha proclamado campe\u00f3n.<\/p>\n<p class=\"ft-text\">El equipo de <strong>Monterrey<\/strong> derrot\u00f3 a los<strong> Diablos Rojos de Ciudad de M\u00e9xico (84-74)<\/strong> en el quinto partido de la serie para acabar ganando la final por 4-1. Es el octavo t\u00edtulo en la carrera de<strong> Oriola<\/strong>, que tuvo una buena actuaci\u00f3n con 8 puntos y 10 rebotes en m\u00e1s de 20 minutos en pista. Es su tercera liga despu\u00e9s de ganarla con el <strong>Valencia Basket (2017) y el Bar\u00e7a (2021).<\/strong><\/p>\n<p class=\"ft-text\">\u00abHe intentado dar el m\u00e1ximo desde el primer d\u00eda. No fue f\u00e1cil. Vine aqu\u00ed a vivir una experiencia y la verdad que han sido tres meses brutales, con un grupo humano que desde el inicio me ha acogido con los brazos abiertos. No me fue f\u00e1cil al principio, porque es una liga muy f\u00edsica, pero gracias a los compa\u00f1eros y al entrenador pude hacerme un hueco y ser importante en toda la serie de playoff\u00bb, coment\u00f3 Oriola despu\u00e9s del encuentro.<\/p>\n<p class=\"ft-text\">Durante sus declaraciones, fue interrumpido por su propio entrenador, Pablo Garc\u00eda, que no dud\u00f3 en elogiar su contribuci\u00f3n. \u00ab<strong>\u00bfHab\u00e9is visto los minutos de Pierre cuando peor estaba el partido? Esa es la garra espa\u00f1ola, un ganador. \u00a1Campe\u00f3n del mundo!\u00bb<\/strong>, declar\u00f3 efusivo el t\u00e9cnico, mientras le echaba una bebida por encima a su jugador.<\/p>\n<p class=\"ft-text\">\u00abEs mi ADN lo que me ha permitido estar durante 16 a\u00f1os en la \u00e9lite y ojal\u00e1 pueda estar algunos a\u00f1os m\u00e1s. <strong>Me encantar\u00eda estar el pr\u00f3ximo a\u00f1o, pero todav\u00eda no lo s\u00e9. Hay que pensar en el d\u00eda a d\u00eda y no en el futuro. Ahora me gustar\u00eda estar con mi familia y acabar la temporada en Espa\u00f1a<\/strong>, y si la pr\u00f3xima tengo la oportunidad de poder volver, no dud\u00e9is de que lo voy a hacer\u00bb, finaliz\u00f3 el jugador nacido en T\u00e0rrega. El catal\u00e1n se ha tatuado incluso un sombrero mexicano y dos chiles.<\/p>\n","protected":false},"excerpt":{"rendered":"En agosto, Pierre Oriola decidi\u00f3 dar un paso importante en su carrera y en su vida. Despu\u00e9s de&hellip;\n","protected":false},"author":2,"featured_media":230716,"comment_status":"","ping_status":"","sticky":false,"template":"","format":"standard","meta":{"footnotes":""},"categories":[269],"tags":[299,2296,298,168,25,24,1906,58618,23,167],"class_list":{"0":"post-230715","1":"post","2":"type-post","3":"status-publish","4":"format-standard","5":"has-post-thumbnail","7":"category-baloncesto","8":"tag-baloncesto","9":"tag-barca","10":"tag-basketball","11":"tag-deportes","12":"tag-es","13":"tag-espana","14":"tag-mexico","15":"tag-pierre-oriola","16":"tag-spain","17":"tag-sports"},"share_on_mastodon":{"url":"https:\/\/pubeurope.com\/@es\/115532165649368782","error":""},"_links":{"self":[{"href":"https:\/\/www.europesays.com\/es\/wp-json\/wp\/v2\/posts\/230715","targetHints":{"allow":["GET"]}}],"collection":[{"href":"https:\/\/www.europesays.com\/es\/wp-json\/wp\/v2\/posts"}],"about":[{"href":"https:\/\/www.europesays.com\/es\/wp-json\/wp\/v2\/types\/post"}],"author":[{"embeddable":true,"href":"https:\/\/www.europesays.com\/es\/wp-json\/wp\/v2\/users\/2"}],"replies":[{"embeddable":true,"href":"https:\/\/www.europesays.com\/es\/wp-json\/wp\/v2\/comments?post=230715"}],"version-history":[{"count":0,"href":"https:\/\/www.europesays.com\/es\/wp-json\/wp\/v2\/posts\/230715\/revisions"}],"wp:featuredmedia":[{"embeddable":true,"href":"https:\/\/www.europesays.com\/es\/wp-json\/wp\/v2\/media\/230716"}],"wp:attachment":[{"href":"https:\/\/www.europesays.com\/es\/wp-json\/wp\/v2\/media?parent=230715"}],"wp:term":[{"taxonomy":"category","embeddable":true,"href":"https:\/\/www.europesays.com\/es\/wp-json\/wp\/v2\/categories?post=230715"},{"taxonomy":"post_tag","embeddable":true,"href":"https:\/\/www.europesays.com\/es\/wp-json\/wp\/v2\/tags?post=230715"}],"curies":[{"name":"wp","href":"https:\/\/api.w.org\/{rel}","templated":true}]}}