{"id":230723,"date":"2025-11-11T17:14:13","date_gmt":"2025-11-11T17:14:13","guid":{"rendered":"https:\/\/www.europesays.com\/es\/230723\/"},"modified":"2025-11-11T17:14:13","modified_gmt":"2025-11-11T17:14:13","slug":"nuevo-corto-julio-de-la-fuente-grado","status":"publish","type":"post","link":"https:\/\/www.europesays.com\/es\/230723\/","title":{"rendered":"NUEVO CORTO JULIO DE LA FUENTE GRADO"},"content":{"rendered":"<p class=\"ft-text\">\u00ab<strong>Alberto<\/strong> y <strong>Rosario<\/strong> no pueden estar m\u00e1s felices. Ambos est\u00e1n <strong>reci\u00e9n jubilados<\/strong> y su hija, Bego\u00f1a, les va a hacer abuelos por primera vez. Todo apunta a que<strong> va a ser una de las \u00e9pocas m\u00e1s plenas de su vida.<\/strong> Pero todo se tuerce cuando <a class=\"ft-link ft-link--decoration\" href=\"https:\/\/www.lne.es\/grado\/2025\/07\/23\/cine-feliz-conmueve-llore-ver-119966521.html\" rel=\"nofollow noopener\" target=\"_blank\">una ca\u00edda de Rosario pone en jaque la vida que hab\u00edan planeado<\/a>. Alberto deber\u00e1, entonces, hacer <strong>acopio de todas sus fuerzas<\/strong> y demostrar hasta donde est\u00e1 dispuesto a llegar por <strong>el inmenso amor<\/strong> que siente por su mujer\u00bb.<\/p>\n<p class=\"ft-text\">Esta es la sinopsis de<a class=\"ft-link ft-link--decoration\" href=\"https:\/\/www.lne.es\/grado\/2025\/03\/09\/cineasta-julio-fuente-rueda-nuevos-115099598.html\" rel=\"nofollow noopener\" target=\"_blank\"> \u00abFr\u00edo oto\u00f1o\u00bb,<\/a> el <strong>nuevo corto<\/strong> del mosc\u00f3n<a class=\"ft-link ft-link--decoration\" href=\"https:\/\/www.lne.es\/grado\/2024\/05\/06\/cine-da-vida-buena-terapia-101975676.html\" rel=\"nofollow noopener\" target=\"_blank\"> Julio de la Fuente<\/a>, que<strong> se estrena<\/strong> en el marco del<strong> Festival de Cine de Gij\u00f3n<\/strong> el pr\u00f3ximo <strong>19 de noviembre a las 20.00 horas <\/strong>en la Laboral<strong>.<\/strong> De la Fuente es <strong>director y guionista<\/strong> de esta obra muy especial para Grado, pues est\u00e1 <strong>basada en la historia de amor real de una pareja de la villa<\/strong>, cuyos nombres verdaderos son <strong>Jose<\/strong> y <strong>Marisol.<\/strong><\/p>\n<p>\u00abAmor verdadero, hasta el final\u00bb<\/p>\n<p class=\"ft-text\">La cinta aborda el tema del <strong>Alzheimer <\/strong>a trav\u00e9s de <strong>hechos reales<\/strong> que, tal y como ha manifestado el propio director, son un ejemplo de \u00abamor verdadero, hasta el final\u00bb.<\/p>\n<p class=\"ft-text\">El corto ha sido seleccionado para el Festival de Cine de Gij\u00f3n en la <strong>secci\u00f3n D\u00eda de Asturias Competici\u00f3n<\/strong>. Est\u00e1 protagonizado por <strong>Jos\u00e9 Arribas<\/strong>, <strong>Maite Men\u00e9ndez<\/strong> y <strong>Santi Blanco<\/strong>. Producido por <strong>La Luna Producciones<\/strong>, ha contado con <strong>Nacho Valle<\/strong> como c\u00e1mara y <strong>Adri\u00e1n Rey<\/strong> como responsable de sonido.<\/p>\n<p>Localizaci\u00f3n en Grado<\/p>\n<p class=\"ft-text\">La cinta se rod\u00f3 en <a class=\"ft-link ft-link--decoration\" href=\"https:\/\/www.lne.es\/videos\/grado\/2024\/10\/08\/pueblo-pelicula-lugar-mercado-antiguo-109077006.html\" rel=\"nofollow noopener\" target=\"_blank\">Grado<\/a> y en Mieres, municipios que han colaborado con esta nueva propuesta del director mosc\u00f3n, que cuenta con una laureada trayectoria de sus pel\u00edculas en festivales de todo el mundo.<\/p>\n<p class=\"ft-text\"><a class=\"ft-link ft-link--decoration\" href=\"https:\/\/www.lne.es\/grado\/2024\/07\/01\/cineasta-julio-fuente-suma-sigue-104707065.html\" rel=\"nofollow noopener\" target=\"_blank\">Una de sus pel\u00edculas<\/a> m\u00e1s premiadas, \u00ab<a class=\"ft-link ft-link--decoration\" href=\"https:\/\/www.lne.es\/videos\/grado\/2025\/10\/15\/obra-julio-fuente-inaugura-proyecciones-122626252.html\" rel=\"nofollow noopener\" target=\"_blank\">El Hogar\u00bb, se vio recientemente en el Centro Cultural de Grado<\/a> para celebrar la inauguraci\u00f3n del <a class=\"ft-link ft-link--decoration\" href=\"https:\/\/www.lne.es\/grado\/2025\/09\/19\/grado-inaugura-anhelado-centro-cultural-121767289.html\" rel=\"nofollow noopener\" target=\"_blank\">equipamiento<\/a>, siendo la <strong>primera en proyectarse <\/strong>en este espacio ubicado en el centro de la villa.<\/p>\n","protected":false},"excerpt":{"rendered":"\u00abAlberto y Rosario no pueden estar m\u00e1s felices. Ambos est\u00e1n reci\u00e9n jubilados y su hija, Bego\u00f1a, les va&hellip;\n","protected":false},"author":2,"featured_media":230724,"comment_status":"","ping_status":"","sticky":false,"template":"","format":"standard","meta":{"footnotes":""},"categories":[169],"tags":[1733,177,146,147,25,24,60423,59319,176,31641,448,2467,11749,175,1257,23],"class_list":{"0":"post-230723","1":"post","2":"type-post","3":"status-publish","4":"format-standard","5":"has-post-thumbnail","7":"category-cine","8":"tag-amor","9":"tag-cine","10":"tag-entertainment","11":"tag-entretenimiento","12":"tag-es","13":"tag-espana","14":"tag-festival-de-cine-de-gijon","15":"tag-ficx","16":"tag-film","17":"tag-grado","18":"tag-historia","19":"tag-jose","20":"tag-marisol","21":"tag-movies","22":"tag-pelicula","23":"tag-spain"},"share_on_mastodon":{"url":"https:\/\/pubeurope.com\/@es\/115532193220627872","error":""},"_links":{"self":[{"href":"https:\/\/www.europesays.com\/es\/wp-json\/wp\/v2\/posts\/230723","targetHints":{"allow":["GET"]}}],"collection":[{"href":"https:\/\/www.europesays.com\/es\/wp-json\/wp\/v2\/posts"}],"about":[{"href":"https:\/\/www.europesays.com\/es\/wp-json\/wp\/v2\/types\/post"}],"author":[{"embeddable":true,"href":"https:\/\/www.europesays.com\/es\/wp-json\/wp\/v2\/users\/2"}],"replies":[{"embeddable":true,"href":"https:\/\/www.europesays.com\/es\/wp-json\/wp\/v2\/comments?post=230723"}],"version-history":[{"count":0,"href":"https:\/\/www.europesays.com\/es\/wp-json\/wp\/v2\/posts\/230723\/revisions"}],"wp:featuredmedia":[{"embeddable":true,"href":"https:\/\/www.europesays.com\/es\/wp-json\/wp\/v2\/media\/230724"}],"wp:attachment":[{"href":"https:\/\/www.europesays.com\/es\/wp-json\/wp\/v2\/media?parent=230723"}],"wp:term":[{"taxonomy":"category","embeddable":true,"href":"https:\/\/www.europesays.com\/es\/wp-json\/wp\/v2\/categories?post=230723"},{"taxonomy":"post_tag","embeddable":true,"href":"https:\/\/www.europesays.com\/es\/wp-json\/wp\/v2\/tags?post=230723"}],"curies":[{"name":"wp","href":"https:\/\/api.w.org\/{rel}","templated":true}]}}