{"id":230750,"date":"2025-11-11T17:33:08","date_gmt":"2025-11-11T17:33:08","guid":{"rendered":"https:\/\/www.europesays.com\/es\/230750\/"},"modified":"2025-11-11T17:33:08","modified_gmt":"2025-11-11T17:33:08","slug":"como-ver-la-obra-maestra-del-artista-italiano-por-tiempo-limitado","status":"publish","type":"post","link":"https:\/\/www.europesays.com\/es\/230750\/","title":{"rendered":"c\u00f3mo ver la obra maestra del artista italiano por tiempo limitado"},"content":{"rendered":"<p>Hace poco m\u00e1s de a\u00f1o y medio, se lo conoc\u00eda como <strong>\u00abEl Caravaggio perdido\u00bb<\/strong>. Apareci\u00f3 en subasta hace cuatro a\u00f1os, atribuida a un alumno de Jos\u00e9 de Ribera, pero el Ministerio de Cultura alert\u00f3 de que la obra se trataba en realidad de una de las 60 \u00fanicas obras conocidas del pintor italiano:\u00a0<strong>Ecce Homo de Caravaggio<\/strong>. Tras\u00a0su salida del <a href=\"https:\/\/www.timeout.es\/madrid\/es\/museos-e-instituciones\/museo-del-prado-gratis\" rel=\"nofollow noopener\" target=\"_blank\">Museo del Prado<\/a>, la joya del arte regresa a la instituci\u00f3n\u00a0por tiempo limitado.<\/p>\n<p>Una obra perdida, recuperada y expuesta<\/p>\n<p class=\"pf0\">El descubrimiento de <strong>la obra de Caravaggio en 2024 fue todo un hito<\/strong> para la Historia del arte. Pintada por el artista italiano hacia 1605-09, el cuadro form\u00f3 parte de la colecci\u00f3n privada de Felipe IV y, durante nueve meses, se pudo ver en la sala 7 del Edificio Villanueva del Museo Nacional del Prado.\u00a0<\/p>\n<p><img decoding=\"async\" id=\"411a8421-c917-14c0-ca9d-471ad9de3d9c\" class=\"photo lazy inline\" loading=\"lazy\" data-component=\"lazy-embed\" src=\"https:\/\/www.europesays.com\/es\/wp-content\/uploads\/2025\/11\/1762882388_915_image.webp.webp\" alt=\"Obras de Caravaggio en el Museo del Prado\" data-caption=\"\" data-credit=\"Obras de Caravaggio en el Museo del Prado\" data-width-class=\"\" data-image-id=\"106341492\"\/>&#13;<br \/>\nObras de Caravaggio en el Museo del Prado&#13;<\/p>\n<p class=\"pf0\">El 28 de mayo de este 2025, la obra abandon\u00f3 la instituci\u00f3n del <strong>Tri\u00e1ngulo del Arte<\/strong> para formar parte de la exposici\u00f3n temporal\u00a0Capodimonte Doppio Caravaggio, en el Museo di Capodimonte. Pero hay una nueva oportunidad para disfrutar de esta\u00a0pintura \u00fanica en el mundo: hasta abril de 2027,\u00a0<strong>Ecce Homo\u00a0vuelve al Prado, a la Sala 7 del Edificio Villanueva<\/strong>.<\/p>\n<p>C\u00f3mo ver\u00a0Ecce Homo de Caravaggio<\/p>\n<p class=\"pf0\">La obra se podr\u00e1 ver expuesta en\u00a0un mismo espacio de dos de las escasas obras conservadas de Caravaggio. As\u00ed, <strong>Ecce Homo podr\u00e1 contemplarse en el Museo del Prado hasta abril de 2027<\/strong> en la sala 7\u00a0del Edificio Villanueva del Museo Nacional del Prado, donde apreciar la evoluci\u00f3n pict\u00f3rica de su autor en apenas una d\u00e9cada de diferencia. <\/p>\n<p><strong>NO TE LO PIERDAS: <a href=\"https:\/\/www.timeout.es\/madrid\/es\/museos-e-instituciones\/museo-del-prado-gratis\" rel=\"nofollow noopener\" target=\"_blank\">Museo del Prado gratis: horarios y cu\u00e1ndo ir<\/a><\/strong><br \/>\n<strong>\u00bfBuscas m\u00e1s planes? \u00a1Inscr\u00edbete en nuestra\u00a0<a href=\"https:\/\/www.timeout.es\/madrid\/es\/newsletter?cid=mad~editorial~acquisition~newsletter~contentlink\" target=\"_blank\" data-saferedirecturl=\"https:\/\/www.google.com\/url?q=https:\/\/www.timeout.es\/madrid\/es\/newsletter?cid%3Dmad~editorial~acquisition~newsletter~contentlink&amp;source=gmail&amp;ust=1715088232784000&amp;usg=AOvVaw1l0Ah0eZexOJldYPoJn4E1\" rel=\"nofollow noopener\">newsletter<\/a>\u00a0y no te pierdas ninguno!<\/strong><\/p>\n","protected":false},"excerpt":{"rendered":"Hace poco m\u00e1s de a\u00f1o y medio, se lo conoc\u00eda como \u00abEl Caravaggio perdido\u00bb. Apareci\u00f3 en subasta hace&hellip;\n","protected":false},"author":2,"featured_media":230751,"comment_status":"","ping_status":"","sticky":false,"template":"","format":"standard","meta":{"footnotes":""},"categories":[173],"tags":[229,233,231,230,28718,232,234,146,147,25,24,28708,28721,28722,28723,28720,23,28716,28715,28712,28711,23423,28714,28713,28717,28709,28719],"class_list":{"0":"post-230750","1":"post","2":"type-post","3":"status-publish","4":"format-standard","5":"has-post-thumbnail","7":"category-arte-y-diseno","8":"tag-arte","9":"tag-arte-y-diseno","10":"tag-arts","11":"tag-arts-and-design","12":"tag-categorias-arte","13":"tag-design","14":"tag-diseno","15":"tag-entertainment","16":"tag-entretenimiento","17":"tag-es","18":"tag-espana","19":"tag-espana-madrid","20":"tag-gay-y-lesbica-good-for-lgbtq","21":"tag-global-kickers-identidad-de-ciudad","22":"tag-global-kickers-los-mejores-barrios","23":"tag-noticias-arte","24":"tag-spain","25":"tag-tema-amantes-de-la-cultura","26":"tag-tema-good-for-a-rainy-day","27":"tag-tema-good-for-couples","28":"tag-tema-good-for-going-with-friends","29":"tag-tema-good-for-locals","30":"tag-tema-good-for-para-llevar-a-turistas","31":"tag-tema-good-for-para-llevar-a-tus-padres","32":"tag-tema-good-for-salida-en-grupo","33":"tag-tema-good-for-salir-solo","34":"tag-tipo-de-actividad-exposiciones-arte-y-museos"},"share_on_mastodon":{"url":"","error":"Validation failed: Text character limit of 500 exceeded"},"_links":{"self":[{"href":"https:\/\/www.europesays.com\/es\/wp-json\/wp\/v2\/posts\/230750","targetHints":{"allow":["GET"]}}],"collection":[{"href":"https:\/\/www.europesays.com\/es\/wp-json\/wp\/v2\/posts"}],"about":[{"href":"https:\/\/www.europesays.com\/es\/wp-json\/wp\/v2\/types\/post"}],"author":[{"embeddable":true,"href":"https:\/\/www.europesays.com\/es\/wp-json\/wp\/v2\/users\/2"}],"replies":[{"embeddable":true,"href":"https:\/\/www.europesays.com\/es\/wp-json\/wp\/v2\/comments?post=230750"}],"version-history":[{"count":0,"href":"https:\/\/www.europesays.com\/es\/wp-json\/wp\/v2\/posts\/230750\/revisions"}],"wp:featuredmedia":[{"embeddable":true,"href":"https:\/\/www.europesays.com\/es\/wp-json\/wp\/v2\/media\/230751"}],"wp:attachment":[{"href":"https:\/\/www.europesays.com\/es\/wp-json\/wp\/v2\/media?parent=230750"}],"wp:term":[{"taxonomy":"category","embeddable":true,"href":"https:\/\/www.europesays.com\/es\/wp-json\/wp\/v2\/categories?post=230750"},{"taxonomy":"post_tag","embeddable":true,"href":"https:\/\/www.europesays.com\/es\/wp-json\/wp\/v2\/tags?post=230750"}],"curies":[{"name":"wp","href":"https:\/\/api.w.org\/{rel}","templated":true}]}}