{"id":230781,"date":"2025-11-11T17:56:09","date_gmt":"2025-11-11T17:56:09","guid":{"rendered":"https:\/\/www.europesays.com\/es\/230781\/"},"modified":"2025-11-11T17:56:09","modified_gmt":"2025-11-11T17:56:09","slug":"el-proyecto-ganador-del-memorial-de-cuelgamuros","status":"publish","type":"post","link":"https:\/\/www.europesays.com\/es\/230781\/","title":{"rendered":"El proyecto ganador del memorial de Cuelgamuros"},"content":{"rendered":"<p>        <img decoding=\"async\" class=\"graf-image\" src=\"https:\/\/www.europesays.com\/es\/wp-content\/uploads\/2025\/11\/av_medium__av_303899.jpeg\" data-db-id=\"303899\" src-normal=\"\/assets\/uploads\/articulos\/82950\/av_medium__av_303899.jpeg\" src-full=\"\/assets\/uploads\/articulos\/82950\/av_303899.jpeg\" title=\"El proyecto ganador para resignificar el Valle de los Ca\u00eddos\"\/><\/p>\n<p class=\"mdm_block\">El proyecto \u2018La base y la cruz\u2019 ha sido elegido ganador del concurso internacional convocado por el Gobierno de Espa\u00f1a para resignificar el Valle de Cuelgamuros, antiguo Valle de los Ca\u00eddos, en el marco de la Ley de Memoria Democr\u00e1tica. La iniciativa busca transformar este conjunto monumental, situado en San Lorenzo de El Escorial (Madrid), en un espacio de memoria colectiva, encuentro y conciliaci\u00f3n, sin alterar su condici\u00f3n como la mayor fosa com\u00fan de Espa\u00f1a, que a\u00fan conserva los restos de casi de 34.000 v\u00edctimas de la Guerra Civil.\u00a0Las propuestas se presentaron de manera an\u00f3nima, y la identidad del equipo ganador se har\u00e1 p\u00fablica pr\u00f3ximamente.<\/p>\n<p class=\"mdm_block\">El jurado, presidido por I\u00f1aqui Carnicero, y entre cuyos miembros se encontraban David Chipperfield, Mar\u00eda Langarita y Fuensanta Nieto, as\u00ed como la artista Cristina Iglesias, seleccion\u00f3 la propuesta que prev\u00e9 la creaci\u00f3n de un centro de interpretaci\u00f3n y la demolici\u00f3n de la escalinata de acceso e incorporar\u00e1 elementos simb\u00f3licos capaces de redefinir el espacio: una gran grieta que rompe la axialidad tradicional del conjunto y un c\u00edrculo abierto al cielo que se convierte en el nuevo umbral de acceso a la bas\u00edlica.<\/p>\n<p class=\"mdm_block\">La gran cruz de piedra de 150 metros en el exterior de Cuelgamuros se mantendr\u00e1, ya que el Gobierno la considera clave para recordar el origen del monumento franquista, donde estuvo enterrado Franco hasta 2019. La bas\u00edlica seguir\u00e1 destinada al culto, con cambios interiores limitados a algunos paneles para resignificar el espacio.<\/p>\n<p class=\"mdm_block\">Las obras de transformaci\u00f3n comenzar\u00e1n, como pronto, en 2027, con un plazo de cuatro a\u00f1os y un presupuesto de 26 millones de euros, m\u00e1s 4 millones adicionales en honorarios para el proyecto ganador del concurso.<\/p>\n","protected":false},"excerpt":{"rendered":"El proyecto \u2018La base y la cruz\u2019 ha sido elegido ganador del concurso internacional convocado por el Gobierno&hellip;\n","protected":false},"author":2,"featured_media":230782,"comment_status":"","ping_status":"","sticky":false,"template":"","format":"standard","meta":{"footnotes":""},"categories":[173],"tags":[229,233,231,230,232,234,146,147,25,24,23],"class_list":{"0":"post-230781","1":"post","2":"type-post","3":"status-publish","4":"format-standard","5":"has-post-thumbnail","7":"category-arte-y-diseno","8":"tag-arte","9":"tag-arte-y-diseno","10":"tag-arts","11":"tag-arts-and-design","12":"tag-design","13":"tag-diseno","14":"tag-entertainment","15":"tag-entretenimiento","16":"tag-es","17":"tag-espana","18":"tag-spain"},"share_on_mastodon":{"url":"https:\/\/pubeurope.com\/@es\/115532358368217959","error":""},"_links":{"self":[{"href":"https:\/\/www.europesays.com\/es\/wp-json\/wp\/v2\/posts\/230781","targetHints":{"allow":["GET"]}}],"collection":[{"href":"https:\/\/www.europesays.com\/es\/wp-json\/wp\/v2\/posts"}],"about":[{"href":"https:\/\/www.europesays.com\/es\/wp-json\/wp\/v2\/types\/post"}],"author":[{"embeddable":true,"href":"https:\/\/www.europesays.com\/es\/wp-json\/wp\/v2\/users\/2"}],"replies":[{"embeddable":true,"href":"https:\/\/www.europesays.com\/es\/wp-json\/wp\/v2\/comments?post=230781"}],"version-history":[{"count":0,"href":"https:\/\/www.europesays.com\/es\/wp-json\/wp\/v2\/posts\/230781\/revisions"}],"wp:featuredmedia":[{"embeddable":true,"href":"https:\/\/www.europesays.com\/es\/wp-json\/wp\/v2\/media\/230782"}],"wp:attachment":[{"href":"https:\/\/www.europesays.com\/es\/wp-json\/wp\/v2\/media?parent=230781"}],"wp:term":[{"taxonomy":"category","embeddable":true,"href":"https:\/\/www.europesays.com\/es\/wp-json\/wp\/v2\/categories?post=230781"},{"taxonomy":"post_tag","embeddable":true,"href":"https:\/\/www.europesays.com\/es\/wp-json\/wp\/v2\/tags?post=230781"}],"curies":[{"name":"wp","href":"https:\/\/api.w.org\/{rel}","templated":true}]}}