{"id":230801,"date":"2025-11-11T18:08:27","date_gmt":"2025-11-11T18:08:27","guid":{"rendered":"https:\/\/www.europesays.com\/es\/230801\/"},"modified":"2025-11-11T18:08:27","modified_gmt":"2025-11-11T18:08:27","slug":"el-proyecto-que-resignificara-el-valle-de-cuelgamuros-mantendra-la-piedad-las-virtudes-y-los-cuatro-evangelistas-de-la-cruz","status":"publish","type":"post","link":"https:\/\/www.europesays.com\/es\/230801\/","title":{"rendered":"El proyecto que resignificar\u00e1 el Valle de Cuelgamuros mantendr\u00e1 La Piedad, las virtudes y los cuatro evangelistas de la Cruz"},"content":{"rendered":"<p style=\"\">&#8216;La base y la cruz&#8217;. Ese el nombre del proyecto escogido este martes como ganador del concurso convocado por el Gobierno para resignificar el Valle de Cuelgamuros\u2014el antiguo Valle de los Ca\u00eddos\u2014. Entre los cambios, se eliminar\u00e1 la escalinata de acceso a la  &#8230; bas\u00edlica y se crear\u00e1 un \u00abcentro de interpretaci\u00f3n\u00bb. En la maqueta presentada, adem\u00e1s, aparece una \u00abgran grieta\u00bb que se extender\u00e1 de lado a lado por toda la explana del recinto. <\/p>\n<p class=\"voc-p\" style=\"\">Pese a las modificaciones, tanto el Ministerio de Vivienda como el Arzobispado de Madrid confirman a ABC que se conservar\u00e1 el monumental conjunto escult\u00f3rico que acompa\u00f1a a la gran Cruz, formado por La Piedad, las virtudes y los cuatro evangelistas. \u00abNo se va a retirar nada: se contextualiza, se mejora el entorno y se integra mejor, pero no se va a profanar\u00bb, aseguran, subrayando adem\u00e1s que la Iglesia \u00abha colaborado\u00bb en todo momento en la elecci\u00f3n del proyecto.<\/p>\n<p class=\"voc-p\" style=\"\">Por su parte, este martes el secretario general de Agenda Urbana, I\u00f1aqui Carnicero, ha explicado que la propuesta ganadora ha sido seleccionada por<strong> su \u00abvalent\u00eda\u00bb<\/strong> a la hora de enfrentarse a la monumentalidad del conjunto existente.<\/p>\n<p class=\"voc-p\" style=\"\">\u00abEs un proyecto que con bastante valent\u00eda se enfrenta a la monumentalidad del conjunto existente. Propone una nueva visi\u00f3n de este conjunto monumental donde se definen los l\u00edmites, donde se da m\u00e1s protagonismo a la naturaleza, hacia la arquitectura y donde se rompe la axialidad que tanto hab\u00eda caracterizado este monumento para producir una gran sombra, una <strong>gran grieta que facilita el encuentro,<\/strong> que invita al di\u00e1logo y que invita a una visi\u00f3n m\u00e1s plural, m\u00e1s democr\u00e1tica, donde se incluyan muchas perspectivas\u00bb, ha asegurado.<\/p>\n<p class=\"voc-p\" style=\"\">Asimismo, ha explicado que, a trav\u00e9s de <strong>una \u00abgran losa\u00bb<\/strong>, el p\u00fablico acceder\u00e1 a un c\u00edrculo \u00ababierto al cielo\u00bb que permite \u00abreorganizar las circulaciones\u00bb y desde el cual se entrar\u00e1 al interior de la bas\u00edlica, que se le har\u00e1n \u00abintervenciones m\u00ednimas\u00bb.<\/p>\n<p><img decoding=\"async\" loading=\"lazy\" src=\"https:\/\/www.europesays.com\/es\/wp-content\/uploads\/2025\/11\/maqueta-caidos-U73543360513Yol-760x427@diario_abc.jpg\" class=\"voc-img\" width=\"760\" height=\"427\" alt=\"Maqueta del proyecto 'La base y la cruz'\" data-voc-vtm-id=\"in-text-traffic\"\/><\/p>\n<p>Maqueta del proyecto &#8216;La base y la cruz&#8217;<\/p>\n<p class=\"voc-p\" style=\"\">El 27 de marzo de este a\u00f1o el Gobierno anunci\u00f3 que gastar\u00eda 30 millones de euros en la resignificaci\u00f3n del Valle de los Ca\u00eddos, de los cuales 4 millones ser\u00edan para el concurso de ideas y la redacci\u00f3n del proyecto y 26 millones, para toda la resignificaci\u00f3n, la museograf\u00eda y la construcci\u00f3n del museo o centro de interpretaci\u00f3n.<\/p>\n<p class=\"voc-p\" style=\"\">El objetivo de este concurso, seg\u00fan el Ejecutivo, es resignificar el conjunto monumental y su entorno desde \u00abuna triple dimensi\u00f3n, art\u00edstica, arquitect\u00f3nica y paisaj\u00edstica\u00bb, y dar al Valle de Cuelgamuros \u00abuna mirada plural, inclusiva y contempor\u00e1nea\u00bb mediante una intervenci\u00f3n \u00abrespetuosa\u00bb con quien all\u00ed est\u00e1 inhumado, \u00absostenible y consciente de su legado\u00bb. En definitiva, lo imaginan como un lugar de \u00abencuentro, lleno de actividad y de gente\u00bb.<\/p>\n","protected":false},"excerpt":{"rendered":"&#8216;La base y la cruz&#8217;. Ese el nombre del proyecto escogido este martes como ganador del concurso convocado&hellip;\n","protected":false},"author":2,"featured_media":230802,"comment_status":"","ping_status":"","sticky":false,"template":"","format":"standard","meta":{"footnotes":""},"categories":[5],"tags":[17,18,60431,24983,25,10558,24,13,14,3956,60430,11,19,20,9,10,15,16,40340,23,12,9746,21,22,2123],"class_list":{"0":"post-230801","1":"post","2":"type-post","3":"status-publish","4":"format-standard","5":"has-post-thumbnail","7":"category-titulares","8":"tag-breaking-news","9":"tag-breakingnews","10":"tag-caidos","11":"tag-dialogo","12":"tag-es","13":"tag-espacio","14":"tag-espana","15":"tag-featured-news","16":"tag-featurednews","17":"tag-gran","18":"tag-grieta","19":"tag-headlines","20":"tag-latest-news","21":"tag-latestnews","22":"tag-news","23":"tag-noticias","24":"tag-noticias-destacadas","25":"tag-noticiasdestacadas","26":"tag-pluralidad","27":"tag-spain","28":"tag-titulares","29":"tag-transformara","30":"tag-ultimas-noticias","31":"tag-ultimasnoticias","32":"tag-valle"},"share_on_mastodon":{"url":"https:\/\/pubeurope.com\/@es\/115532405469656868","error":""},"_links":{"self":[{"href":"https:\/\/www.europesays.com\/es\/wp-json\/wp\/v2\/posts\/230801","targetHints":{"allow":["GET"]}}],"collection":[{"href":"https:\/\/www.europesays.com\/es\/wp-json\/wp\/v2\/posts"}],"about":[{"href":"https:\/\/www.europesays.com\/es\/wp-json\/wp\/v2\/types\/post"}],"author":[{"embeddable":true,"href":"https:\/\/www.europesays.com\/es\/wp-json\/wp\/v2\/users\/2"}],"replies":[{"embeddable":true,"href":"https:\/\/www.europesays.com\/es\/wp-json\/wp\/v2\/comments?post=230801"}],"version-history":[{"count":0,"href":"https:\/\/www.europesays.com\/es\/wp-json\/wp\/v2\/posts\/230801\/revisions"}],"wp:featuredmedia":[{"embeddable":true,"href":"https:\/\/www.europesays.com\/es\/wp-json\/wp\/v2\/media\/230802"}],"wp:attachment":[{"href":"https:\/\/www.europesays.com\/es\/wp-json\/wp\/v2\/media?parent=230801"}],"wp:term":[{"taxonomy":"category","embeddable":true,"href":"https:\/\/www.europesays.com\/es\/wp-json\/wp\/v2\/categories?post=230801"},{"taxonomy":"post_tag","embeddable":true,"href":"https:\/\/www.europesays.com\/es\/wp-json\/wp\/v2\/tags?post=230801"}],"curies":[{"name":"wp","href":"https:\/\/api.w.org\/{rel}","templated":true}]}}