{"id":230811,"date":"2025-11-11T18:19:13","date_gmt":"2025-11-11T18:19:13","guid":{"rendered":"https:\/\/www.europesays.com\/es\/230811\/"},"modified":"2025-11-11T18:19:13","modified_gmt":"2025-11-11T18:19:13","slug":"la-rehabilitacion-del-museo-de-esculturas-al-aire-libre-de-alcala-de-henares-entra-en-su-recta-final","status":"publish","type":"post","link":"https:\/\/www.europesays.com\/es\/230811\/","title":{"rendered":"La rehabilitaci\u00f3n del Museo de Esculturas al Aire Libre de Alcal\u00e1 de Henares entra en su recta final"},"content":{"rendered":"<p>La rehabilitaci\u00f3n del Museo de Esculturas al Aire Libre en pleno Casco Hist\u00f3rico de la ciudad ya ha entrado en su fase final con la colocaci\u00f3n de las piezas restauradas en el itinerario que, como novedad, recorre distintos espacios del casco urbano (como el Huerto de los Leones, calle San Juan, Puerta Madrid, plazas de las Bernardas y de Palacio, calle Madre de Dios\u2026), adem\u00e1s de bordear la Muralla de la ciudad.<\/p>\n<p>Este plan de sostenibilidad conlleva asimismo toda la eficiencia energ\u00e9tica de la Muralla, que entre otras acciones, contempla una nueva iluminaci\u00f3n ornamental que pondr\u00e1 de relieve la importancia hist\u00f3rica y monumental de la misma.<\/p>\n<p>La teniente de alcaldesa y concejal de Turismo, Isabel Ruiz Maldonado, ha explicado que \u00abSe trata de un museo vivo, integrado en el espacio p\u00fablico y pensado para ser disfrutado paseando\u00bb.<\/p>\n<p>\u00abAdem\u00e1s de la restauraci\u00f3n y reubicaci\u00f3n de las esculturas, este proyecto incluye la renovaci\u00f3n completa de la iluminaci\u00f3n ornamental de la Muralla, con criterios de eficiencia energ\u00e9tica y conservaci\u00f3n. Esto nos va a permitir realzar su valor patrimonial y, al mismo tiempo, reducir consumos y mejorar su mantenimiento a largo plazo\u00bb, ha afirmado.<\/p>\n<p><img fetchpriority=\"high\" decoding=\"async\" width=\"1024\" height=\"576\" data-id=\"300151\" src=\"https:\/\/www.europesays.com\/es\/wp-content\/uploads\/2025\/11\/esculturas_airelibre-1-1024x576.jpg\" alt=\"\" class=\"wp-image-300151\"  \/><\/p>\n<p><img loading=\"lazy\" decoding=\"async\" width=\"1024\" height=\"576\" data-id=\"300152\" src=\"https:\/\/www.europesays.com\/es\/wp-content\/uploads\/2025\/11\/esculturas_airelibre-2-1024x576.jpg\" alt=\"\" class=\"wp-image-300152\"  \/><\/p>\n<p>Una inversi\u00f3n de dos millones<\/p>\n<p>Con una inversi\u00f3n aproximada de dos millones de euros para todo el plan, la Muralla de la ciudad ver\u00e1 renovada toda la iluminaci\u00f3n y otros aspectos que tienen que ver con la eficiencia energ\u00e9tica, muy importantes para su mantenimiento y conservaci\u00f3n.<\/p>\n<p>Estas actuaciones est\u00e1n financiadas al cien por cien con fondos europeos y supone la puesta en valor de una colecci\u00f3n de arte, establecer un circuito tur\u00edstico sobre las obras y afianzar las posibilidades promocionales de la ciudad con una colecci\u00f3n de alto valor cultural, art\u00edstico y contempor\u00e1neo.<\/p>\n<p>Direcci\u00f3n art\u00edstica de Jorge Varas<\/p>\n<p>Esta remodelaci\u00f3n ha contado con un plantel t\u00e9cnico muy destacado y mantiene la direcci\u00f3n art\u00edstica de Jorge Varas, escultor alcala\u00edno que forma parte de la colecci\u00f3n y que es doctor en Bellas Artes de la Universidad Complutense de Madrid.<\/p>\n<p>En torno a su proyecto de remodelaci\u00f3n art\u00edstica se ha establecido un nuevo circuito de las esculturas que se integrar\u00e1 en el centro de turismo inteligente de la ciudad y que ser\u00e1 uno de los grandes exponentes del Destino Tur\u00edstico Inteligente de la ciudad de Alcal\u00e1.<\/p>\n<p><img loading=\"lazy\" decoding=\"async\" width=\"1024\" height=\"586\" data-id=\"300150\" src=\"https:\/\/www.europesays.com\/es\/wp-content\/uploads\/2025\/11\/esculturas_airelibre-3-1024x586.jpg\" alt=\"\" class=\"wp-image-300150\"  \/><\/p>\n<p><img loading=\"lazy\" decoding=\"async\" width=\"1024\" height=\"693\" data-id=\"300154\" src=\"https:\/\/www.europesays.com\/es\/wp-content\/uploads\/2025\/11\/esculturas_airelibre-4-1024x693.jpg\" alt=\"\" class=\"wp-image-300154\"  \/><\/p>\n<p>Colocaci\u00f3n de las esculturas restauradas<\/p>\n<p>En los \u00faltimos d\u00edas, se han comenzado a colocar las esculturas restauradas en las nuevas ubicaciones del centro de la ciudad. Con este proyecto se pone en valor una colecci\u00f3n de arte contempor\u00e1neo muy importante, con escultores como Pablo Serrano, M\u00e1ximo Trueba, Venancio Blanco, Amadeo Gabino, \u00darculo o el propio Jorge Varas; m\u00e1s de 50 autores que reflejar\u00e1n en los rincones del Casco Hist\u00f3rico un proyecto art\u00edstico que hab\u00eda quedado descontextualizado en la V\u00eda Complutense, debido al crecimiento y nuevos usos estanciales del Casco Hist\u00f3rico de la ciudad.<\/p>\n<p>El planteamiento del escultor alcala\u00edno Jorge Varas establece un s\u00f3lido discurso art\u00edstico de las piezas esculturales con sus nuevos emplazamientos en el citado circuito y en el Huerto de los Leones, que tambi\u00e9n acoger\u00e1 parte de los nuevos itinerarios de MUSEAL, el Museo de Esculturas al Aire Libre de Alcal\u00e1 de Henares, que pone en valor el espacio p\u00fablico y la obra de arte, como elementos esenciales de la Ciudad Patrimonio de la Humanidad.<\/p>\n<p><img loading=\"lazy\" decoding=\"async\" width=\"1024\" height=\"608\" data-id=\"300155\" src=\"https:\/\/www.europesays.com\/es\/wp-content\/uploads\/2025\/11\/esculturas_airelibre-5-1024x608.jpg\" alt=\"\" class=\"wp-image-300155\"  \/><\/p>\n<p><img loading=\"lazy\" decoding=\"async\" width=\"1024\" height=\"576\" data-id=\"300153\" src=\"https:\/\/www.europesays.com\/es\/wp-content\/uploads\/2025\/11\/esculturas_airelibre-7-1024x576.jpg\" alt=\"\" class=\"wp-image-300153\"  \/><\/p>\n<p>Una colecci\u00f3n de arte\u00a0ampliada<\/p>\n<p>Este proyecto supone un salto de calidad sobre el valor cultural del Patrimonio del Siglo XX y del siglo XXI con una colecci\u00f3n de arte que se va a ver ampliada con algunas piezas m\u00e1s y que agrupan varios estilos y t\u00e9cnicas, que van desde el arte figurativo, el cubismo o el conceptualismo hasta el abstracto.<\/p>\n<p>Forma parte de los fondos europeos gestionados por el Ministerio de Turismo a trav\u00e9s de la Direcci\u00f3n General de Turismo de la Comunidad de Madrid mediante el Plan Regional de Sostenibilidad Tur\u00edstico. El Ayuntamiento de Alcal\u00e1, entidad ejecutora del plan, afronta la \u00faltima etapa de este proyecto que aporta un salto cualitativo a la cultura y el turismo del destino de Alcal\u00e1 de Henares.<\/p>\n<p> <strong>Sigue disfrutando de Dream Alcal\u00e1:<\/strong><\/p>\n<ul>\n<li><strong>Telegram:<\/strong> Recibe nuestras noticias y contenido exclusivo (<a href=\"https:\/\/t.me\/DreamAlcala\" target=\"_blank&quot;\" rel=\"nofollow\">clic aqu\u00ed<\/a>).<\/li>\n<li><strong>Newsletter:<\/strong> Recibe cada tarde un correo con nuestras \u00faltimas noticias (<a href=\"https:\/\/www.dream-alcala.com\/suscribete-a-dream-alcala\/\" rel=\"nofollow noopener\" target=\"_blank\">clic aqu\u00ed<\/a>). <\/li>\n<li><strong>YouTube:<\/strong> Suscr\u00edbete para ver nuestros mejores v\u00eddeos (<a href=\"https:\/\/www.youtube.com\/dreamalcala?sub_confirmation=1\" target=\"_blank&quot;\" rel=\"nofollow noopener\">clic aqu\u00ed<\/a>).<\/li>\n<\/ul>\n<p><a href=\"http:\/\/bit.ly\/TelegramRedaccion\" rel=\"nofollow noopener\" target=\"_blank\"><img decoding=\"async\" align=\"left\" src=\"https:\/\/www.europesays.com\/es\/wp-content\/uploads\/2025\/07\/Telegram_logo_20x20.png\"\/><\/a><strong>\u00a0S\u00e9 t\u00fa el periodista:<\/strong> env\u00edanos tus fotos o noticias <a href=\"http:\/\/bit.ly\/TelegramRedaccion\" rel=\"nofollow noopener\" target=\"_blank\">a trav\u00e9s de Telegram<\/a>.Nos encantar\u00eda conocer tu opini\u00f3n:<\/p>\n","protected":false},"excerpt":{"rendered":"La rehabilitaci\u00f3n del Museo de Esculturas al Aire Libre en pleno Casco Hist\u00f3rico de la ciudad ya ha&hellip;\n","protected":false},"author":2,"featured_media":230812,"comment_status":"","ping_status":"","sticky":false,"template":"","format":"standard","meta":{"footnotes":""},"categories":[173],"tags":[229,233,231,230,232,234,146,147,25,24,23],"class_list":{"0":"post-230811","1":"post","2":"type-post","3":"status-publish","4":"format-standard","5":"has-post-thumbnail","7":"category-arte-y-diseno","8":"tag-arte","9":"tag-arte-y-diseno","10":"tag-arts","11":"tag-arts-and-design","12":"tag-design","13":"tag-diseno","14":"tag-entertainment","15":"tag-entretenimiento","16":"tag-es","17":"tag-espana","18":"tag-spain"},"share_on_mastodon":{"url":"https:\/\/pubeurope.com\/@es\/115532448992005991","error":""},"_links":{"self":[{"href":"https:\/\/www.europesays.com\/es\/wp-json\/wp\/v2\/posts\/230811","targetHints":{"allow":["GET"]}}],"collection":[{"href":"https:\/\/www.europesays.com\/es\/wp-json\/wp\/v2\/posts"}],"about":[{"href":"https:\/\/www.europesays.com\/es\/wp-json\/wp\/v2\/types\/post"}],"author":[{"embeddable":true,"href":"https:\/\/www.europesays.com\/es\/wp-json\/wp\/v2\/users\/2"}],"replies":[{"embeddable":true,"href":"https:\/\/www.europesays.com\/es\/wp-json\/wp\/v2\/comments?post=230811"}],"version-history":[{"count":0,"href":"https:\/\/www.europesays.com\/es\/wp-json\/wp\/v2\/posts\/230811\/revisions"}],"wp:featuredmedia":[{"embeddable":true,"href":"https:\/\/www.europesays.com\/es\/wp-json\/wp\/v2\/media\/230812"}],"wp:attachment":[{"href":"https:\/\/www.europesays.com\/es\/wp-json\/wp\/v2\/media?parent=230811"}],"wp:term":[{"taxonomy":"category","embeddable":true,"href":"https:\/\/www.europesays.com\/es\/wp-json\/wp\/v2\/categories?post=230811"},{"taxonomy":"post_tag","embeddable":true,"href":"https:\/\/www.europesays.com\/es\/wp-json\/wp\/v2\/tags?post=230811"}],"curies":[{"name":"wp","href":"https:\/\/api.w.org\/{rel}","templated":true}]}}