{"id":230819,"date":"2025-11-11T18:24:09","date_gmt":"2025-11-11T18:24:09","guid":{"rendered":"https:\/\/www.europesays.com\/es\/230819\/"},"modified":"2025-11-11T18:24:09","modified_gmt":"2025-11-11T18:24:09","slug":"laliga-denuncia-canticos-cornudo-cornudo-contra-lamine-yamal-en-el-partido-contra-el-celta","status":"publish","type":"post","link":"https:\/\/www.europesays.com\/es\/230819\/","title":{"rendered":"LaLiga denuncia c\u00e1nticos \u00abcornudo, cornudo\u00bb contra Lamine Yamal en el partido contra el Celta"},"content":{"rendered":"<p>11\/11\/2025<br \/>\n<br \/><strong><br \/>\nActualizado a las 18:38h.<br \/>\n<\/strong><\/p>\n<p class=\"voc-p\" style=\"\">LaLiga ha denunciado los c\u00e1nticos de \u00abcornudo, cornudo\u00bb que fueron proferidos contra Lamine Yamal en el duelo de la duod\u00e9cima jornada entre el<a href=\"https:\/\/www.abc.es\/deportes\/futbol\/barca-ataca-bien-sobrevive-flick-20251109231231-nt.html\" title=\"www.abc.es\" data-voc-vtm-id=\"in-text-traffic\" data-mrf-link=\"www.abc.es\" rel=\"nofollow noopener\" target=\"_blank\"> Celta de Vigo y el F\u00fatbol Club Barcelona<\/a>.<\/p>\n<p class=\"voc-p\" style=\"\">En el escrito presentado ante el Comit\u00e9 de Competici\u00f3n y ante la Comisi\u00f3n  &#8230; Antiviolencia, asegura que los c\u00e1nticos se produjeron durante aproximadamente <strong>10 segundos en el descuento de la primera mitad<\/strong>.<\/p>\n<p class=\"voc-p\" style=\"\">LaLiga tambi\u00e9n recogi\u00f3 que los aficionados del Celta de Vigo cantaron varias veces <strong>\u00abp\u00edsalo, p\u00edsalo\u00bb<\/strong> contra el futbolista cul\u00e9 en las postrimer\u00edas del encuentro. La primera se produjo en el minuto 81 y la segunda en el 90 de partido.<\/p>\n<p>\nC\u00e1nticos denunciados en m\u00e1s partidos\n<\/p>\n<p class=\"voc-p\" style=\"\">Adem\u00e1s, LaLiga tambi\u00e9n denunci\u00f3 insultos de los aficiones locales en otros partidos de Primera Divisi\u00f3n. Durante el Sevilla &#8211; Osasuna cantaron contra los jugadores visitantes y el \u00e1rbitro. En el Rayo Vallecano &#8211; Real Madrid cantaron contra los futbolistas de Xabi Alonso y en el Valencia &#8211; Betis se recogieron c\u00e1nticos contra el conjunto verdiblanco y varios de sus jugadores.<\/p>\n<p class=\"voc-p\" style=\"\">As\u00edmismo, tambi\u00e9n se registraron incidentes de esta \u00edndole en varios encuentros de Segunda Divisi\u00f3n. El C\u00e1diz &#8211; Valladolid, el Deportivo de la Coru\u00f1a &#8211; Cultural Leonesa y el Huesca &#8211; Andorara estuvieron marcados por este tipo de acciones.<\/p>\n<p>\nArt\u00edculo solo para suscriptores\n<\/p>\n<p>Reportar un error<\/p>\n","protected":false},"excerpt":{"rendered":"11\/11\/2025 Actualizado a las 18:38h. LaLiga ha denunciado los c\u00e1nticos de \u00abcornudo, cornudo\u00bb que fueron proferidos contra Lamine&hellip;\n","protected":false},"author":2,"featured_media":230820,"comment_status":"","ping_status":"","sticky":false,"template":"","format":"standard","meta":{"footnotes":""},"categories":[93],"tags":[46595,290,60432,6775,168,25,24,288,11680,1045,23,167,14780],"class_list":{"0":"post-230819","1":"post","2":"type-post","3":"status-publish","4":"format-standard","5":"has-post-thumbnail","7":"category-deportes","8":"tag-canticos","9":"tag-celta","10":"tag-cornudo","11":"tag-denuncia","12":"tag-deportes","13":"tag-es","14":"tag-espana","15":"tag-laliga","16":"tag-lamine","17":"tag-partido","18":"tag-spain","19":"tag-sports","20":"tag-yamal"},"share_on_mastodon":{"url":"https:\/\/pubeurope.com\/@es\/115532468422663250","error":""},"_links":{"self":[{"href":"https:\/\/www.europesays.com\/es\/wp-json\/wp\/v2\/posts\/230819","targetHints":{"allow":["GET"]}}],"collection":[{"href":"https:\/\/www.europesays.com\/es\/wp-json\/wp\/v2\/posts"}],"about":[{"href":"https:\/\/www.europesays.com\/es\/wp-json\/wp\/v2\/types\/post"}],"author":[{"embeddable":true,"href":"https:\/\/www.europesays.com\/es\/wp-json\/wp\/v2\/users\/2"}],"replies":[{"embeddable":true,"href":"https:\/\/www.europesays.com\/es\/wp-json\/wp\/v2\/comments?post=230819"}],"version-history":[{"count":0,"href":"https:\/\/www.europesays.com\/es\/wp-json\/wp\/v2\/posts\/230819\/revisions"}],"wp:featuredmedia":[{"embeddable":true,"href":"https:\/\/www.europesays.com\/es\/wp-json\/wp\/v2\/media\/230820"}],"wp:attachment":[{"href":"https:\/\/www.europesays.com\/es\/wp-json\/wp\/v2\/media?parent=230819"}],"wp:term":[{"taxonomy":"category","embeddable":true,"href":"https:\/\/www.europesays.com\/es\/wp-json\/wp\/v2\/categories?post=230819"},{"taxonomy":"post_tag","embeddable":true,"href":"https:\/\/www.europesays.com\/es\/wp-json\/wp\/v2\/tags?post=230819"}],"curies":[{"name":"wp","href":"https:\/\/api.w.org\/{rel}","templated":true}]}}