{"id":230828,"date":"2025-11-11T18:29:07","date_gmt":"2025-11-11T18:29:07","guid":{"rendered":"https:\/\/www.europesays.com\/es\/230828\/"},"modified":"2025-11-11T18:29:07","modified_gmt":"2025-11-11T18:29:07","slug":"von-der-leyen-quiere-su-propio-servicio-secreto-de-espionaje-para-la-ue","status":"publish","type":"post","link":"https:\/\/www.europesays.com\/es\/230828\/","title":{"rendered":"Von der Leyen quiere su propio servicio secreto de espionaje para la UE"},"content":{"rendered":"<p>\n  Por&amp;nbsp<b>Euronews<\/b>\n<\/p>\n<p>\n         Publicado<br \/>\n            11\/11\/2025 &#8211; 19:11 CET\n            <\/p>\n<p><a href=\"https:\/\/es.euronews.com\/my-europe\/2025\/10\/09\/los-servicios-secretos-de-orban-mantenian-una-red-de-espionaje-en-bruselas-segun-una-inves\" rel=\"nofollow noopener\" target=\"_blank\">Ursula von der Leyen se propone crear su propio servicio de inteligencia<\/a>, que recopilar\u00e1 informaci\u00f3n de los servicios de inteligencia nacionales de los Estados miembros, de acuerdo con el &#8216;Financial Times&#8217;.<\/p>\n<p>Oficialmente, el objetivo es hacer un \u00abmejor uso operativo\u00bb de los datos existentes. Entre bastidores, sin embargo, los diplom\u00e1ticos de la UE ven sobre todo <strong>un nuevo aumento de poder para la Comisi\u00f3n y su presidenta.<\/strong> Aunque la c\u00e9lula de inteligencia, que la Comisi\u00f3n califica a\u00fan de incipiente, trabajar\u00eda en estrecha colaboraci\u00f3n con el Servicio Europeo de Acci\u00f3n Exterior, tambi\u00e9n podr\u00eda significar menos influencia para la jefa de la diplomacia de la UE, Kaja Kallas. <\/p>\n<p>La presidenta de la Comisi\u00f3n Europea quiere ampliar su influencia<\/p>\n<p>La medida llega en un momento delicado para la Uni\u00f3n Europea. La guerra en Ucrania y las amenazas de Donald Trump de restringir las garant\u00edas de seguridad estadounidenses y el intercambio de informaci\u00f3n sensible de inteligencia con Europa han provocado un replanteamiento en varios sectores de Bruselas. \u00ab<a href=\"https:\/\/es.euronews.com\/video\/2025\/10\/14\/mi5-advierte-de-la-amenaza-de-espionaje-de-china-rusia\" rel=\"nofollow noopener\" target=\"_blank\">Europa quiere ser m\u00e1s independiente<\/a>, tambi\u00e9n en el \u00e1mbito de las labores de inteligencia\u00bb, explica un funcionario de la UE, familiarizado con los planes de von der Leyen, al &#8216;Financial Times&#8217;.<\/p>\n<p>Seg\u00fan declar\u00f3 el martes la portavoz de la Comisi\u00f3n, Paula Pinho, la nueva unidad \u00abcomplementar\u00e1 los servicios del Servicio Europeo de Acci\u00f3n Exterior y desempe\u00f1ar\u00e1 un papel clave en la preparaci\u00f3n del llamado <strong>Colegio de Seguridad<\/strong>\u00ab. El Colegio es la reuni\u00f3n de los 26 comisarios la presidenta de la Comisi\u00f3n. Este organismo se reuni\u00f3 por primera vez en marzo de este a\u00f1o, cuando <strong>la Comisi\u00f3n ampli\u00f3 su \u00e1mbito de responsabilidad en materia de seguridad<\/strong>.<\/p>\n<p>La posibilidad desata las cr\u00edticas de los diplom\u00e1ticos de la UE<\/p>\n<p>Los diplom\u00e1ticos comunitarios ya est\u00e1n criticando las estructuras duales y las luchas de poder que est\u00e1n surgiendo en el barrio europeo de Bruselas. <strong>Estos temen por su influencia<\/strong> -y en algunos casos por sus carreras- si prevalecen los planes de Von der Leyen. Aunque el plan a\u00fan no se ha presentado oficialmente a los 27 Estados miembros, <strong>se prev\u00e9 el env\u00edo de personal de servicios de inteligencia nacionales ante la nueva autoridad<\/strong>.<\/p>\n<p>Dos personas familiarizadas con el proceso han declarado al &#8216;Financial Times&#8217; que esperan que las capitales de la UE se muestren esc\u00e9pticas ante los planes de la Comisi\u00f3n de otorgar a Bruselas nuevos poderes de inteligencia y probablemente opongan resistencia. Al mismo tiempo, se\u00f1alan que desde hace tiempo existen <strong>dudas sobre la eficacia de las actuales estructuras de seguridad europeas<\/strong>, sobre todo en lo que respecta ante la guerra h\u00edbrida de Rusia.<\/p>\n<p>Aunque el proyecto est\u00e1 a\u00fan en fases preeliminares, el objetivo parece claro: <a href=\"https:\/\/es.euronews.com\/my-europe\/2025\/08\/05\/las-dos-caras-de-ursula-reinvencion-o-decepcion-al-frente-de-la-ue\" rel=\"nofollow noopener\" target=\"_blank\">Von der Leyen quiere reorganizar a fondo el aparato de seguridad europeo<\/a>. Tras la creaci\u00f3n de una academia de seguridad independiente para los comisarios y el armamento de toda la UE, el siguiente paso podr\u00eda ser un servicio de inteligencia independiente.<\/p>\n","protected":false},"excerpt":{"rendered":"Por&amp;nbspEuronews Publicado 11\/11\/2025 &#8211; 19:11 CET Ursula von der Leyen se propone crear su propio servicio de inteligencia,&hellip;\n","protected":false},"author":2,"featured_media":230829,"comment_status":"","ping_status":"","sticky":false,"template":"","format":"standard","meta":{"footnotes":""},"categories":[42],"tags":[17,18,2317,14205,13,14,11,61,62,63,64,29999,19,20,9,10,15,16,12,21,22,1617,1707,65,66,67],"class_list":{"0":"post-230828","1":"post","2":"type-post","3":"status-publish","4":"format-standard","5":"has-post-thumbnail","7":"category-internacional","8":"tag-breaking-news","9":"tag-breakingnews","10":"tag-bruselas","11":"tag-espionaje","12":"tag-featured-news","13":"tag-featurednews","14":"tag-headlines","15":"tag-internacional","16":"tag-international","17":"tag-international-news","18":"tag-internationalnews","19":"tag-kaja-kallas","20":"tag-latest-news","21":"tag-latestnews","22":"tag-news","23":"tag-noticias","24":"tag-noticias-destacadas","25":"tag-noticiasdestacadas","26":"tag-titulares","27":"tag-ultimas-noticias","28":"tag-ultimasnoticias","29":"tag-union-europea","30":"tag-ursula-von-der-leyen","31":"tag-world","32":"tag-world-news","33":"tag-worldnews"},"share_on_mastodon":{"url":"https:\/\/pubeurope.com\/@es\/115532488379873574","error":""},"_links":{"self":[{"href":"https:\/\/www.europesays.com\/es\/wp-json\/wp\/v2\/posts\/230828","targetHints":{"allow":["GET"]}}],"collection":[{"href":"https:\/\/www.europesays.com\/es\/wp-json\/wp\/v2\/posts"}],"about":[{"href":"https:\/\/www.europesays.com\/es\/wp-json\/wp\/v2\/types\/post"}],"author":[{"embeddable":true,"href":"https:\/\/www.europesays.com\/es\/wp-json\/wp\/v2\/users\/2"}],"replies":[{"embeddable":true,"href":"https:\/\/www.europesays.com\/es\/wp-json\/wp\/v2\/comments?post=230828"}],"version-history":[{"count":0,"href":"https:\/\/www.europesays.com\/es\/wp-json\/wp\/v2\/posts\/230828\/revisions"}],"wp:featuredmedia":[{"embeddable":true,"href":"https:\/\/www.europesays.com\/es\/wp-json\/wp\/v2\/media\/230829"}],"wp:attachment":[{"href":"https:\/\/www.europesays.com\/es\/wp-json\/wp\/v2\/media?parent=230828"}],"wp:term":[{"taxonomy":"category","embeddable":true,"href":"https:\/\/www.europesays.com\/es\/wp-json\/wp\/v2\/categories?post=230828"},{"taxonomy":"post_tag","embeddable":true,"href":"https:\/\/www.europesays.com\/es\/wp-json\/wp\/v2\/tags?post=230828"}],"curies":[{"name":"wp","href":"https:\/\/api.w.org\/{rel}","templated":true}]}}