{"id":230832,"date":"2025-11-11T18:31:11","date_gmt":"2025-11-11T18:31:11","guid":{"rendered":"https:\/\/www.europesays.com\/es\/230832\/"},"modified":"2025-11-11T18:31:11","modified_gmt":"2025-11-11T18:31:11","slug":"espana-pedira-a-la-comision-europea-propuestas-satisfactorias-para-la-flota-espanola","status":"publish","type":"post","link":"https:\/\/www.europesays.com\/es\/230832\/","title":{"rendered":"Espa\u00f1a pedir\u00e1 a la Comisi\u00f3n Europea propuestas satisfactorias para la flota espa\u00f1ola"},"content":{"rendered":"<p class=\"main-image\">&#13; <img decoding=\"async\" alt=\"El ministro de Agricultura, Pesca y Alimentaci\u00f3n, Luis Planas, durante la reuni\u00f3n de los Consejos Consultivos \" title=\"El ministro de Agricultura, Pesca y Alimentaci\u00f3n, Luis Planas, durante la reuni\u00f3n de los Consejos Consultivos \" src=\"https:\/\/www.europesays.com\/es\/wp-content\/uploads\/2025\/11\/111125-luis-planas.jpg\"\/>&#13;El ministro de Agricultura, Pesca y Alimentaci\u00f3n, Luis Planas, durante la reuni\u00f3n de los Consejos Consultivos de Pol\u00edtica Pesquera y Pol\u00edtica Agr\u00edcola para Asuntos Comunitarios&#13;&#13;<\/p>\n<p>Luis Planas ha destacado la dificultad del proceso, tanto en el Atl\u00e1ntico como en el Mediterr\u00e1neo, y ha subrayado la importancia de mantener un equilibrio entre la sostenibilidad de los recursos y la rentabilidad socioecon\u00f3mica del sector.<\/p>\n<p>As\u00ed se lo ha explicado a las comunidades aut\u00f3nomas en el marco del Consejo Consultivo de Pol\u00edtica Pesquera para Asuntos Comunitarios que se ha celebrado por videoconferencia para tratar los asuntos que se analizar\u00e1n en el pr\u00f3ximo Consejo de Ministros de Agricultura y Pesca la Uni\u00f3n Europea del pr\u00f3ximo 17 de noviembre.<\/p>\n<p>En el Mediterr\u00e1neo, el ministro ha recordado que la propuesta definitiva a\u00fan no se ha publicado, pero que las negociaciones se prev\u00e9n especialmente complejas debido a la aplicaci\u00f3n del nuevo marco a largo plazo, que establece l\u00edmites de captura y criterios de sostenibilidad m\u00e1s estrictos, as\u00ed como a las posibles reducciones de esfuerzo de pesca. Espa\u00f1a considera estas reducciones inasumibles ante la situaci\u00f3n l\u00edmite del sector, marcado por los esfuerzos ya realizados en materia de selectividad y sostenibilidad, como la obligaci\u00f3n de utilizar mallas m\u00e1s selectivas en toda la flota de arrastre, medidas que han sido financiadas por el Gobierno de Espa\u00f1a.<\/p>\n<p>El ministro ha insistido en que \u00abEspa\u00f1a defender\u00e1 que se consideren los factores socioecon\u00f3micos junto con los de conservaci\u00f3n\u00bb, especialmente para especies cr\u00edticas para la flota artesanal y de arrastre en el Cant\u00e1brico, Noroeste y Golfo de C\u00e1diz.<\/p>\n<p>Luis Planas ha anunciado que presentar\u00e1, junto a B\u00e9lgica, Francia, Italia, Pa\u00edses Bajos y Portugal, una propuesta conjunta para solicitar a la Comisi\u00f3n Europea la simplificaci\u00f3n y revisi\u00f3n de la Pol\u00edtica Pesquera Com\u00fan (PPC). Planas ha subrayado que \u00abes necesario adaptar la PPC al contexto actual, reforzando la soberan\u00eda alimentaria, la autonom\u00eda estrat\u00e9gica y la viabilidad socioecon\u00f3mica del sector\u00bb. Ha destacado que esta revisi\u00f3n debe responder a los retos del cambio clim\u00e1tico, la competencia por el espacio mar\u00edtimo y la preservaci\u00f3n de las comunidades costeras.<\/p>\n<p>Una PAC solida, aut\u00f3noma y con presupuesto suficiente<\/p>\n<p>Otro punto del orden del d\u00eda en la pr\u00f3xima reuni\u00f3n de ministros europeos ser\u00e1 la propuesta de la Pol\u00edtica Agraria Com\u00fan (PAC) post-2027, que introduce cambios en la distribuci\u00f3n de fondos.<\/p>\n<p>Planas ha insistido en la importancia de defender en Bruselas una posici\u00f3n constructiva y ambiciosa que asegure una PAC s\u00f3lida, aut\u00f3noma y dotada de presupuesto suficiente, \u00abcapaz de responder a los nuevos desaf\u00edos en seguridad alimentaria, sostenibilidad, rentabilidad del sector y relevo generacional de los agricultores\u00bb.<\/p>\n<p>Fortaleza del sector y diversificaci\u00f3n de mercados<\/p>\n<p>En materia de comercio agroalimentario, Luis Planas ha destacado que, aunque el contexto geopol\u00edtico internacional es inestable y complejo, Espa\u00f1a mantiene \u00abuna notable fortaleza, con exportaciones superiores a 77.000 millones de euros en el \u00faltimo a\u00f1o\u00bb, y ha resaltado la importancia de diversificar mercados.<\/p>\n<p>El ministro ha valorado los avances en la agenda europea, como el acuerdo Uni\u00f3n Europea-Mercosur, y ha se\u00f1alado la importancia de mantener relaciones comerciales estables con Estados Unidos. Seg\u00fan Planas, los \u00faltimos acuerdos con este pa\u00eds han evitado una guerra arancelaria y han beneficiado a sectores estrat\u00e9gicos para Espa\u00f1a, como el aceite de oliva y el vino, que \u00abhan podido mantener su competitividad\u00bb. En el primer semestre de 2025, las exportaciones de aceite de oliva a Estados Unidos aumentaron un 26 % en volumen.<\/p>\n<p>Sobre Ucrania, Planas ha destacado que \u00abes fundamental que la aplicaci\u00f3n del acuerdo de libre comercio mantenga el equilibrio entre apoyar al pa\u00eds y proteger a nuestros sectores sensibles\u00bb. Ha se\u00f1alado, adem\u00e1s, la especial atenci\u00f3n que se est\u00e1 prestando a productos estrat\u00e9gicos para Espa\u00f1a, como la miel, para la cual se han solicitado controles reforzados de origen que garanticen su trazabilidad y protejan la competitividad del sector nacional.<\/p>\n<p>Adem\u00e1s, el ministro ha se\u00f1alado los progresos en las negociaciones con Australia, Emiratos \u00c1rabes Unidos, India e Indonesia, y ha subrayado que \u00abla apertura comercial debe ir siempre acompa\u00f1ada de equilibrio y defensa de nuestros sectores m\u00e1s sensibles\u00bb.<\/p>\n","protected":false},"excerpt":{"rendered":"&#13; &#13;El ministro de Agricultura, Pesca y Alimentaci\u00f3n, Luis Planas, durante la reuni\u00f3n de los Consejos Consultivos de&hellip;\n","protected":false},"author":2,"featured_media":230833,"comment_status":"","ping_status":"","sticky":false,"template":"","format":"standard","meta":{"footnotes":""},"categories":[5],"tags":[517,2077,17,18,25,24,13,14,11,19,20,9,10,15,16,59225,2330,23,12,21,22],"class_list":{"0":"post-230832","1":"post","2":"type-post","3":"status-publish","4":"format-standard","5":"has-post-thumbnail","7":"category-titulares","8":"tag-actualidad","9":"tag-agricultura","10":"tag-breaking-news","11":"tag-breakingnews","12":"tag-es","13":"tag-espana","14":"tag-featured-news","15":"tag-featurednews","16":"tag-headlines","17":"tag-latest-news","18":"tag-latestnews","19":"tag-news","20":"tag-noticias","21":"tag-noticias-destacadas","22":"tag-noticiasdestacadas","23":"tag-pesca-y-alimentacion","24":"tag-prensa","25":"tag-spain","26":"tag-titulares","27":"tag-ultimas-noticias","28":"tag-ultimasnoticias"},"share_on_mastodon":{"url":"https:\/\/pubeurope.com\/@es\/115532496028092032","error":""},"_links":{"self":[{"href":"https:\/\/www.europesays.com\/es\/wp-json\/wp\/v2\/posts\/230832","targetHints":{"allow":["GET"]}}],"collection":[{"href":"https:\/\/www.europesays.com\/es\/wp-json\/wp\/v2\/posts"}],"about":[{"href":"https:\/\/www.europesays.com\/es\/wp-json\/wp\/v2\/types\/post"}],"author":[{"embeddable":true,"href":"https:\/\/www.europesays.com\/es\/wp-json\/wp\/v2\/users\/2"}],"replies":[{"embeddable":true,"href":"https:\/\/www.europesays.com\/es\/wp-json\/wp\/v2\/comments?post=230832"}],"version-history":[{"count":0,"href":"https:\/\/www.europesays.com\/es\/wp-json\/wp\/v2\/posts\/230832\/revisions"}],"wp:featuredmedia":[{"embeddable":true,"href":"https:\/\/www.europesays.com\/es\/wp-json\/wp\/v2\/media\/230833"}],"wp:attachment":[{"href":"https:\/\/www.europesays.com\/es\/wp-json\/wp\/v2\/media?parent=230832"}],"wp:term":[{"taxonomy":"category","embeddable":true,"href":"https:\/\/www.europesays.com\/es\/wp-json\/wp\/v2\/categories?post=230832"},{"taxonomy":"post_tag","embeddable":true,"href":"https:\/\/www.europesays.com\/es\/wp-json\/wp\/v2\/tags?post=230832"}],"curies":[{"name":"wp","href":"https:\/\/api.w.org\/{rel}","templated":true}]}}