{"id":230834,"date":"2025-11-11T18:36:19","date_gmt":"2025-11-11T18:36:19","guid":{"rendered":"https:\/\/www.europesays.com\/es\/230834\/"},"modified":"2025-11-11T18:36:19","modified_gmt":"2025-11-11T18:36:19","slug":"djokovic-anuncia-que-se-retirara-en-los-angeles-2028","status":"publish","type":"post","link":"https:\/\/www.europesays.com\/es\/230834\/","title":{"rendered":"Djokovic anuncia que se retirar\u00e1 en Los \u00c1ngeles 2028"},"content":{"rendered":"<p data-testid=\"wcl-typoNewsPerex\" itemprop=\"description\">Novak Djokovic (38) demuestra cada a\u00f1o que sigue siendo uno de los mejores tenistas del mundo a pesar de su edad. Esta temporada lo ha vuelto a dejar claro, llegando a semifinales en los cuatro torneos de Grand Slam y elevando su total de t\u00edtulos a 101. Hasta ahora, respond\u00eda de manera evasiva cuando le preguntaban sobre el final de su carrera, pero recientemente ha sido m\u00e1s concreto.<\/p>\n<p>Hasta ahora, a pesar de las m\u00faltiples ocasiones en las que se la ha preguntado a\u00a0<a href=\"https:\/\/www.flashscore.es\/jugador\/djokovic-novak\/AZg49Et9\/\" data-analytics-element=\"ARTICLE_TEXT_LINK\" data-analytics-alias=\"internal\" rel=\"nofollow noopener\" target=\"_blank\">Novak Djokovi\u0107<\/a> c\u00f3mo y cu\u00e1ndo pondr\u00e1 fin a su brillante carrera, el serbio siempre hab\u00eda dado respuestas poco claras. No se sent\u00eda preparado para retirarse y, mientras siguiera entre los mejores del mundo, quer\u00eda seguir compitiendo, superando sus propios l\u00edmites y batiendo r\u00e9cords, algo que sigue logrando.<\/p>\n<p><b>\u00abQuiero ver hasta d\u00f3nde puedo llegar. S\u00e9 que algunos desean que me retire, pero eso no est\u00e1 en mis planes a corto plazo\u00bb<\/b>, confes\u00f3 hace menos de un mes. Tras su triunfo el s\u00e1bado en Atenas, finalmente ha revelado sus intenciones sobre el final de su carrera.<\/p>\n<p><b>\u00abQuiero terminar mi carrera en los Juegos Ol\u00edmpicos de Los \u00c1ngeles en 2028, envuelto en la bandera de Serbia\u00bb<\/b>, reiter\u00f3 el serbio. Ya el a\u00f1o pasado, despu\u00e9s de conquistar la tan ansiada medalla de oro en Par\u00eds, mencion\u00f3 la posibilidad de defender ese preciado metal, algo que entonces parec\u00eda complicado. Sin embargo, este a\u00f1o ha vuelto a demostrar que sigue en la \u00e9lite mundial y su presencia en los Juegos Ol\u00edmpicos parece muy probable.<\/p>\n<p>A pesar de su renuncia a disputar las ATP Finals en Tur\u00edn, Djokovic acaba de completar una temporada sobresaliente. Es cierto que no ha sido tan espectacular como en sus mejores a\u00f1os, pero teniendo en cuenta su edad, no tiene nada que reprocharse. Ha luchado por un puesto en la final en cada uno de los cuatro Grand Slam, conquist\u00f3 su t\u00edtulo n\u00famero 100 en Ginebra y sum\u00f3 otro m\u00e1s la semana pasada en Atenas.<\/p>\n<p>Gracias a su victoria en Grecia, ha ascendido al cuarto puesto del ranking mundial y, detr\u00e1s de <a href=\"https:\/\/www.flashscore.es\/jugador\/alcaraz-garfia-carlos\/UkhgIFEq\/\" data-analytics-element=\"ARTICLE_TEXT_LINK\" data-analytics-alias=\"internal\" rel=\"nofollow noopener\" target=\"_blank\">Carlos Alcaraz<\/a> y <a href=\"https:\/\/www.flashscore.es\/jugador\/sinner-jannik\/6HdC3z4H\/\" data-analytics-element=\"ARTICLE_TEXT_LINK\" data-analytics-alias=\"internal\" rel=\"nofollow noopener\" target=\"_blank\">Jannik Sinner<\/a>, quienes dominan el tenis masculino, ha sido el tercer jugador m\u00e1s regular de la temporada. Para conseguir una cantidad de puntos similar, ha disputado muchos menos torneos que el tercero, <a href=\"https:\/\/www.flashscore.es\/jugador\/zverev-alexander\/dGbUhw9m\/\" data-analytics-element=\"ARTICLE_TEXT_LINK\" data-analytics-alias=\"internal\" rel=\"nofollow noopener\" target=\"_blank\">Alexander Zverev<\/a>.<\/p>\n","protected":false},"excerpt":{"rendered":"Novak Djokovic (38) demuestra cada a\u00f1o que sigue siendo uno de los mejores tenistas del mundo a pesar&hellip;\n","protected":false},"author":2,"featured_media":230835,"comment_status":"","ping_status":"","sticky":false,"template":"","format":"standard","meta":{"footnotes":""},"categories":[274],"tags":[168,25,24,23,167,327,326],"class_list":{"0":"post-230834","1":"post","2":"type-post","3":"status-publish","4":"format-standard","5":"has-post-thumbnail","7":"category-tenis","8":"tag-deportes","9":"tag-es","10":"tag-espana","11":"tag-spain","12":"tag-sports","13":"tag-tenis","14":"tag-tennis"},"share_on_mastodon":{"url":"https:\/\/pubeurope.com\/@es\/115532515428446451","error":""},"_links":{"self":[{"href":"https:\/\/www.europesays.com\/es\/wp-json\/wp\/v2\/posts\/230834","targetHints":{"allow":["GET"]}}],"collection":[{"href":"https:\/\/www.europesays.com\/es\/wp-json\/wp\/v2\/posts"}],"about":[{"href":"https:\/\/www.europesays.com\/es\/wp-json\/wp\/v2\/types\/post"}],"author":[{"embeddable":true,"href":"https:\/\/www.europesays.com\/es\/wp-json\/wp\/v2\/users\/2"}],"replies":[{"embeddable":true,"href":"https:\/\/www.europesays.com\/es\/wp-json\/wp\/v2\/comments?post=230834"}],"version-history":[{"count":0,"href":"https:\/\/www.europesays.com\/es\/wp-json\/wp\/v2\/posts\/230834\/revisions"}],"wp:featuredmedia":[{"embeddable":true,"href":"https:\/\/www.europesays.com\/es\/wp-json\/wp\/v2\/media\/230835"}],"wp:attachment":[{"href":"https:\/\/www.europesays.com\/es\/wp-json\/wp\/v2\/media?parent=230834"}],"wp:term":[{"taxonomy":"category","embeddable":true,"href":"https:\/\/www.europesays.com\/es\/wp-json\/wp\/v2\/categories?post=230834"},{"taxonomy":"post_tag","embeddable":true,"href":"https:\/\/www.europesays.com\/es\/wp-json\/wp\/v2\/tags?post=230834"}],"curies":[{"name":"wp","href":"https:\/\/api.w.org\/{rel}","templated":true}]}}