{"id":230840,"date":"2025-11-11T18:41:13","date_gmt":"2025-11-11T18:41:13","guid":{"rendered":"https:\/\/www.europesays.com\/es\/230840\/"},"modified":"2025-11-11T18:41:13","modified_gmt":"2025-11-11T18:41:13","slug":"de-su-mujer-y-donante-de-rinon-angela-a-su-hijo-ingeniero-de-23-anos","status":"publish","type":"post","link":"https:\/\/www.europesays.com\/es\/230840\/","title":{"rendered":"de su mujer y donante de ri\u00f1\u00f3n, \u00c1ngela, a su hijo ingeniero de 23 a\u00f1os"},"content":{"rendered":"<p class=\"paragraph\" id=\"paragraph_1\"><strong>\u00abMi mujer me ha donado un ri\u00f1\u00f3n, ten\u00eda las arterias hechas una mierda de tanto fumar\u00bb<\/strong>. As\u00ed de sincero se mostr\u00f3 <a href=\"https:\/\/www.elespanol.com\/corazon\/famosos\/20251109\/fernando-onega-salud-mujer-donado-rinon-arterias-hechas-mierda-fumar\/1003744005820_0.html?utm_cmp_rs=linksinline\" rel=\"nofollow noopener\" target=\"_blank\"><strong>Fernando \u00d3nega<\/strong><\/a> (78 a\u00f1os) este pasado fin de semana en Plano General, el programa de La 2 conducido por Jenaro Castro (64).<\/p>\n<p class=\"paragraph\" id=\"paragraph_2\">Tras m\u00e1s de tres a\u00f1os apartado de los medios de comunicaci\u00f3n, el respetado periodista aprovech\u00f3 su charla en la cadena p\u00fablica para confesar algunos de los cap\u00edtulos m\u00e1s destacados de su vida. As\u00ed, \u00d3nega comparti\u00f3 con los espectadores cuando, en 2021, recibi\u00f3 <a href=\"https:\/\/www.elespanol.com\/corazon\/famosos\/20251109\/fernando-onega-salud-mujer-donado-rinon-arterias-hechas-mierda-fumar\/1003744005820_0.html?utm_cmp_rs=linksinline\" rel=\"nofollow noopener\" target=\"_blank\"><strong>un \u00f3rgano donado<\/strong><\/a> por su esposa, <strong>\u00c1ngela Rodrigo<\/strong>.<\/p>\n<p class=\"paragraph\" id=\"paragraph_3\"><strong>\u00abMi mujer se ofreci\u00f3 desde el primer instante\u00bb<\/strong>, asever\u00f3 en el espacio de La 2 Fernando. Adem\u00e1s, afirm\u00f3 p\u00fablicamente que de ella podr\u00eda decir \u00abmillones de cosas a favor\u00bb.<\/p>\n<p><img loading=\"lazy\" decoding=\"async\" alt=\"Fernando \u00d3nega, con sus hijas Cristina y Sonsoles, en la ceremonia de investidura como Acad\u00e9mico de Honor de la Real Academia Europea de Doctores (RAED) en Madrid.\" height=\"180\" src=\"https:\/\/www.europesays.com\/es\/wp-content\/uploads\/2025\/11\/1003744005883_259832190_320x180.jpg\" width=\"320\" data-lazy-status=\"processed\" data-lazy-info=\"remove loading item 1\"\/><\/p>\n<p><img decoding=\"async\" alt=\"Fernando \u00d3nega, en su entrevista con Jenaro Castro, como invitado de 'Plano general', en La 2.\" data-imgm=\"true\" height=\"180\" loading=\"lazy\"  src=\"https:\/\/www.europesays.com\/es\/wp-content\/uploads\/2025\/11\/1003744005827_259831495_1024x576.jpg\"  width=\"320\"\/><\/p>\n<p>                                                            Fernando \u00d3nega, en su entrevista con Jenaro Castro, como invitado de &#8216;Plano general&#8217;, en La 2.<\/p>\n<p class=\"paragraph\" id=\"paragraph_4\">Fernando \u00d3nega es uno de esos periodistas que quedar\u00e1n siempre para el recuerdo. Sin embargo, la discreci\u00f3n ha sido llevada por bandera en su vida privada. De ah\u00ed que sean <strong>escasos los detalles que se conozcan acerca de su faceta m\u00e1s \u00edntima<\/strong>.<\/p>\n<p class=\"paragraph\" id=\"paragraph_5\">Sus \u00faltimas declaraciones, no obstante, han vuelto a poner recientemente al importante comunicador en el foco medi\u00e1tico tras sincerarse sobre uno de los sucesos m\u00e1s importantes de su vida. Pero,<strong> \u00bfqui\u00e9n es qui\u00e9n en la familia que ha arropado estos a\u00f1os a Fernando \u00d3nega?<\/strong><\/p>\n<p class=\"paragraph\" id=\"paragraph_6\"><strong>1. Su mujer | \u00c1ngela Rodrigo<\/strong><\/p>\n<p><img decoding=\"async\" alt=\"Fernando \u00d3nega, junto a su mujer, \u00c1ngela Rodrigo, y sus tres hijos, Fernando Jr., Cristina y Sonsoles, en Madrid el pasado mes de marzo.\" data-imgm=\"true\" height=\"180\" loading=\"lazy\"  src=\"https:\/\/www.europesays.com\/es\/wp-content\/uploads\/2025\/11\/1003744008266_259863435_1024x576.jpg\"  width=\"320\"\/><\/p>\n<p>                                                            Fernando \u00d3nega, junto a su mujer, \u00c1ngela Rodrigo, y sus tres hijos, Fernando Jr., Cristina y Sonsoles, en Madrid el pasado mes de marzo.<\/p>\n<p>                    Gtres<\/p>\n<p class=\"paragraph\" id=\"paragraph_8\">Fernando y \u00c1ngela contrajeron matrimonio en el <strong>2000<\/strong>. 25 a\u00f1os m\u00e1s tarde, contin\u00faan juntos, aunque cierto es que escasos son los detalles que se conocen acerca de su historia de amor. De hecho, pr\u00e1cticamente <strong>no existen fotograf\u00edas p\u00fablicas<\/strong> de la dupla.<\/p>\n<p class=\"paragraph\" id=\"paragraph_9\">El pasado 13 de marzo, la Real Academia Europea de Doctores (RAED) reconoci\u00f3 al periodista como acad\u00e9mico de honor. Al acto de investidura, celebrado en el <strong>Paraninfo de la Universidad Complutense de Madrid<\/strong>, acudi\u00f3 una discreta \u00c1ngela Rodrigo, que no dud\u00f3 en mostrar la emoci\u00f3n de presenciar tal evento.<\/p>\n<p class=\"paragraph\" id=\"paragraph_10\">Junto a \u00c1ngela, el comunicador es padre de <strong>Fernando<\/strong>, un joven de 23 a\u00f1os igual de discreto que su madre y del que apenas se conocen datos. En el a\u00f1o 2012, todos ellos disfrutaron de <strong>unas vacaciones en la comarca gallega del Barbanza<\/strong>.<\/p>\n<p class=\"paragraph\" id=\"paragraph_11\">Seg\u00fan revel\u00f3 entonces El Correo Gallego, Fernando y \u00c1ngela tuvieron la oportunidad de plantar un \u00e1rbol junto a su \u00fanico v\u00e1stago en com\u00fan.<\/p>\n<p class=\"paragraph\" id=\"paragraph_12\">Lo hicieron en <strong>el Parque da Comunicaci\u00f3n de Boiro<\/strong> y en presencia del secretario general de Medios, Alfonso Cabaleiro Dur\u00e1n, y del alcalde de Boiro, Juan Jos\u00e9 Dieste Ortigueira.<\/p>\n<p class=\"paragraph\" id=\"paragraph_13\"><strong>2. Su hija mayor | Cristina \u00d3nega <\/strong><\/p>\n<p><img decoding=\"async\" alt=\"Cristina \u00d3nega, directora del Canal 24 Horas\" data-imgm=\"true\" height=\"180\" loading=\"lazy\"  src=\"https:\/\/www.europesays.com\/es\/wp-content\/uploads\/2025\/11\/335981090_169506616_1024x576.jpg\"  width=\"320\"\/><\/p>\n<p>                                                            Cristina \u00d3nega, directora del Canal 24 Horas<\/p>\n<p class=\"paragraph\" id=\"paragraph_15\">Es la hija mayor de Fernando y su anterior esposa,<strong> Marisol Salcedo<\/strong>. Aunque ha seguido los pasos de su padre, lo cierto es que se ha decantado por un perfil p\u00fablico m\u00e1s bajo.<\/p>\n<p class=\"paragraph\" id=\"paragraph_16\">Es licenciada en Periodismo por la Universidad CEU San Pablo e inici\u00f3 s<strong>u carrera en RTVE en 1996<\/strong>. Desde 2018, dirige el Canal 24 Horas de Televisi\u00f3n Espa\u00f1ola, consolid\u00e1ndose como una de las figuras clave detr\u00e1s de las c\u00e1maras.<\/p>\n<p class=\"paragraph\" id=\"paragraph_17\">Entre sus proyectos laborales m\u00e1s destacados destaca el<strong> Premio Larra en el a\u00f1o 2005<\/strong>. En cuanto a su vida personal, siempre ha sido muy discreta y se sabe poco al respecto. De hecho, su perfil en redes sociales es privado.<\/p>\n<p class=\"paragraph\" id=\"paragraph_18\">Al igual que \u00c1ngela Rodrigo, no dud\u00f3 en romper la barrera de la discreci\u00f3n el pasado mes de marzo para<strong> arropar a su padre<\/strong> al ser distinguido como acad\u00e9mico de honor.<\/p>\n<p class=\"paragraph\" id=\"paragraph_19\"><strong>3. Su hija mediana | Sonsoles \u00d3nega <\/strong><\/p>\n<p><img decoding=\"async\" alt=\"Sonsoles \u00d3nega, en una imagen reciente.\" data-imgm=\"true\" height=\"180\" loading=\"lazy\"  src=\"https:\/\/www.europesays.com\/es\/wp-content\/uploads\/2025\/11\/1003743994052_259682041_1024x576.jpg\"  width=\"320\"\/><\/p>\n<p>                                                            Sonsoles \u00d3nega, en una imagen reciente.<\/p>\n<p>                    Gtres<\/p>\n<p class=\"paragraph\" id=\"paragraph_21\"><strong\/>Nadie puede poner en duda que se ha convertido con el paso de los a\u00f1os en una de las periodistas m\u00e1s consagradas del pa\u00eds. Tras varios a\u00f1os en Mediaset, finalmente en el a\u00f1o 2022 fich\u00f3 por <strong>Atresmedia<\/strong>.<\/p>\n<p class=\"paragraph\" id=\"paragraph_22\">Desde entonces, presenta el programa diario<strong> Y ahora Sonsoles<\/strong> en las tardes de Antena 3. Adem\u00e1s de su faceta televisiva, ha desarrollado proyectos como escritora. Entre ellos se encuentran Las hijas de la criada o Despu\u00e9s del amor. La primera de ellas le otorg\u00f3 el <strong>Premio Planeta en el a\u00f1o 2023<\/strong>.<\/p>\n<p class=\"paragraph\" id=\"paragraph_23\">Su padre, cabe mencionar, ha sido una figura fundamental en su carrera profesional. <strong>\u00abSigue siendo mi comod\u00edn de la llamada cuando tengo dudas en el d\u00eda a d\u00eda del programa. Es mi gran maestro\u00bb<\/strong>, confes\u00f3 Sonsoles en su programa televisivo unos meses atr\u00e1s.<\/p>\n<p class=\"paragraph\" id=\"paragraph_24\">En el \u00e1mbito personal, Sonsoles tiene dos hijos, fruto de su primer matrimonio con el abogado Carlos Pardo, del que se separ\u00f3 a principios de 2020. Ahora, mantiene una discreta relaci\u00f3n con <strong>un financiero de 52 a\u00f1os, llamado Juan Montes<\/strong>.<\/p>\n<p class=\"paragraph\" id=\"paragraph_25\"><strong>4. Su hijo peque\u00f1o | Fernando \u00d3nega Jr. <\/strong><\/p>\n<p class=\"paragraph\" id=\"paragraph_26\">El pasado mes de junio, el hijo menos conocido de Fernando \u00d3nega cumpli\u00f3 23 a\u00f1os. Pese a la diferencia de edad con sus hermanas mayores, mantiene <strong>una estrecha relaci\u00f3n con ambas<\/strong>.<\/p>\n<p class=\"paragraph\" id=\"paragraph_27\">En junio de 2023, Sonsoles \u00d3nega public\u00f3 una fotograf\u00eda junto a \u00e9l y otro familiar, llamado Jaime Romero \u00d3nega, en las instalaciones de Antena 3 durante la celebraci\u00f3n del D\u00eda Mundial del Perro en el Trabajo. En la imagen, <strong>se mostraban sonriendo y disfrutando junto a su mascota<\/strong>.<\/p>\n<p class=\"paragraph\" id=\"paragraph_28\">Fernando \u00d3nega Jr. no ha optado por centrar su carrera profesional en el mundo de la comunicaci\u00f3n. As\u00ed, ha optado por enfocarse en <strong>Ingenier\u00eda Inform\u00e1tica en la Universidad Aut\u00f3noma de Madrid<\/strong>. Posteriormente, se especializ\u00f3 en el desarrollo de software e inteligencia artificial.<\/p>\n","protected":false},"excerpt":{"rendered":"\u00abMi mujer me ha donado un ri\u00f1\u00f3n, ten\u00eda las arterias hechas una mierda de tanto fumar\u00bb. As\u00ed de&hellip;\n","protected":false},"author":2,"featured_media":230841,"comment_status":"","ping_status":"","sticky":false,"template":"","format":"standard","meta":{"footnotes":""},"categories":[174],"tags":[255,146,147,25,24,256,166,2056,23],"class_list":{"0":"post-230840","1":"post","2":"type-post","3":"status-publish","4":"format-standard","5":"has-post-thumbnail","7":"category-famosos","8":"tag-celebrities","9":"tag-entertainment","10":"tag-entretenimiento","11":"tag-es","12":"tag-espana","13":"tag-famosos","14":"tag-salud","15":"tag-sonsoles-onega","16":"tag-spain"},"share_on_mastodon":{"url":"https:\/\/pubeurope.com\/@es\/115532535455138282","error":""},"_links":{"self":[{"href":"https:\/\/www.europesays.com\/es\/wp-json\/wp\/v2\/posts\/230840","targetHints":{"allow":["GET"]}}],"collection":[{"href":"https:\/\/www.europesays.com\/es\/wp-json\/wp\/v2\/posts"}],"about":[{"href":"https:\/\/www.europesays.com\/es\/wp-json\/wp\/v2\/types\/post"}],"author":[{"embeddable":true,"href":"https:\/\/www.europesays.com\/es\/wp-json\/wp\/v2\/users\/2"}],"replies":[{"embeddable":true,"href":"https:\/\/www.europesays.com\/es\/wp-json\/wp\/v2\/comments?post=230840"}],"version-history":[{"count":0,"href":"https:\/\/www.europesays.com\/es\/wp-json\/wp\/v2\/posts\/230840\/revisions"}],"wp:featuredmedia":[{"embeddable":true,"href":"https:\/\/www.europesays.com\/es\/wp-json\/wp\/v2\/media\/230841"}],"wp:attachment":[{"href":"https:\/\/www.europesays.com\/es\/wp-json\/wp\/v2\/media?parent=230840"}],"wp:term":[{"taxonomy":"category","embeddable":true,"href":"https:\/\/www.europesays.com\/es\/wp-json\/wp\/v2\/categories?post=230840"},{"taxonomy":"post_tag","embeddable":true,"href":"https:\/\/www.europesays.com\/es\/wp-json\/wp\/v2\/tags?post=230840"}],"curies":[{"name":"wp","href":"https:\/\/api.w.org\/{rel}","templated":true}]}}